{"id":61510,"date":"2026-04-14T17:35:57","date_gmt":"2026-04-14T20:35:57","guid":{"rendered":"https:\/\/guialimeira.com.br\/15-proposicoes-sao-analisadas-pela-comissao-de-constituicao-justica-e-redacao\/"},"modified":"2026-04-14T17:35:57","modified_gmt":"2026-04-14T20:35:57","slug":"15-proposicoes-sao-analisadas-pela-comissao-de-constituicao-justica-e-redacao","status":"publish","type":"post","link":"https:\/\/guialimeira.com.br\/news\/15-proposicoes-sao-analisadas-pela-comissao-de-constituicao-justica-e-redacao\/","title":{"rendered":"15 proposi\u00e7\u00f5es s\u00e3o analisadas pela Comiss\u00e3o de Constitui\u00e7\u00e3o, Justi\u00e7a e Reda\u00e7\u00e3o"},"content":{"rendered":"<p>15 proposi\u00e7\u00f5es s\u00e3o analisadas pela Comiss\u00e3o de Constitui\u00e7\u00e3o, Justi\u00e7a e Reda\u00e7\u00e3o<\/p>\n<p>Nesta ter\u00e7a-feira, 14 de abril, 15 proposituras foram analisadas pela Comiss\u00e3o de Constitui\u00e7\u00e3o, Justi\u00e7a e Reda\u00e7\u00e3o (CCJR) da C\u00e2mara. Quatro receberam pareceres favor\u00e1veis e tramitam para as demais comiss\u00f5es permanentes da Casa, uma recebeu parecer contr\u00e1rio e foi arquivada e as demais permanecem em estudo ou foram encaminhadas para an\u00e1lise da Procuradoria Legislativa, conforme registro em ata.<\/p>\n<p>A CCJR analisa os aspectos constitucional, legal, regimental, gramatical e l\u00f3gico de todas as proposi\u00e7\u00f5es que tramitam na C\u00e2mara. Fazem parte da Comiss\u00e3o as vereadoras Mara Isa Mattos Silveira (PL), presidente; Mariana Calsa (PSB), vice-presidente; e Joyce Dias (PSD), secret\u00e1ria.<\/p>\n<p>Confira as proposituras com pareceres favor\u00e1veis:<\/p>\n<p>Projeto de Decreto Legislativo N\u00ba 7\/2026, do vereador Everton Ferreira (PSD), denomina a Tribuna Livre da C\u00e2mara Municipal de Limeira como \u201cTribuna Livre Professora Eliza Gabriel da Costa\u201d.<\/p>\n<p>Projeto de Decreto Legislativo N\u00ba 8\/2026, do vereador Guilherme Guido (PL), concede o T\u00edtulo de Cidad\u00e3 Limeirense a Cristiana de Castro Moraes, conselheira e presidente do Tribunal de Contas do Estado de S\u00e3o Paulo, pelos servi\u00e7os prestados a Limeira.<\/p>\n<p>Projeto de Decreto Legislativo N\u00ba 9\/2026, do vereador Guilherme Guido (PL), concede o T\u00edtulo de Cidad\u00e3o Limeirense a Massaru Nagao, pelos servi\u00e7os prestados a Limeira.<\/p>\n<p>Projeto de Decreto Legislativo N\u00ba 10\/2026, da vereadora Bruna Magalh\u00e3es (PRTB), concede o T\u00edtulo de Cidad\u00e3o Limeirense a Mateus Marcos de Mesquita, pelos servi\u00e7os prestados a Limeira.<\/p>\n<p>Propositura com parecer contr\u00e1rio:<\/p>\n<p>Substitutivo N\u00ba 4 ao Projeto de Lei N\u00ba 1\/2026, do vereador Costa Junior (Podemos), institui a \u201cLei Tainara\u201d para estabelecer princ\u00edpios e normas gerais suplementares para o ressarcimento ao er\u00e1rio p\u00fablico, pelo condenado com tr\u00e2nsito em julgado, dos custos relativos aos servi\u00e7os de sa\u00fade prestados para o total tratamento das v\u00edtimas em situa\u00e7\u00e3o de viol\u00eancia dom\u00e9stica e familiar.<\/p>\n<hr>\n<p><em>Fonte: <a href=\"https:\/\/www.limeira.sp.leg.br\/noticias\/view\/2026-04-14_15-proposicoes-sao-analisadas-pela-comissao-de-constituicao-justica-e-redacao\" target=\"_blank\" rel=\"noopener\">C\u00e2mara Municipal de Limeira<\/a><\/em><\/p>\n","protected":false},"excerpt":{"rendered":"<p>15 proposi\u00e7\u00f5es s\u00e3o analisadas pela Comiss\u00e3o de Constitui\u00e7\u00e3o, Justi\u00e7a e Reda\u00e7\u00e3o<\/p>\n<p>Nesta ter\u00e7a-feira, 14 de abril, 15 proposituras foram analisadas pela Comiss\u00e3o de Constitui\u00e7\u00e3o, Justi\u00e7a e Reda\u00e7\u00e3o (CCJR) da C\u00e2mara. Quatro receberam pareceres favor\u00e1veis e tramitam para as demais comiss\u00f5es permanentes da<\/p>\n","protected":false},"author":4,"featured_media":61509,"comment_status":"","ping_status":"open","sticky":false,"template":"","format":"standard","meta":{"_jetpack_newsletter_access":"","_jetpack_dont_email_post_to_subs":false,"_jetpack_newsletter_tier_id":0,"_jetpack_memberships_contains_paywalled_content":false,"_mbp_banners":[],"_jetpack_feature_clip_id":0,"_jetpack_memberships_contains_paid_content":false,"footnotes":"","jetpack_publicize_message":"","jetpack_publicize_feature_enabled":true,"jetpack_social_post_already_shared":true,"jetpack_social_options":{"image_generator_settings":{"template":"highway","default_image_id":0,"font":"","enabled":false},"version":2},"jetpack_post_was_ever_published":false},"categories":[19],"tags":[],"class_list":["post-61510","post","type-post","status-publish","format-standard","has-post-thumbnail","category-politica"],"jetpack_publicize_connections":[],"jetpack-related-posts":[],"jetpack_shortlink":"https:\/\/wp.me\/p7Eq1F-g06","jetpack_sharing_enabled":true,"jetpack_featured_media_url":"https:\/\/i0.wp.com\/guialimeira.com.br\/news\/wp-content\/uploads\/2026\/04\/noticia-camara-82.jpg?fit=1280%2C640&ssl=1","_links":{"self":[{"href":"https:\/\/guialimeira.com.br\/news\/wp-json\/wp\/v2\/posts\/61510","targetHints":{"allow":["GET"]}}],"collection":[{"href":"https:\/\/guialimeira.com.br\/news\/wp-json\/wp\/v2\/posts"}],"about":[{"href":"https:\/\/guialimeira.com.br\/news\/wp-json\/wp\/v2\/types\/post"}],"author":[{"embeddable":true,"href":"https:\/\/guialimeira.com.br\/news\/wp-json\/wp\/v2\/users\/4"}],"replies":[{"embeddable":true,"href":"https:\/\/guialimeira.com.br\/news\/wp-json\/wp\/v2\/comments?post=61510"}],"version-history":[{"count":0,"href":"https:\/\/guialimeira.com.br\/news\/wp-json\/wp\/v2\/posts\/61510\/revisions"}],"wp:featuredmedia":[{"embeddable":true,"href":"https:\/\/guialimeira.com.br\/news\/wp-json\/wp\/v2\/media\/61509"}],"wp:attachment":[{"href":"https:\/\/guialimeira.com.br\/news\/wp-json\/wp\/v2\/media?parent=61510"}],"wp:term":[{"taxonomy":"category","embeddable":true,"href":"https:\/\/guialimeira.com.br\/news\/wp-json\/wp\/v2\/categories?post=61510"},{"taxonomy":"post_tag","embeddable":true,"href":"https:\/\/guialimeira.com.br\/news\/wp-json\/wp\/v2\/tags?post=61510"}],"curies":[{"name":"wp","href":"https:\/\/api.w.org\/{rel}","templated":true}]}}