{"id":6150,"date":"2024-05-23T17:31:49","date_gmt":"2024-05-23T20:31:49","guid":{"rendered":"https:\/\/guialimeira.com.br\/2024\/05\/23\/dia-do-orgulho-nerd-e-nova-exposicao-no-museu-da-lingua-portuguesa\/"},"modified":"2024-05-23T17:31:49","modified_gmt":"2024-05-23T20:31:49","slug":"dia-do-orgulho-nerd-e-nova-exposicao-no-museu-da-lingua-portuguesa","status":"publish","type":"post","link":"https:\/\/guialimeira.com.br\/news\/dia-do-orgulho-nerd-e-nova-exposicao-no-museu-da-lingua-portuguesa\/","title":{"rendered":"Dia do Orgulho Nerd e nova exposi\u00e7\u00e3o no Museu da L\u00edngua Portuguesa"},"content":{"rendered":"<p> <br \/>\n<\/p>\n<div id=\"\">&#13;<br \/>\n                                <!-- Title -->&#13;<br \/>\n                                &#13;<br \/>\n&#13;<br \/>\n                                <!-- Excerpt -->&#13;<\/p>\n<p class=\"excerpt\">Confira as dicas culturais para aproveitar na capital paulista e no interior do estado<\/p>\n<p>&#13;<br \/>\n&#13;<br \/>\n                                &#13;\n                            <\/p><\/div>\n<div id=\"\">&#13;<\/p>\n<p><iframe loading=\"lazy\" title=\"Fim de semana tem Dia do Orgulho Nerd e exposi\u00e7\u00e3o nova no Museu da L\u00edngua Portuguesa by Governo do Estado de S\u00e3o Paulo\" width=\"587\" height=\"330\" scrolling=\"no\" frameborder=\"no\" src=\"https:\/\/w.soundcloud.com\/player\/?visual=true&amp;url=https%3A%2F%2Fapi.soundcloud.com%2Ftracks%2F1828715934&amp;show_artwork=true&amp;maxheight=330&amp;maxwidth=587\"><\/iframe><\/p>\n<p>\u00a0<\/p>\n<p>Uma das dicas culturais para este fim de semana \u00e9 o <a href=\"https:\/\/www.orgulhonerd.sp.gov.br\/\" rel=\"noopener\">Dia do Orgulho Nerd<\/a>, que ocorre neste\u00a0 s\u00e1bado (25), no Pavilh\u00e3o da Bienal, no Parque Ibirapuera, em S\u00e3o Paulo. O evento in\u00e9dito, realizado pela Secretaria da Cultura, Economia e Ind\u00fastria Criativas, marca a inclus\u00e3o da data no calend\u00e1rio paulista. A programa\u00e7\u00e3o conta com desfile de cosplay, exposi\u00e7\u00f5es, esta\u00e7\u00f5es de jogos, exibi\u00e7\u00e3o de animes, shows e muito mais. O festival \u00e9 totalmente gratuito, come\u00e7a \u00e0s 10h e vai at\u00e9 \u00e0s 22h.<\/p>\n<figure id=\"attachment_5890217\" style=\"width: 100%;max-width: 661px\" class=\"wp-caption alignnone\"><img data-recalc-dims=\"1\" decoding=\"async\" loading=\"lazy\" class=\" wp-image-5890217\" src=\"https:\/\/i0.wp.com\/www.saopaulo.sp.gov.br\/wp-content\/uploads\/2024\/05\/gettyimages-2091630661-170667a-300x200.jpg?resize=661%2C440&#038;ssl=1\" alt=\"\" width=\"661\" height=\"440\" srcset=\"https:\/\/www.saopaulo.sp.gov.br\/wp-content\/uploads\/2024\/05\/gettyimages-2091630661-170667a-300x200.jpg 300w, https:\/\/www.saopaulo.sp.gov.br\/wp-content\/uploads\/2024\/05\/gettyimages-2091630661-170667a.jpg 509w\" sizes=\"auto, (max-width: 661px) 100vw, 661px\"\/><figcaption class=\"wp-caption-text\">Dia do Orgulho Nerd ter\u00e1 desfile de cosplay, exposi\u00e7\u00f5es, esta\u00e7\u00f5es de jogos, exibi\u00e7\u00e3o de animes, shows e muito mais<\/figcaption><\/figure>\n<p>J\u00e1 para o p\u00fablico infantil, o Teatro S\u00e9rgio Cardoso realiza uma temporada de <a href=\"https:\/\/www.cultura.sp.gov.br\/palco-semente-sabesp-leva-ao-teatro-sergio-cardoso-temporada-gratuita-de-espetaculos-infantis\/\" rel=\"noopener\">espet\u00e1culos gratuitos<\/a>. Ser\u00e3o 30 atra\u00e7\u00f5es para crian\u00e7as at\u00e9 setembro, que incluem apresenta\u00e7\u00f5es musicais, teatrais e muito mais. E para quem quiser acompanhar, haver\u00e1 apresenta\u00e7\u00f5es no domingo (26) e na ter\u00e7a-feira (28). Os ingressos, gratuitos, podem ser retirados na bilheteria do teatro uma hora antes das apresenta\u00e7\u00f5es e o espa\u00e7o est\u00e1 sujeito \u00e0 lota\u00e7\u00e3o.<\/p>\n<p>No Museu da L\u00edngua Portuguesa, come\u00e7a neste fim de semana a exposi\u00e7\u00e3o: <a href=\"https:\/\/www.museudalinguaportuguesa.org.br\/nova-exposicao-temporaria-linguas-africanas-que-fazem-o-brasil-abre-no-dia-24-de-maio\/\" rel=\"noopener\">\u201cL\u00ednguas africanas que fazem o Brasil\u201d<\/a>. A mostra traz a presen\u00e7a e contribui\u00e7\u00e3o das l\u00ednguas africanas no dia a dia do povo brasileiro, seja na entona\u00e7\u00e3o, no vocabul\u00e1rio, na pron\u00fancia ou na forma de construir o pensamento. A exposi\u00e7\u00e3o fica em cartaz at\u00e9 janeiro de 2025.<\/p>\n<p>Mais uma das dicas culturais vai para o Edif\u00edcio Oswald de Andrade, no s\u00e1bado (25), ocorre a oficina de dan\u00e7a cl\u00e1ssica, com a professora e ensaiadora da S\u00e3o Paulo Companhia de Dan\u00e7a, Beatriz Hack. As aulas s\u00e3o gratuitas, com capacidade de 25 pessoas.<\/p>\n<p>E est\u00e3o abertas as inscri\u00e7\u00f5es para a 3\u00aa edi\u00e7\u00e3o do Concurso de Cr\u00f4nicas do Museu do Futebol. O tema deste ano ser\u00e1 \u201cO futebol na v\u00e1rzea\u201d. O concurso vai premiar as 20 melhores cr\u00f4nicas esportivas e os pr\u00eamios poder\u00e3o chegar a R$ 7 mil. As inscri\u00e7\u00f5es poder\u00e3o ser feitas at\u00e9 o dia 20 de junho. Para mais informa\u00e7\u00f5es, acesse o site <a href=\"http:\/\/museudofutebol.org.br\" rel=\"noopener\">museudofutebol.org.br<\/a>.<\/p>\n<p>\u00a0<\/p>\n<\/p><\/div>\n<p><br \/>\n<br \/><a href=\"https:\/\/www.saopaulo.sp.gov.br\/spnoticias\/ultimas-noticias\/fim-de-semana-tem-dia-do-orgulho-nerd-e-nova-exposicao-no-museu-da-lingua-portuguesa\/\" rel=\"noopener\">Informa\u00e7\u00f5es GOV.SP<\/a><\/p>\n","protected":false},"excerpt":{"rendered":"<p>&#13; &#13; &#13; &#13; &#13; Confira as dicas culturais para aproveitar na capital paulista e no interior do estado &#13; &#13; &#13; &#13; \u00a0 Uma das dicas culturais para este fim de semana \u00e9 o Dia do Orgulho Nerd, que ocorre neste\u00a0 s\u00e1bado (25), no Pavilh\u00e3o da Bienal, no Parque Ibirapuera, em S\u00e3o Paulo. O [&hellip;]<\/p>\n","protected":false},"author":1,"featured_media":6151,"comment_status":"open","ping_status":"open","sticky":false,"template":"","format":"standard","meta":{"_jetpack_newsletter_access":"","_jetpack_dont_email_post_to_subs":false,"_jetpack_newsletter_tier_id":0,"_jetpack_memberships_contains_paywalled_content":false,"_mbp_banners":[],"_jetpack_feature_clip_id":0,"_jetpack_memberships_contains_paid_content":false,"footnotes":"","jetpack_publicize_message":"","jetpack_publicize_feature_enabled":true,"jetpack_social_post_already_shared":true,"jetpack_social_options":{"image_generator_settings":{"template":"highway","default_image_id":0,"font":"","enabled":false},"version":2},"jetpack_post_was_ever_published":false},"categories":[21],"tags":[],"class_list":["post-6150","post","type-post","status-publish","format-standard","has-post-thumbnail","category-sp-news"],"jetpack_publicize_connections":[],"jetpack-related-posts":[],"jetpack_shortlink":"https:\/\/wp.me\/p7Eq1F-1Bc","jetpack_sharing_enabled":true,"jetpack_featured_media_url":"https:\/\/i0.wp.com\/guialimeira.com.br\/news\/wp-content\/uploads\/2024\/05\/Dia-do-Orgulho-Nerd-e-nova-exposicao-no-Museu-da.jpg?fit=300%2C200&ssl=1","_links":{"self":[{"href":"https:\/\/guialimeira.com.br\/news\/wp-json\/wp\/v2\/posts\/6150","targetHints":{"allow":["GET"]}}],"collection":[{"href":"https:\/\/guialimeira.com.br\/news\/wp-json\/wp\/v2\/posts"}],"about":[{"href":"https:\/\/guialimeira.com.br\/news\/wp-json\/wp\/v2\/types\/post"}],"author":[{"embeddable":true,"href":"https:\/\/guialimeira.com.br\/news\/wp-json\/wp\/v2\/users\/1"}],"replies":[{"embeddable":true,"href":"https:\/\/guialimeira.com.br\/news\/wp-json\/wp\/v2\/comments?post=6150"}],"version-history":[{"count":0,"href":"https:\/\/guialimeira.com.br\/news\/wp-json\/wp\/v2\/posts\/6150\/revisions"}],"wp:featuredmedia":[{"embeddable":true,"href":"https:\/\/guialimeira.com.br\/news\/wp-json\/wp\/v2\/media\/6151"}],"wp:attachment":[{"href":"https:\/\/guialimeira.com.br\/news\/wp-json\/wp\/v2\/media?parent=6150"}],"wp:term":[{"taxonomy":"category","embeddable":true,"href":"https:\/\/guialimeira.com.br\/news\/wp-json\/wp\/v2\/categories?post=6150"},{"taxonomy":"post_tag","embeddable":true,"href":"https:\/\/guialimeira.com.br\/news\/wp-json\/wp\/v2\/tags?post=6150"}],"curies":[{"name":"wp","href":"https:\/\/api.w.org\/{rel}","templated":true}]}}