{"id":61473,"date":"2026-04-14T11:35:54","date_gmt":"2026-04-14T14:35:54","guid":{"rendered":"https:\/\/guialimeira.com.br\/com-articulacao-de-mara-isa-mattos-silveira-caminhao-pipa-sera-entregue-a-defesa-civil-de-limeira\/"},"modified":"2026-04-14T11:35:54","modified_gmt":"2026-04-14T14:35:54","slug":"com-articulacao-de-mara-isa-mattos-silveira-caminhao-pipa-sera-entregue-a-defesa-civil-de-limeira","status":"publish","type":"post","link":"https:\/\/guialimeira.com.br\/news\/com-articulacao-de-mara-isa-mattos-silveira-caminhao-pipa-sera-entregue-a-defesa-civil-de-limeira\/","title":{"rendered":"Com articula\u00e7\u00e3o de Mara Isa Mattos Silveira, caminh\u00e3o-pipa ser\u00e1 entregue \u00e0 Defesa Civil de Limeira"},"content":{"rendered":"<p>Com articula\u00e7\u00e3o de Mara Isa Mattos Silveira, caminh\u00e3o-pipa ser\u00e1 entregue \u00e0 Defesa Civil de Limeira<\/p>\n<p>A vereadora Mara Isa Mattos Silveira (PL) esteve em Campinas, na \u00faltima sexta-feira, 10 de abril, durante a Caravana 3D, acompanhando a assinatura do conv\u00eanio que, segundo a parlamentar, garantir\u00e1 a chegada de um caminh\u00e3o-pipa para Limeira ainda neste m\u00eas. Segundo a vereadora, o equipamento refor\u00e7ar\u00e1 a estrutura da Defesa Civil do munic\u00edpio, que, at\u00e9 ent\u00e3o, n\u00e3o contava com esse tipo de ve\u00edculo.<\/p>\n<p>\u201cA conquista \u00e9 resultado de solicita\u00e7\u00e3o apresentada ao deputado estadual e presidente da Assembleia Legislativa de S\u00e3o Paulo (Alesp), Andr\u00e9 do Prado (PL), que atendeu prontamente a demanda\u201d, disse a vereadora. Mara Isa destacou a import\u00e2ncia de fortalecer a parceria com o Governo do Estado para buscar melhorias para a cidade e para a popula\u00e7\u00e3o.<\/p>\n<p>O prefeito Murilo F\u00e9lix (Podemos) tamb\u00e9m esteve presente no evento, acompanhado da primeira-dama Luciana F\u00e9lix, e refor\u00e7ou sobre a import\u00e2ncia da articula\u00e7\u00e3o conjunta com o Estado. Na ocasi\u00e3o, o deputado, presidente da Alesp, e correligion\u00e1rio da vereadora, destacou ainda que novas verbas ser\u00e3o destinadas ao munic\u00edpio.<\/p>\n<p>\u201cA iniciativa evidencia que o trabalho conjunto tem gerado resultados efetivos, ampliando investimentos e melhorando os servi\u00e7os p\u00fablicos&#8221;, refor\u00e7ou. Mara Isa refor\u00e7ou ainda que segue com o compromisso de trabalhar por uma Limeira mais estruturada, humana e com mais qualidade de vida para todos.<\/p>\n<p>Do Gabinete Parlamentar \u2013 Vereadora Mara Isa Mattos Silveira (PL)<\/p>\n<p>*Fotos do Gabinete parlamentar<\/p>\n<p>As mat\u00e9rias de origem dos Gabinetes Parlamentares s\u00e3o de inteira\u00a0 responsabilidade dos parlamentares e de suas assessorias. S\u00e3o devidamente assinadas e n\u00e3o refletem, necessariamente, a opini\u00e3o institucional da C\u00e2mara Municipal de Limeira.<\/p>\n<hr>\n<p><em>Fonte: <a href=\"https:\/\/www.limeira.sp.leg.br\/noticias\/view\/2026-04-14_com-articulacao-de-mara-isa-mattos-silveira-caminhaopipa-sera-entregue-a-defesa-civil-de-limeira\" target=\"_blank\" rel=\"noopener\">C\u00e2mara Municipal de Limeira<\/a><\/em><\/p>\n","protected":false},"excerpt":{"rendered":"<p>Com articula\u00e7\u00e3o de Mara Isa Mattos Silveira, caminh\u00e3o-pipa ser\u00e1 entregue \u00e0 Defesa Civil de Limeira<\/p>\n<p>A vereadora Mara Isa Mattos Silveira (PL) esteve em Campinas, na \u00faltima sexta-feira, 10 de abril, durante a Caravana 3D, acompanhando a assinatura do conv\u00eanio que, segundo a parlamentar, garantir\u00e1 a c<\/p>\n","protected":false},"author":4,"featured_media":61472,"comment_status":"","ping_status":"open","sticky":false,"template":"","format":"standard","meta":{"_jetpack_newsletter_access":"","_jetpack_dont_email_post_to_subs":false,"_jetpack_newsletter_tier_id":0,"_jetpack_memberships_contains_paywalled_content":false,"_mbp_banners":[],"_jetpack_feature_clip_id":0,"_jetpack_memberships_contains_paid_content":false,"footnotes":"","jetpack_publicize_message":"","jetpack_publicize_feature_enabled":true,"jetpack_social_post_already_shared":true,"jetpack_social_options":{"image_generator_settings":{"template":"highway","default_image_id":0,"font":"","enabled":false},"version":2},"jetpack_post_was_ever_published":false},"categories":[19],"tags":[],"class_list":["post-61473","post","type-post","status-publish","format-standard","has-post-thumbnail","category-politica"],"jetpack_publicize_connections":[],"jetpack-related-posts":[],"jetpack_shortlink":"https:\/\/wp.me\/p7Eq1F-fZv","jetpack_sharing_enabled":true,"jetpack_featured_media_url":"https:\/\/i0.wp.com\/guialimeira.com.br\/news\/wp-content\/uploads\/2026\/04\/noticia-camara-81.jpg?fit=1280%2C640&ssl=1","_links":{"self":[{"href":"https:\/\/guialimeira.com.br\/news\/wp-json\/wp\/v2\/posts\/61473","targetHints":{"allow":["GET"]}}],"collection":[{"href":"https:\/\/guialimeira.com.br\/news\/wp-json\/wp\/v2\/posts"}],"about":[{"href":"https:\/\/guialimeira.com.br\/news\/wp-json\/wp\/v2\/types\/post"}],"author":[{"embeddable":true,"href":"https:\/\/guialimeira.com.br\/news\/wp-json\/wp\/v2\/users\/4"}],"replies":[{"embeddable":true,"href":"https:\/\/guialimeira.com.br\/news\/wp-json\/wp\/v2\/comments?post=61473"}],"version-history":[{"count":0,"href":"https:\/\/guialimeira.com.br\/news\/wp-json\/wp\/v2\/posts\/61473\/revisions"}],"wp:featuredmedia":[{"embeddable":true,"href":"https:\/\/guialimeira.com.br\/news\/wp-json\/wp\/v2\/media\/61472"}],"wp:attachment":[{"href":"https:\/\/guialimeira.com.br\/news\/wp-json\/wp\/v2\/media?parent=61473"}],"wp:term":[{"taxonomy":"category","embeddable":true,"href":"https:\/\/guialimeira.com.br\/news\/wp-json\/wp\/v2\/categories?post=61473"},{"taxonomy":"post_tag","embeddable":true,"href":"https:\/\/guialimeira.com.br\/news\/wp-json\/wp\/v2\/tags?post=61473"}],"curies":[{"name":"wp","href":"https:\/\/api.w.org\/{rel}","templated":true}]}}