{"id":61471,"date":"2026-04-14T11:26:02","date_gmt":"2026-04-14T14:26:02","guid":{"rendered":"https:\/\/guialimeira.com.br\/dr-marcelo-rossi-encaminha-proposta-de-vereador-junior-sobre-rastreamento-precoce-do-tea\/"},"modified":"2026-04-14T11:26:02","modified_gmt":"2026-04-14T14:26:02","slug":"dr-marcelo-rossi-encaminha-proposta-de-vereador-junior-sobre-rastreamento-precoce-do-tea","status":"publish","type":"post","link":"https:\/\/guialimeira.com.br\/news\/dr-marcelo-rossi-encaminha-proposta-de-vereador-junior-sobre-rastreamento-precoce-do-tea\/","title":{"rendered":"Dr. Marcelo Rossi encaminha proposta de vereador j\u00fanior sobre rastreamento precoce do TEA"},"content":{"rendered":"<p>Dr. Marcelo Rossi encaminha proposta de vereador j\u00fanior sobre rastreamento precoce do TEA<\/p>\n<p>O vereador Dr. Marcelo Rossi (MDB) protocolou nesta segunda-feira, 13 de abril o Requerimento N\u00ba 322\/2026 que questiona a Prefeitura sobre a amplia\u00e7\u00e3o do uso do Modified Checklist for Autism in Toddlers, ou Lista de Verifica\u00e7\u00e3o Modificada para Autismo em Crian\u00e7as Pequenas (M-CHAT), ferramenta de rastreio precoce do Transtorno do Espectro Autista (TEA), para aplica\u00e7\u00e3o em creches, Centro de Refer\u00eancia de Assist\u00eancia Social (CRAS), abrigos e centros de acolhimento.<\/p>\n<p>O documento \u00e9 um desdobramento de uma proposta de Pietro Roberto Cogui aprovado na 4\u00aa Sess\u00e3o dos Vereadores Juniores. \u201cOs adolescentes t\u00eam apresentado ideias construtivas e debates com conte\u00fado. Portanto, como padrinho de Pietro, decidi levar a ideia adiante, considerando que o autismo \u00e9 um desafio mundial de sa\u00fade p\u00fablica e de inclus\u00e3o\u201d, explicou.<\/p>\n<p>Segundo o parlamentar, o M-CHAT \u00e9 um question\u00e1rio aplicado a pais ou cuidadores de crian\u00e7as entre 16 e 30 meses. O objetivo \u00e9 identificar precocemente sinais de alerta, permitindo encaminhamento r\u00e1pido para avalia\u00e7\u00e3o especializada. Na justificativa dos questionamentos feitos ao Executivo, Dr. Marcelo reproduziu a argumenta\u00e7\u00e3o de Pietro. \u201cA finalidade \u00e9 ampliar o rastreamento precoce do TEA em Limeira, estendendo o uso do instrumento M-CHAT para al\u00e9m das unidades de sa\u00fade j\u00e1 contempladas\u201d.<\/p>\n<p>O vereador acrescentou que a amplia\u00e7\u00e3o proposta fortalece a rede intersetorial de prote\u00e7\u00e3o e cuidado, favorece interven\u00e7\u00f5es precoces e reduz desigualdades no acesso ao diagn\u00f3stico. \u201cA inclus\u00e3o de artigos adicionais sugeridos no projeto de lei do vereador j\u00fanior garante estrutura mais robusta ao programa, assegurando capacita\u00e7\u00e3o cont\u00ednua, integra\u00e7\u00e3o entre secretarias, monitoramento permanente e suporte t\u00e9cnico para sua execu\u00e7\u00e3o\u201d.<\/p>\n<p>Dr. Marcelo destacou ainda que paralelamente ao aprimoramento do rastreio do TEA, \u00e9 preciso ampliar a rede de suporte, outro desafio global devido a uma combina\u00e7\u00e3o de fatores, incluindo o aumento expressivo no n\u00famero de diagn\u00f3sticos, a complexidade da condi\u00e7\u00e3o e a necessidade de pol\u00edticas p\u00fablicas abrangentes para a inclus\u00e3o.<\/p>\n<p>Do Gabinete Parlamentar \u2013 Vereador\u00a0 Dr. Marcelo Rossi (MDB)<\/p>\n<p>*Fotos do Gabinete parlamentar<\/p>\n<p>As mat\u00e9rias de origem dos Gabinetes Parlamentares s\u00e3o de inteira\u00a0 responsabilidade dos parlamentares e de suas assessorias. S\u00e3o devidamente assinadas e n\u00e3o refletem, necessariamente, a opini\u00e3o institucional da C\u00e2mara Municipal de Limeira.<\/p>\n<hr>\n<p><em>Fonte: <a href=\"https:\/\/www.limeira.sp.leg.br\/noticias\/view\/2026-04-14_dr-marcelo-rossi-encaminha-proposta-de-vereador-junior-sobre-rastreamento-precoce-do-tea\" target=\"_blank\" rel=\"noopener\">C\u00e2mara Municipal de Limeira<\/a><\/em><\/p>\n","protected":false},"excerpt":{"rendered":"<p>Dr. Marcelo Rossi encaminha proposta de vereador j\u00fanior sobre rastreamento precoce do TEA<\/p>\n<p>O vereador Dr. Marcelo Rossi (MDB) protocolou nesta segunda-feira, 13 de abril o Requerimento N\u00ba 322\/2026 que questiona a Prefeitura sobre a amplia\u00e7\u00e3o do uso do Modified Checklist for Autism in Toddlers, ou Li<\/p>\n","protected":false},"author":4,"featured_media":61470,"comment_status":"","ping_status":"open","sticky":false,"template":"","format":"standard","meta":{"_jetpack_newsletter_access":"","_jetpack_dont_email_post_to_subs":false,"_jetpack_newsletter_tier_id":0,"_jetpack_memberships_contains_paywalled_content":false,"_mbp_banners":[],"_jetpack_feature_clip_id":0,"_jetpack_memberships_contains_paid_content":false,"footnotes":"","jetpack_publicize_message":"","jetpack_publicize_feature_enabled":true,"jetpack_social_post_already_shared":true,"jetpack_social_options":{"image_generator_settings":{"template":"highway","default_image_id":0,"font":"","enabled":false},"version":2},"jetpack_post_was_ever_published":false},"categories":[19],"tags":[],"class_list":["post-61471","post","type-post","status-publish","format-standard","has-post-thumbnail","category-politica"],"jetpack_publicize_connections":[],"jetpack-related-posts":[],"jetpack_shortlink":"https:\/\/wp.me\/p7Eq1F-fZt","jetpack_sharing_enabled":true,"jetpack_featured_media_url":"https:\/\/i0.wp.com\/guialimeira.com.br\/news\/wp-content\/uploads\/2026\/04\/noticia-camara-80.jpg?fit=1280%2C640&ssl=1","_links":{"self":[{"href":"https:\/\/guialimeira.com.br\/news\/wp-json\/wp\/v2\/posts\/61471","targetHints":{"allow":["GET"]}}],"collection":[{"href":"https:\/\/guialimeira.com.br\/news\/wp-json\/wp\/v2\/posts"}],"about":[{"href":"https:\/\/guialimeira.com.br\/news\/wp-json\/wp\/v2\/types\/post"}],"author":[{"embeddable":true,"href":"https:\/\/guialimeira.com.br\/news\/wp-json\/wp\/v2\/users\/4"}],"replies":[{"embeddable":true,"href":"https:\/\/guialimeira.com.br\/news\/wp-json\/wp\/v2\/comments?post=61471"}],"version-history":[{"count":0,"href":"https:\/\/guialimeira.com.br\/news\/wp-json\/wp\/v2\/posts\/61471\/revisions"}],"wp:featuredmedia":[{"embeddable":true,"href":"https:\/\/guialimeira.com.br\/news\/wp-json\/wp\/v2\/media\/61470"}],"wp:attachment":[{"href":"https:\/\/guialimeira.com.br\/news\/wp-json\/wp\/v2\/media?parent=61471"}],"wp:term":[{"taxonomy":"category","embeddable":true,"href":"https:\/\/guialimeira.com.br\/news\/wp-json\/wp\/v2\/categories?post=61471"},{"taxonomy":"post_tag","embeddable":true,"href":"https:\/\/guialimeira.com.br\/news\/wp-json\/wp\/v2\/tags?post=61471"}],"curies":[{"name":"wp","href":"https:\/\/api.w.org\/{rel}","templated":true}]}}