{"id":61458,"date":"2026-04-14T10:00:52","date_gmt":"2026-04-14T13:00:52","guid":{"rendered":"https:\/\/guialimeira.com.br\/programa-de-conscientizacao-e-combate-a-adultizacao-e-aprovado-na-camara\/"},"modified":"2026-04-14T10:00:52","modified_gmt":"2026-04-14T13:00:52","slug":"programa-de-conscientizacao-e-combate-a-adultizacao-e-aprovado-na-camara","status":"publish","type":"post","link":"https:\/\/guialimeira.com.br\/news\/programa-de-conscientizacao-e-combate-a-adultizacao-e-aprovado-na-camara\/","title":{"rendered":"Programa de Conscientiza\u00e7\u00e3o e Combate \u00e0 Adultiza\u00e7\u00e3o \u00e9 aprovado na C\u00e2mara"},"content":{"rendered":"<p>Programa de Conscientiza\u00e7\u00e3o e Combate \u00e0 Adultiza\u00e7\u00e3o foi aprovado na C\u00e2mara<\/p>\n<p>A vereadora Mara Isa Mattos Silveira (PL) \u00e9 a autora do Projeto de Lei N\u00ba 196\/2025, aprovado por meio do Substitutivo N\u00ba 71, durante a sess\u00e3o ordin\u00e1ria da C\u00e2mara Municipal, que ocorreu nesta segunda-feira, 13 de abril. A proposta assegura aos residentes de Limeira o \u201cPrograma de Conscientiza\u00e7\u00e3o e Combate \u00e0 Adultiza\u00e7\u00e3o\u201d nas escolas da rede p\u00fablica municipal de ensino. Segundo a vereadora, o objetivo \u00e9 prevenir e combater a exposi\u00e7\u00e3o precoce de crian\u00e7as e adolescentes \u00e0s responsabilidades e comportamentos t\u00edpicos da vida adulta, preservando seu desenvolvimento f\u00edsico, emocional e social.<\/p>\n<p>De acordo com o documento, o Programa de Conscientiza\u00e7\u00e3o e Combate \u00e0 Adultiza\u00e7\u00e3o ter\u00e1 como crit\u00e9rios promover o respeito \u00e0s etapas do desenvolvimento infantil e juvenil, alertar sobre os preju\u00edzos psicol\u00f3gicos e sociais da adultiza\u00e7\u00e3o precoce, incentivar pr\u00e1ticas educacionais e familiares que protejam a inf\u00e2ncia, combater a exposi\u00e7\u00e3o a conte\u00fados inapropriados em m\u00eddias e redes sociais, fomentar o cuidado e a valoriza\u00e7\u00e3o da inf\u00e2ncia na comunidade escolar por meio do destaque da import\u00e2ncia do brincar e do tempo adequado para amadurecimento e valorizar pol\u00edticas de prote\u00e7\u00e3o previstas no Estatuto da Crian\u00e7a e do Adolescente (ECA).<\/p>\n<p>O projeto estabelece que a coordena\u00e7\u00e3o do programa ficar\u00e1 sob responsabilidade da secretaria competente, podendo contar com a realiza\u00e7\u00e3o de palestras, oficinas e rodas de conversa conduzidas por psic\u00f3logos, pedagogos e assistentes sociais especializados na inf\u00e2ncia, al\u00e9m da distribui\u00e7\u00e3o de material educativo impresso e digital para alunos, professores e comunidade.<\/p>\n<p>Tamb\u00e9m prev\u00ea o desenvolvimento de atividades l\u00fadicas e interdisciplinares voltadas \u00e0 valoriza\u00e7\u00e3o da inf\u00e2ncia, a formaliza\u00e7\u00e3o de parcerias com o Conselho Tutelar, Minist\u00e9rio P\u00fablico, organiza\u00e7\u00f5es n\u00e3o governamentais e demais \u00f3rg\u00e3os de prote\u00e7\u00e3o, bem como a promo\u00e7\u00e3o de campanhas anuais de conscientiza\u00e7\u00e3o, especialmente no m\u00eas de outubro, em alus\u00e3o ao Dia das Crian\u00e7as, em vigor no Brasil desde 1924.<\/p>\n<p>A parlamentar justificou a proposi\u00e7\u00e3o dizendo que adultizar uma crian\u00e7a ou adolescente significa submet\u00ea-los precocemente a comportamentos, preocupa\u00e7\u00f5es, responsabilidades e padr\u00f5es est\u00e9ticos t\u00edpicos da vida adulta, o que pode comprometer significativamente seu desenvolvimento social e emocional. \u201cA proposta de cria\u00e7\u00e3o de um programa voltado ao combate e \u00e0 conscientiza\u00e7\u00e3o contra a adultiza\u00e7\u00e3o envolvendo a comunidade escolar busca criar uma rede de prote\u00e7\u00e3o integrada, em que fam\u00edlia e escola atuem de forma complementar para resguardar a inf\u00e2ncia e fortalecer v\u00ednculos afetivos e educativos\u201d, ressaltou.<\/p>\n<hr>\n<p><em>Fonte: <a href=\"https:\/\/www.limeira.sp.leg.br\/noticias\/view\/2026-04-14_programa-de-conscientizacao-e-combate-a-adultizacao-e-aprovado-na-camara\" target=\"_blank\" rel=\"noopener\">C\u00e2mara Municipal de Limeira<\/a><\/em><\/p>\n","protected":false},"excerpt":{"rendered":"<p>Programa de Conscientiza\u00e7\u00e3o e Combate \u00e0 Adultiza\u00e7\u00e3o foi aprovado na C\u00e2mara<\/p>\n<p>A vereadora Mara Isa Mattos Silveira (PL) \u00e9 a autora do Projeto de Lei N\u00ba 196\/2025, aprovado por meio do Substitutivo N\u00ba 71, durante a sess\u00e3o ordin\u00e1ria da C\u00e2mara Municipal, que ocorreu nesta segunda-feira, 13 de abril. A pro<\/p>\n","protected":false},"author":4,"featured_media":61457,"comment_status":"","ping_status":"open","sticky":false,"template":"","format":"standard","meta":{"_jetpack_newsletter_access":"","_jetpack_dont_email_post_to_subs":false,"_jetpack_newsletter_tier_id":0,"_jetpack_memberships_contains_paywalled_content":false,"_mbp_banners":[],"_jetpack_feature_clip_id":0,"_jetpack_memberships_contains_paid_content":false,"footnotes":"","jetpack_publicize_message":"","jetpack_publicize_feature_enabled":true,"jetpack_social_post_already_shared":true,"jetpack_social_options":{"image_generator_settings":{"template":"highway","default_image_id":0,"font":"","enabled":false},"version":2},"jetpack_post_was_ever_published":false},"categories":[19],"tags":[],"class_list":["post-61458","post","type-post","status-publish","format-standard","has-post-thumbnail","category-politica"],"jetpack_publicize_connections":[],"jetpack-related-posts":[],"jetpack_shortlink":"https:\/\/wp.me\/p7Eq1F-fZg","jetpack_sharing_enabled":true,"jetpack_featured_media_url":"https:\/\/i0.wp.com\/guialimeira.com.br\/news\/wp-content\/uploads\/2026\/04\/noticia-camara-79.jpg?fit=1280%2C640&ssl=1","_links":{"self":[{"href":"https:\/\/guialimeira.com.br\/news\/wp-json\/wp\/v2\/posts\/61458","targetHints":{"allow":["GET"]}}],"collection":[{"href":"https:\/\/guialimeira.com.br\/news\/wp-json\/wp\/v2\/posts"}],"about":[{"href":"https:\/\/guialimeira.com.br\/news\/wp-json\/wp\/v2\/types\/post"}],"author":[{"embeddable":true,"href":"https:\/\/guialimeira.com.br\/news\/wp-json\/wp\/v2\/users\/4"}],"replies":[{"embeddable":true,"href":"https:\/\/guialimeira.com.br\/news\/wp-json\/wp\/v2\/comments?post=61458"}],"version-history":[{"count":0,"href":"https:\/\/guialimeira.com.br\/news\/wp-json\/wp\/v2\/posts\/61458\/revisions"}],"wp:featuredmedia":[{"embeddable":true,"href":"https:\/\/guialimeira.com.br\/news\/wp-json\/wp\/v2\/media\/61457"}],"wp:attachment":[{"href":"https:\/\/guialimeira.com.br\/news\/wp-json\/wp\/v2\/media?parent=61458"}],"wp:term":[{"taxonomy":"category","embeddable":true,"href":"https:\/\/guialimeira.com.br\/news\/wp-json\/wp\/v2\/categories?post=61458"},{"taxonomy":"post_tag","embeddable":true,"href":"https:\/\/guialimeira.com.br\/news\/wp-json\/wp\/v2\/tags?post=61458"}],"curies":[{"name":"wp","href":"https:\/\/api.w.org\/{rel}","templated":true}]}}