{"id":61449,"date":"2026-04-14T08:55:52","date_gmt":"2026-04-14T11:55:52","guid":{"rendered":"https:\/\/guialimeira.com.br\/gcms-serao-homenageados-com-diploma-honra-e-bravura\/"},"modified":"2026-04-14T08:55:52","modified_gmt":"2026-04-14T11:55:52","slug":"gcms-serao-homenageados-com-diploma-honra-e-bravura","status":"publish","type":"post","link":"https:\/\/guialimeira.com.br\/news\/gcms-serao-homenageados-com-diploma-honra-e-bravura\/","title":{"rendered":"GCMs ser\u00e3o homenageados com Diploma \u201cHonra e Bravura\u201d"},"content":{"rendered":"<p>GCMs ser\u00e3o homenageados com Diploma \u201cHonra e Bravura\u201d<\/p>\n<p>A C\u00e2mara Municipal aprovou na sess\u00e3o ordin\u00e1ria desta segunda-feira, 13 de abril, o Projeto de Decreto Legislativo N\u00ba 5\/2026, de autoria da comiss\u00e3o organizadora do evento, que concede o Diploma \u201cHonra e Bravura\u201d, nos termos da Resolu\u00e7\u00e3o N\u00ba 913\/2025, aos integrantes da Guarda Civil Municipal.<\/p>\n<p>O colegiado \u00e9 composto pelos vereadores Tatiane Lopes (Avante), Z\u00e9 da Farm\u00e1cia (Solidariedade), Carlinhos do Grotta (PL), M\u00e1rcio do Estacionamento (DC) e Costa Junior (Podemos). A presente homenagem tamb\u00e9m se d\u00e1 no m\u00eas de abril, em comemora\u00e7\u00e3o \u00e0 cria\u00e7\u00e3o da Guarda Civil no munic\u00edpio de Limeira, conforme Lei Ordin\u00e1ria n\u00ba 1.052\/1968.<\/p>\n<p>Confira a lista dos 21 profissionais e os respectivos vereadores que indicaram os nomes:<\/p>\n<p>GCM Adriano Paulo Oleg\u00e1rio \u2013 indicado pela vereadora Bruna Magalh\u00e3es (PRTB);<\/p>\n<p>Subinspetor Tiago da Silveira Lima \u2013 indicado pelo vereador Elias Barbosa (PRTB);<\/p>\n<p>Inspetor Jos\u00e9 Milton Coimbra \u2013 indicado pelo vereador Estev\u00e3o Nogueira (Avante);<\/p>\n<p>GCM Jilles Ragonha \u2013 indicado pelo vereador Everton Ferreira (PSD);<\/p>\n<p>Subinspetor Marcelo Bento Ribeiro &#8211; indicado pelo vereador Felipe Penedo (PL);<\/p>\n<p>Comandante Henrique Cassiano Paes &#8211; indicado pelo vereador Guilherme Guido (PL);<\/p>\n<p>Subinspetor William Fernando Schimidt &#8211; indicado pelo vereador Helder do T\u00e1xi (PSD);<\/p>\n<p>GCM Silvana Arado \u2013 indicada pela vereadora Isabelly de Carvalho (PT);<\/p>\n<p>Inspetora Geane Burin Oliveira \u2013 indicada pelo vereador Jo\u00e3o Antunes Bano (Solidariedade);<\/p>\n<p>GCM Raul Pereira da Silva &#8211; indicado pelo vereador Z\u00e9 da Farm\u00e1cia (Solidariedade);<\/p>\n<p>GCM Domingos Salvio dos Santos \u2013 indicado pelo vereador Carlinhos do Grotta (PL);<\/p>\n<p>GCM Danielle Rodrigues Vieira &#8211; indicada pela vereadora Lu Bogo (PL);<\/p>\n<p>GCM Jo\u00e3o Ferreira do Nascimento \u2013 indicado pela vereadora Mara Isa Mattos Silveira (PL);<\/p>\n<p>Subcomandante Andr\u00e9 Em\u00edlio Maezi Hailer &#8211; indicado pelo vereador Dr. Marcelo Rossi (MDB);<\/p>\n<p>Inspetor Mizael do Carmo da Silva &#8211; indicado pelo vereador M\u00e1rcio do Estacionamento (DC);<\/p>\n<p>GCM Luciane Barbosa de Oliveira &#8211; indicada pela vereadora Mariana Calsa (PSB);<\/p>\n<p>GCM Regiane Janu\u00e1rio Alves &#8211; indicada pelo vereador Nilton Santos (Republicanos);<\/p>\n<p>Subinspetor Renato Barbosa dos Santos &#8211; indicado pela vereadora Tatiane Lopes (Avante);<\/p>\n<p>Inspetor Andr\u00e9 Mois\u00e9s da Silva \u2013 indicado pelo vereador Costa Junior (Podemos);<\/p>\n<p>GCM Camilla Ramos Pari &#8211; indicada pelo vereador Waguinho da Santa Luzia (PP);<\/p>\n<hr>\n<p><em>Fonte: <a href=\"https:\/\/www.limeira.sp.leg.br\/noticias\/view\/2026-04-14_gcms-serao-homenageados-com-diploma-honra-e-bravura\" target=\"_blank\" rel=\"noopener\">C\u00e2mara Municipal de Limeira<\/a><\/em><\/p>\n","protected":false},"excerpt":{"rendered":"<p>GCMs ser\u00e3o homenageados com Diploma \u201cHonra e Bravura\u201d<\/p>\n<p>A C\u00e2mara Municipal aprovou na sess\u00e3o ordin\u00e1ria desta segunda-feira, 13 de abril, o Projeto de Decreto Legislativo N\u00ba 5\/2026, de autoria da comiss\u00e3o organizadora do evento, que concede o Diploma \u201cHonra e Bravura\u201d, nos termos da Resolu\u00e7\u00e3o N\u00ba 913\/2<\/p>\n","protected":false},"author":4,"featured_media":61448,"comment_status":"","ping_status":"open","sticky":false,"template":"","format":"standard","meta":{"_jetpack_newsletter_access":"","_jetpack_dont_email_post_to_subs":false,"_jetpack_newsletter_tier_id":0,"_jetpack_memberships_contains_paywalled_content":false,"_mbp_banners":[],"_jetpack_feature_clip_id":0,"_jetpack_memberships_contains_paid_content":false,"footnotes":"","jetpack_publicize_message":"","jetpack_publicize_feature_enabled":true,"jetpack_social_post_already_shared":true,"jetpack_social_options":{"image_generator_settings":{"template":"highway","default_image_id":0,"font":"","enabled":false},"version":2},"jetpack_post_was_ever_published":false},"categories":[19],"tags":[],"class_list":["post-61449","post","type-post","status-publish","format-standard","has-post-thumbnail","category-politica"],"jetpack_publicize_connections":[],"jetpack-related-posts":[],"jetpack_shortlink":"https:\/\/wp.me\/p7Eq1F-fZ7","jetpack_sharing_enabled":true,"jetpack_featured_media_url":"https:\/\/i0.wp.com\/guialimeira.com.br\/news\/wp-content\/uploads\/2026\/04\/noticia-camara-76.jpg?fit=1280%2C640&ssl=1","_links":{"self":[{"href":"https:\/\/guialimeira.com.br\/news\/wp-json\/wp\/v2\/posts\/61449","targetHints":{"allow":["GET"]}}],"collection":[{"href":"https:\/\/guialimeira.com.br\/news\/wp-json\/wp\/v2\/posts"}],"about":[{"href":"https:\/\/guialimeira.com.br\/news\/wp-json\/wp\/v2\/types\/post"}],"author":[{"embeddable":true,"href":"https:\/\/guialimeira.com.br\/news\/wp-json\/wp\/v2\/users\/4"}],"replies":[{"embeddable":true,"href":"https:\/\/guialimeira.com.br\/news\/wp-json\/wp\/v2\/comments?post=61449"}],"version-history":[{"count":0,"href":"https:\/\/guialimeira.com.br\/news\/wp-json\/wp\/v2\/posts\/61449\/revisions"}],"wp:featuredmedia":[{"embeddable":true,"href":"https:\/\/guialimeira.com.br\/news\/wp-json\/wp\/v2\/media\/61448"}],"wp:attachment":[{"href":"https:\/\/guialimeira.com.br\/news\/wp-json\/wp\/v2\/media?parent=61449"}],"wp:term":[{"taxonomy":"category","embeddable":true,"href":"https:\/\/guialimeira.com.br\/news\/wp-json\/wp\/v2\/categories?post=61449"},{"taxonomy":"post_tag","embeddable":true,"href":"https:\/\/guialimeira.com.br\/news\/wp-json\/wp\/v2\/tags?post=61449"}],"curies":[{"name":"wp","href":"https:\/\/api.w.org\/{rel}","templated":true}]}}