{"id":6140,"date":"2024-05-23T16:40:44","date_gmt":"2024-05-23T19:40:44","guid":{"rendered":"https:\/\/guialimeira.com.br\/2024\/05\/23\/escritor-pedro-bandeira-realiza-encontro-virtual-com-alunos-de-escolas-municipais\/"},"modified":"2024-05-23T16:40:44","modified_gmt":"2024-05-23T19:40:44","slug":"escritor-pedro-bandeira-realiza-encontro-virtual-com-alunos-de-escolas-municipais","status":"publish","type":"post","link":"https:\/\/guialimeira.com.br\/news\/escritor-pedro-bandeira-realiza-encontro-virtual-com-alunos-de-escolas-municipais\/","title":{"rendered":"Escritor Pedro Bandeira realiza encontro virtual com alunos de escolas municipais"},"content":{"rendered":"<p> <br \/>\n<\/p>\n<div id=\"\">&#13;<br \/>\n                &#13;<br \/>\n&#13;<br \/>\n&#13;<br \/>\n&#13;<br \/>\n    <img data-recalc-dims=\"1\" decoding=\"async\" src=\"https:\/\/i0.wp.com\/ecrie.com.br\/sistema\/conteudos\/imagem\/m_137_0_1_23052024151418.jpg?w=696&#038;ssl=1\" alt=\"Escritor Pedro Bandeira realiza encontro virtual com alunos de escolas municipais\"\/>&#13;<br \/>\n&#13;<\/p>\n<p class=\"western\" style=\"text-align: justify;\" align=\"justify\">Alunos da rede municipal de ensino v\u00e3o participar de um encontro virtual com o escritor Pedro Bandeira. A iniciativa ser\u00e1 promovida pela Biblioteca Pedag\u00f3gica na segunda-feira (27), \u00e0s 14h, no Teatro Nair Bello. A live ser\u00e1 transmitida pelo canal da Secretaria de Educa\u00e7\u00e3o no YouTube (youtube.com\/EducacaoLimeira). Esta ser\u00e1 a terceira vez que o autor participa de uma live com estudantes da rede municipal de ensino.<\/p>\n<p>&#13;<\/p>\n<p class=\"western\" style=\"text-align: justify;\" align=\"justify\">De acordo com a respons\u00e1vel pela biblioteca, Taciana Lefcadito Alvares, o encontro virtual visa aproximar os alunos do autor e tamb\u00e9m marcar\u00e1 o lan\u00e7amento do concurso liter\u00e1rio promovido pela Biblioteca Pedag\u00f3gica com o objetivo de incentivar e valorizar as a\u00e7\u00f5es para as \u00e1reas do livro, leitura e bibliotecas nas escolas da rede municipal de ensino.<\/p>\n<p>&#13;<\/p>\n<p class=\"western\" style=\"text-align: justify;\" align=\"justify\">\u201cO encontro vai destacar a participa\u00e7\u00e3o do autor na 2\u00aa edi\u00e7\u00e3o do Jornal da Biblioteca Pedag\u00f3gica, que tem uma entrevista com perguntas elaboradas por estudantes da Emeief Tenente Aviador Ary Gomes de Castro e Emeief Luca Moore\u201d, explica. O protagonismo ficou por conta dos alunos das turmas do 2\u00ba ao 5\u00ba ano que, com base nas pesquisas sobre o autor e suas obras, ampliaram os conhecimentos liter\u00e1rios e culturais, al\u00e9m de se apropriarem do g\u00eanero textual entrevista.<\/p>\n<p>&#13;<\/p>\n<p class=\"western\" style=\"text-align: justify;\" align=\"justify\">O primeiro encontro com Bandeira aconteceu em 2021 por meio do projeto liter\u00e1rio \u201cEntre Versos\u201d, desenvolvido com alunos do 5\u00ba ano da Emeief Prof.\u00aa Maria Apparecida de Luca Moore. A segunda live foi realizada durante o evento liter\u00e1rio \u201cPrazer de Ler: encontros de Literatura Infantojuvenil\u201d, promovido pela Biblioteca Pedag\u00f3gica com a participa\u00e7\u00e3o virtual do escritor para um bate-papo com estudantes.<\/p>\n<p>&#13;<\/p>\n<p class=\"western\" style=\"text-align: justify;\" align=\"justify\">Segundo Taciana, Pedro Bandeira \u00e9 reconhecido pela qualidade liter\u00e1ria de seus livros com temas atuais e relevantes para crian\u00e7as e adolescentes. \u201cTamb\u00e9m se destaca por seu engajamento na promo\u00e7\u00e3o da leitura e da literatura infantojuvenil, se referindo ao livro como um objeto que tem uma fun\u00e7\u00e3o social, que precisa ser lido para existir e se a crian\u00e7a n\u00e3o se desenvolver o prazer pela leitura, n\u00e3o ser\u00e1 um adulto feliz\u201d, cita.<\/p>\n<p>&#13;<\/p>\n<p class=\"western\" style=\"text-align: justify;\" align=\"justify\"><strong>SOBRE O AUTOR<\/strong><\/p>\n<p>&#13;<\/p>\n<p style=\"text-align: justify;\" align=\"justify\">Pedro Bandeira nasceu em Santos, S\u00e3o Paulo, e mudou-se para a capital paulista em 1961. Trabalhou em teatro profissional como ator, diretor e cen\u00f3grafo. Foi redator, editor e ator de comerciais de televis\u00e3o. Como escritor, iniciou sua carreira com as primeiras hist\u00f3rias infantis publicadas em revistas de banca, em 1972.<\/p>\n<p>&#13;<\/p>\n<p style=\"text-align: justify;\" align=\"justify\">A partir de 1983, dedica-se exclusivamente \u00e0 escrita. Com a experi\u00eancia e carisma de quem escreve h\u00e1 mais de quatro d\u00e9cadas para crian\u00e7as e adolescentes, Pedro Bandeira segue mais ativo do que nunca. Aos 80 anos, est\u00e1 tamb\u00e9m no mundo das redes sociais, onde tem sido um porta-voz da esperan\u00e7a do Brasil.<\/p>\n<p>&#13;<br \/>\n&#13;<br \/>\n&#13;<br \/>\n&#13;<\/p>\n<aside class=\"list-related no-print\">&#13;<br \/>\n        &#13;<br \/>\n&#13;<\/p>\n<article class=\"list-item noticias \">&#13;<br \/>\n                    <a class=\"list-item__img\" href=\"https:\/\/limeira.sp.gov.br\/imprensa\/noticias\/educacao\/univesp-divulga-locais-de-prova-para-o-vestibular-2024\" tabindex=\"-1\" aria-hidden=\"true\" rel=\"noopener\">&#13;<br \/>\n                        <img data-recalc-dims=\"1\" decoding=\"async\" src=\"https:\/\/i0.wp.com\/ecrie.com.br\/sistema\/conteudos\/imagem\/m_137_0_1_01042024144011.jpg?w=696&#038;ssl=1\" alt=\"Univesp divulga locais de prova para o Vestibular 2024\"\/>&#13;<br \/>\n                    <\/a>&#13;<br \/>\n&#13;<br \/>\n                &#13;<br \/>\n            <\/article>\n<p>&#13;<\/p>\n<article class=\"list-item noticias \">&#13;<br \/>\n                    <a class=\"list-item__img\" href=\"https:\/\/limeira.sp.gov.br\/imprensa\/noticias\/educacao\/no-parque-cidade-alunos-conhecem-importancia-das-abelhas-nativas-sem-ferrao\" tabindex=\"-1\" aria-hidden=\"true\" rel=\"noopener\">&#13;<br \/>\n                        <img data-recalc-dims=\"1\" decoding=\"async\" src=\"https:\/\/i0.wp.com\/ecrie.com.br\/sistema\/conteudos\/imagem\/m_137_0_3_21052024160714.jpg?w=696&#038;ssl=1\" alt=\"No Parque Cidade, alunos conhecem import\u00e2ncia das abelhas-nativas-sem-ferr\u00e3o\"\/>&#13;<br \/>\n                    <\/a>&#13;<br \/>\n&#13;<br \/>\n                &#13;<br \/>\n            <\/article>\n<p>&#13;<\/p>\n<article class=\"list-item noticias \">&#13;<br \/>\n                    <a class=\"list-item__img\" href=\"https:\/\/limeira.sp.gov.br\/imprensa\/noticias\/educacao\/indice-de-alfabetizacao-em-limeira-atinge972-e-supera-medias-estadual-e-nacional-resultado-reflete-acoes-adotadas-pela-educacao\" tabindex=\"-1\" aria-hidden=\"true\" rel=\"noopener\">&#13;<br \/>\n                        <img data-recalc-dims=\"1\" decoding=\"async\" src=\"https:\/\/i0.wp.com\/ecrie.com.br\/sistema\/conteudos\/imagem\/m_137_0_1_17052024172349.jpg?w=696&#038;ssl=1\" alt=\"\u00cdndice de alfabetiza\u00e7\u00e3o em Limeira atinge\u00a097,2% e supera m\u00e9dias estadual e nacional; resultado reflete a\u00e7\u00f5es adotadas pela Educa\u00e7\u00e3o\"\/>&#13;<br \/>\n                    <\/a>&#13;<br \/>\n&#13;<br \/>\n                &#13;<br \/>\n            <\/article>\n<p>&#13;<br \/>\n    <\/aside>\n<p>&#13;<br \/>\n&#13;\n            <\/p><\/div>\n<p><br \/>\n<br \/><a href=\"https:\/\/limeira.sp.gov.br\/escritor-pedro-bandeira-realiza-encontro-virtual-com-alunos-de-escolas-municipais\" rel=\"noopener\">Informa\u00e7\u00f5es da PML <\/a><\/p>\n","protected":false},"excerpt":{"rendered":"<p>&#13; &#13; &#13; &#13; &#13; &#13; &#13; Alunos da rede municipal de ensino v\u00e3o participar de um encontro virtual com o escritor Pedro Bandeira. A iniciativa ser\u00e1 promovida pela Biblioteca Pedag\u00f3gica na segunda-feira (27), \u00e0s 14h, no Teatro Nair Bello. A live ser\u00e1 transmitida pelo canal da Secretaria de Educa\u00e7\u00e3o no YouTube (youtube.com\/EducacaoLimeira). Esta ser\u00e1 [&hellip;]<\/p>\n","protected":false},"author":1,"featured_media":6141,"comment_status":"open","ping_status":"open","sticky":false,"template":"","format":"standard","meta":{"_jetpack_newsletter_access":"","_jetpack_dont_email_post_to_subs":false,"_jetpack_newsletter_tier_id":0,"_jetpack_memberships_contains_paywalled_content":false,"_mbp_banners":[],"_jetpack_feature_clip_id":0,"_jetpack_memberships_contains_paid_content":false,"footnotes":"","jetpack_publicize_message":"","jetpack_publicize_feature_enabled":true,"jetpack_social_post_already_shared":true,"jetpack_social_options":{"image_generator_settings":{"template":"highway","default_image_id":0,"font":"","enabled":false},"version":2},"jetpack_post_was_ever_published":false},"categories":[16],"tags":[],"class_list":["post-6140","post","type-post","status-publish","format-standard","has-post-thumbnail","category-local"],"jetpack_publicize_connections":[],"jetpack-related-posts":[],"jetpack_shortlink":"https:\/\/wp.me\/p7Eq1F-1B2","jetpack_sharing_enabled":true,"jetpack_featured_media_url":"https:\/\/i0.wp.com\/guialimeira.com.br\/news\/wp-content\/uploads\/2024\/05\/m_137_0_1_23052024151418.jpg?fit=900%2C506&ssl=1","_links":{"self":[{"href":"https:\/\/guialimeira.com.br\/news\/wp-json\/wp\/v2\/posts\/6140","targetHints":{"allow":["GET"]}}],"collection":[{"href":"https:\/\/guialimeira.com.br\/news\/wp-json\/wp\/v2\/posts"}],"about":[{"href":"https:\/\/guialimeira.com.br\/news\/wp-json\/wp\/v2\/types\/post"}],"author":[{"embeddable":true,"href":"https:\/\/guialimeira.com.br\/news\/wp-json\/wp\/v2\/users\/1"}],"replies":[{"embeddable":true,"href":"https:\/\/guialimeira.com.br\/news\/wp-json\/wp\/v2\/comments?post=6140"}],"version-history":[{"count":0,"href":"https:\/\/guialimeira.com.br\/news\/wp-json\/wp\/v2\/posts\/6140\/revisions"}],"wp:featuredmedia":[{"embeddable":true,"href":"https:\/\/guialimeira.com.br\/news\/wp-json\/wp\/v2\/media\/6141"}],"wp:attachment":[{"href":"https:\/\/guialimeira.com.br\/news\/wp-json\/wp\/v2\/media?parent=6140"}],"wp:term":[{"taxonomy":"category","embeddable":true,"href":"https:\/\/guialimeira.com.br\/news\/wp-json\/wp\/v2\/categories?post=6140"},{"taxonomy":"post_tag","embeddable":true,"href":"https:\/\/guialimeira.com.br\/news\/wp-json\/wp\/v2\/tags?post=6140"}],"curies":[{"name":"wp","href":"https:\/\/api.w.org\/{rel}","templated":true}]}}