{"id":61398,"date":"2026-04-13T20:49:24","date_gmt":"2026-04-13T23:49:24","guid":{"rendered":"https:\/\/guialimeira.com.br\/?p=61398"},"modified":"2026-04-13T20:49:27","modified_gmt":"2026-04-13T23:49:27","slug":"mara-isa-mattos-silveira-conquista-caminhao-pipa-para-defesa-civil","status":"publish","type":"post","link":"https:\/\/guialimeira.com.br\/news\/mara-isa-mattos-silveira-conquista-caminhao-pipa-para-defesa-civil\/","title":{"rendered":"Mara Isa Mattos Silveira conquista caminh\u00e3o-pipa para Defesa Civil"},"content":{"rendered":"\n<p class=\"wp-block-paragraph\">A vereadora Mara Isa Mattos Silveira (PL) esteve em Campinas, durante a Caravana 3D, acompanhando a assinatura do conv\u00eanio que garantir\u00e1 a chegada de um caminh\u00e3o-pipa para Limeira ainda neste m\u00eas. O equipamento refor\u00e7ar\u00e1 a estrutura da Defesa Civil do munic\u00edpio, que, at\u00e9 ent\u00e3o, n\u00e3o contava com esse tipo de ve\u00edculo.<\/p>\n\n\n\n<p class=\"wp-block-paragraph\">A conquista \u00e9 resultado de solicita\u00e7\u00e3o apresentada ao deputado estadual e presidente da Assembleia Legislativa de S\u00e3o Paulo (Alesp), Andr\u00e9 do Prado (PL), que atendeu prontamente a demanda. Atuante e comprometida, Mara tem se destacado por buscar constantemente melhorias para a cidade e para a popula\u00e7\u00e3o, fortalecendo sua atua\u00e7\u00e3o junto ao Governo do Estado.<\/p>\n\n\n\n<p class=\"wp-block-paragraph\">O prefeito Murilo F\u00e9lix tamb\u00e9m esteve presente no evento, acompanhado da primeira-dama Luciana F\u00e9lix, refor\u00e7ando a import\u00e2ncia da articula\u00e7\u00e3o conjunta com o Estado, liderado pelo governador Tarc\u00edsio de Freitas. Na ocasi\u00e3o, o deputado, presidente da Alesp, e correligion\u00e1rio da vereadora, destacou ainda que novas verbas ser\u00e3o destinadas ao munic\u00edpio.<br>A iniciativa evidencia que o trabalho conjunto tem gerado resultados efetivos, ampliando investimentos e melhorando os servi\u00e7os p\u00fablicos. Mara Isa segue firme no compromisso de trabalhar por uma Limeira mais estruturada, humana e com mais qualidade de vida para todos.<\/p>\n","protected":false},"excerpt":{"rendered":"<p>A vereadora Mara Isa Mattos Silveira (PL) esteve em Campinas, durante a Caravana 3D, acompanhando a assinatura do conv\u00eanio que garantir\u00e1 a chegada de um caminh\u00e3o-pipa para Limeira ainda neste m\u00eas. O equipamento refor\u00e7ar\u00e1 a estrutura da Defesa Civil do munic\u00edpio, que, at\u00e9 ent\u00e3o, n\u00e3o contava com esse tipo de ve\u00edculo. A conquista \u00e9 resultado [&hellip;]<\/p>\n","protected":false},"author":1,"featured_media":61400,"comment_status":"closed","ping_status":"open","sticky":false,"template":"","format":"standard","meta":{"_jetpack_newsletter_access":"","_jetpack_dont_email_post_to_subs":false,"_jetpack_newsletter_tier_id":0,"_jetpack_memberships_contains_paywalled_content":false,"_mbp_banners":[],"_jetpack_feature_clip_id":0,"_jetpack_memberships_contains_paid_content":false,"footnotes":"","jetpack_publicize_message":"","jetpack_publicize_feature_enabled":true,"jetpack_social_post_already_shared":true,"jetpack_social_options":{"image_generator_settings":{"template":"highway","default_image_id":0,"font":"","enabled":false},"version":2},"jetpack_post_was_ever_published":false},"categories":[1],"tags":[],"class_list":["post-61398","post","type-post","status-publish","format-standard","has-post-thumbnail","category-geral"],"jetpack_publicize_connections":[],"jetpack-related-posts":[],"jetpack_shortlink":"https:\/\/wp.me\/p7Eq1F-fYi","jetpack_sharing_enabled":true,"jetpack_featured_media_url":"https:\/\/i0.wp.com\/guialimeira.com.br\/news\/wp-content\/uploads\/2026\/04\/WhatsApp-Image-2026-04-13-at-20.46.34.jpeg?fit=1600%2C898&ssl=1","_links":{"self":[{"href":"https:\/\/guialimeira.com.br\/news\/wp-json\/wp\/v2\/posts\/61398","targetHints":{"allow":["GET"]}}],"collection":[{"href":"https:\/\/guialimeira.com.br\/news\/wp-json\/wp\/v2\/posts"}],"about":[{"href":"https:\/\/guialimeira.com.br\/news\/wp-json\/wp\/v2\/types\/post"}],"author":[{"embeddable":true,"href":"https:\/\/guialimeira.com.br\/news\/wp-json\/wp\/v2\/users\/1"}],"replies":[{"embeddable":true,"href":"https:\/\/guialimeira.com.br\/news\/wp-json\/wp\/v2\/comments?post=61398"}],"version-history":[{"count":1,"href":"https:\/\/guialimeira.com.br\/news\/wp-json\/wp\/v2\/posts\/61398\/revisions"}],"predecessor-version":[{"id":61401,"href":"https:\/\/guialimeira.com.br\/news\/wp-json\/wp\/v2\/posts\/61398\/revisions\/61401"}],"wp:featuredmedia":[{"embeddable":true,"href":"https:\/\/guialimeira.com.br\/news\/wp-json\/wp\/v2\/media\/61400"}],"wp:attachment":[{"href":"https:\/\/guialimeira.com.br\/news\/wp-json\/wp\/v2\/media?parent=61398"}],"wp:term":[{"taxonomy":"category","embeddable":true,"href":"https:\/\/guialimeira.com.br\/news\/wp-json\/wp\/v2\/categories?post=61398"},{"taxonomy":"post_tag","embeddable":true,"href":"https:\/\/guialimeira.com.br\/news\/wp-json\/wp\/v2\/tags?post=61398"}],"curies":[{"name":"wp","href":"https:\/\/api.w.org\/{rel}","templated":true}]}}