{"id":61384,"date":"2026-04-13T17:15:52","date_gmt":"2026-04-13T20:15:52","guid":{"rendered":"https:\/\/guialimeira.com.br\/campanha-voltada-a-inclusao-social-de-autistas-e-neurodivergentes-tem-apoio-da-camara-municipal\/"},"modified":"2026-04-13T17:15:52","modified_gmt":"2026-04-13T20:15:52","slug":"campanha-voltada-a-inclusao-social-de-autistas-e-neurodivergentes-tem-apoio-da-camara-municipal","status":"publish","type":"post","link":"https:\/\/guialimeira.com.br\/news\/campanha-voltada-a-inclusao-social-de-autistas-e-neurodivergentes-tem-apoio-da-camara-municipal\/","title":{"rendered":"Campanha voltada \u00e0 inclus\u00e3o social de autistas e neurodivergentes tem apoio da C\u00e2mara Municipal"},"content":{"rendered":"<p>Campanha voltada \u00e0 inclus\u00e3o social de autistas e neurodivergentes tem apoio da C\u00e2mara Municipal<\/p>\n<p>A C\u00e2mara Municipal de Limeira, por meio da Escola Legislativa Paulo Freire, \u00e9 uma das apoiadoras de uma capacita\u00e7\u00e3o gratu\u00edta que acontece no dia 16 de abril, das 14h \u00e0s 16h30, no Espa\u00e7o Elo, que fica no 1\u00ba andar anexo ao P\u00e1tio Limeira Shopping. A a\u00e7\u00e3o \u00e9 realizada pela Prefeitura de Limeira e faz parte da programa\u00e7\u00e3o da campanha Abril Azul, voltada \u00e0 promo\u00e7\u00e3o da inclus\u00e3o social de pessoas autistas e neurodivergentes.<\/p>\n<p>A palestra ser\u00e1 ministrada pelo m\u00e9dico psiquiatra Alfredo Piacentin e pela psicopedagoga Vania Sena. Conforme os organizadores, os especialistas abordar\u00e3o aspectos fundamentais do autismo, da neurodiverg\u00eancia e das pr\u00e1ticas inclusivas em ambientes coletivos, com foco no contexto de espa\u00e7os comerciais. Para se inscrever basta acessar o link: https:\/\/bit.ly\/47zc0kF.<\/p>\n<p>&#8220;Inclus\u00e3o social na era da neurodiverg\u00eancia&#8221;<\/p>\n<p>A cartilha digital &#8220;Inclus\u00e3o social na era da neurodiverg\u00eancia&#8221; ser\u00e1 distribu\u00edda durante a programa\u00e7\u00e3o. O material traz orienta\u00e7\u00f5es pr\u00e1ticas sobre: o que \u00e9 o autismo e a neurodiverg\u00eancia; estrat\u00e9gias simples de inclus\u00e3o no ambiente do com\u00e9rcio e orienta\u00e7\u00f5es para fam\u00edlias e comerciantes.<\/p>\n<p>A publica\u00e7\u00e3o tamb\u00e9m estar\u00e1 dispon\u00edvel em formato digital por meio de QR Codes distribu\u00eddos em pontos estrat\u00e9gicos do shopping, supermercados e estabelecimentos comerciais de Limeira para ampliar o acesso \u00e0 informa\u00e7\u00e3o e incentivar atitudes mais emp\u00e1ticas no dia a dia.<\/p>\n<p>*Com informa\u00e7\u00f5es da Secretaria de Comunica\u00e7\u00e3o Social da Prefeitura de Limeira<\/p>\n<hr>\n<p><em>Fonte: <a href=\"https:\/\/www.limeira.sp.leg.br\/noticias\/view\/2026-04-13_campanha-voltada-a-inclusao-social-de-autistas-e-neurodivergentes-tem-apoio-da-camara-municipal\" target=\"_blank\" rel=\"noopener\">C\u00e2mara Municipal de Limeira<\/a><\/em><\/p>\n","protected":false},"excerpt":{"rendered":"<p>Campanha voltada \u00e0 inclus\u00e3o social de autistas e neurodivergentes tem apoio da C\u00e2mara Municipal<\/p>\n<p>A C\u00e2mara Municipal de Limeira, por meio da Escola Legislativa Paulo Freire, \u00e9 uma das apoiadoras de uma capacita\u00e7\u00e3o gratu\u00edta que acontece no dia 16 de abril, das 14h \u00e0s 16h30, no Espa\u00e7o Elo, que fica no <\/p>\n","protected":false},"author":4,"featured_media":61383,"comment_status":"","ping_status":"open","sticky":false,"template":"","format":"standard","meta":{"_jetpack_newsletter_access":"","_jetpack_dont_email_post_to_subs":false,"_jetpack_newsletter_tier_id":0,"_jetpack_memberships_contains_paywalled_content":false,"_mbp_banners":[],"_jetpack_feature_clip_id":0,"_jetpack_memberships_contains_paid_content":false,"footnotes":"","jetpack_publicize_message":"","jetpack_publicize_feature_enabled":true,"jetpack_social_post_already_shared":true,"jetpack_social_options":{"image_generator_settings":{"template":"highway","default_image_id":0,"font":"","enabled":false},"version":2},"jetpack_post_was_ever_published":false},"categories":[19],"tags":[],"class_list":["post-61384","post","type-post","status-publish","format-standard","has-post-thumbnail","category-politica"],"jetpack_publicize_connections":[],"jetpack-related-posts":[],"jetpack_shortlink":"https:\/\/wp.me\/p7Eq1F-fY4","jetpack_sharing_enabled":true,"jetpack_featured_media_url":"https:\/\/i0.wp.com\/guialimeira.com.br\/news\/wp-content\/uploads\/2026\/04\/noticia-camara-73.jpg?fit=1280%2C640&ssl=1","_links":{"self":[{"href":"https:\/\/guialimeira.com.br\/news\/wp-json\/wp\/v2\/posts\/61384","targetHints":{"allow":["GET"]}}],"collection":[{"href":"https:\/\/guialimeira.com.br\/news\/wp-json\/wp\/v2\/posts"}],"about":[{"href":"https:\/\/guialimeira.com.br\/news\/wp-json\/wp\/v2\/types\/post"}],"author":[{"embeddable":true,"href":"https:\/\/guialimeira.com.br\/news\/wp-json\/wp\/v2\/users\/4"}],"replies":[{"embeddable":true,"href":"https:\/\/guialimeira.com.br\/news\/wp-json\/wp\/v2\/comments?post=61384"}],"version-history":[{"count":0,"href":"https:\/\/guialimeira.com.br\/news\/wp-json\/wp\/v2\/posts\/61384\/revisions"}],"wp:featuredmedia":[{"embeddable":true,"href":"https:\/\/guialimeira.com.br\/news\/wp-json\/wp\/v2\/media\/61383"}],"wp:attachment":[{"href":"https:\/\/guialimeira.com.br\/news\/wp-json\/wp\/v2\/media?parent=61384"}],"wp:term":[{"taxonomy":"category","embeddable":true,"href":"https:\/\/guialimeira.com.br\/news\/wp-json\/wp\/v2\/categories?post=61384"},{"taxonomy":"post_tag","embeddable":true,"href":"https:\/\/guialimeira.com.br\/news\/wp-json\/wp\/v2\/tags?post=61384"}],"curies":[{"name":"wp","href":"https:\/\/api.w.org\/{rel}","templated":true}]}}