{"id":61349,"date":"2026-04-13T12:20:54","date_gmt":"2026-04-13T15:20:54","guid":{"rendered":"https:\/\/guialimeira.com.br\/marcio-do-estacionamento-fiscaliza-areas-de-lazer-e-cobra-zeladoria-em-diversos-bairros\/"},"modified":"2026-04-13T12:20:54","modified_gmt":"2026-04-13T15:20:54","slug":"marcio-do-estacionamento-fiscaliza-areas-de-lazer-e-cobra-zeladoria-em-diversos-bairros","status":"publish","type":"post","link":"https:\/\/guialimeira.com.br\/news\/marcio-do-estacionamento-fiscaliza-areas-de-lazer-e-cobra-zeladoria-em-diversos-bairros\/","title":{"rendered":"M\u00e1rcio do Estacionamento fiscaliza \u00e1reas de lazer e cobra zeladoria em diversos bairros"},"content":{"rendered":"<p>M\u00e1rcio do Estacionamento fiscaliza \u00e1reas de lazer e cobra zeladoria em diversos bairros<\/p>\n<p>O vereador M\u00e1rcio do Estacionamento (DC) realizou, neste final de semana, entre os dias 11 e 12 de abril, uma s\u00e9rie de vistorias em \u00e1reas verdes e espa\u00e7os de lazer da cidade para fiscalizar o estado de conserva\u00e7\u00e3o desses locais. A iniciativa, conforme o parlamentar, busca dar resposta a reclama\u00e7\u00f5es de moradores sobre o abandono de pra\u00e7as e campos de futebol, que hoje sofrem com o mato alto e a falta de manuten\u00e7\u00e3o b\u00e1sica.<\/p>\n<p>O parlamentar informou que, durante a fiscaliza\u00e7\u00e3o, constatou que em pontos como Jardim Inocoop, Lagoa Nova, Novo Horizonte, Jos\u00e9 Cortez e tamb\u00e9m na \u00e1rea rural, o mato ultrapassa a altura permitida, o que impede o uso das \u00e1reas pelas fam\u00edlias e gera inseguran\u00e7a, favorecendo o aparecimento de insetos e animais pe\u00e7onhentos.<\/p>\n<p>Segundo Marcio, outro ponto identificado foi a situa\u00e7\u00e3o dos campos de futebol. &#8220;O esporte \u00e9 fundamental para a sa\u00fade e integra\u00e7\u00e3o dos nossos jovens, mas sem a manuten\u00e7\u00e3o adequada e a reposi\u00e7\u00e3o peri\u00f3dica da areia, esses campos se tornam inutiliz\u00e1veis e at\u00e9 perigosos&#8221;, afirmou o vereador.<\/p>\n<p>Cobran\u00e7a ao Executivo<\/p>\n<p>Com base nos dados coletados, o gabinete do vereador protocolou indica\u00e7\u00f5es (N\u00ba1494\/2026, 1497\/2026, 1551\/2026, 1585\/2026, 1589\/2026, 1596\/2026) oficializadas junto \u00e0 Prefeitura solicitando um cronograma imediato de ro\u00e7agem, limpeza e revitaliza\u00e7\u00e3o dos espa\u00e7os.<\/p>\n<p>&#8220;O nosso papel \u00e9 fiscalizar e garantir que o imposto do cidad\u00e3o retorne em forma de cuidado com a cidade. N\u00e3o podemos aceitar que \u00e1reas de lazer, que deveriam ser locais de bem-estar, fiquem entregues ao descaso&#8221;, pontuou o parlamentar.<\/p>\n<p>Do Gabinete Parlamentar \u2013 Vereador\u00a0 M\u00e1rcio dos Santos Vidal (DC)<\/p>\n<p>*Fotos do Gabinete parlamentar<\/p>\n<p>As mat\u00e9rias de origem dos Gabinetes Parlamentares s\u00e3o de inteira\u00a0 responsabilidade dos parlamentares e de suas assessorias. S\u00e3o devidamente assinadas e n\u00e3o refletem, necessariamente, a opini\u00e3o institucional da C\u00e2mara Municipal de Limeira.<\/p>\n<hr>\n<p><em>Fonte: <a href=\"https:\/\/www.limeira.sp.leg.br\/noticias\/view\/2026-04-13_marcio-do-estacionamento-fiscaliza-areas-de-lazer-e-cobra-zeladoria-em-diversos-bairros\" target=\"_blank\" rel=\"noopener\">C\u00e2mara Municipal de Limeira<\/a><\/em><\/p>\n","protected":false},"excerpt":{"rendered":"<p>M\u00e1rcio do Estacionamento fiscaliza \u00e1reas de lazer e cobra zeladoria em diversos bairros<\/p>\n<p>O vereador M\u00e1rcio do Estacionamento (DC) realizou, neste final de semana, entre os dias 11 e 12 de abril, uma s\u00e9rie de vistorias em \u00e1reas verdes e espa\u00e7os de lazer da cidade para fiscalizar o estado de conserva\u00e7<\/p>\n","protected":false},"author":4,"featured_media":61348,"comment_status":"","ping_status":"open","sticky":false,"template":"","format":"standard","meta":{"_jetpack_newsletter_access":"","_jetpack_dont_email_post_to_subs":false,"_jetpack_newsletter_tier_id":0,"_jetpack_memberships_contains_paywalled_content":false,"_mbp_banners":[],"_jetpack_feature_clip_id":0,"_jetpack_memberships_contains_paid_content":false,"footnotes":"","jetpack_publicize_message":"","jetpack_publicize_feature_enabled":true,"jetpack_social_post_already_shared":true,"jetpack_social_options":{"image_generator_settings":{"template":"highway","default_image_id":0,"font":"","enabled":false},"version":2},"jetpack_post_was_ever_published":false},"categories":[19],"tags":[],"class_list":["post-61349","post","type-post","status-publish","format-standard","has-post-thumbnail","category-politica"],"jetpack_publicize_connections":[],"jetpack-related-posts":[],"jetpack_shortlink":"https:\/\/wp.me\/p7Eq1F-fXv","jetpack_sharing_enabled":true,"jetpack_featured_media_url":"https:\/\/i0.wp.com\/guialimeira.com.br\/news\/wp-content\/uploads\/2026\/04\/noticia-camara-72.jpg?fit=1280%2C640&ssl=1","_links":{"self":[{"href":"https:\/\/guialimeira.com.br\/news\/wp-json\/wp\/v2\/posts\/61349","targetHints":{"allow":["GET"]}}],"collection":[{"href":"https:\/\/guialimeira.com.br\/news\/wp-json\/wp\/v2\/posts"}],"about":[{"href":"https:\/\/guialimeira.com.br\/news\/wp-json\/wp\/v2\/types\/post"}],"author":[{"embeddable":true,"href":"https:\/\/guialimeira.com.br\/news\/wp-json\/wp\/v2\/users\/4"}],"replies":[{"embeddable":true,"href":"https:\/\/guialimeira.com.br\/news\/wp-json\/wp\/v2\/comments?post=61349"}],"version-history":[{"count":0,"href":"https:\/\/guialimeira.com.br\/news\/wp-json\/wp\/v2\/posts\/61349\/revisions"}],"wp:featuredmedia":[{"embeddable":true,"href":"https:\/\/guialimeira.com.br\/news\/wp-json\/wp\/v2\/media\/61348"}],"wp:attachment":[{"href":"https:\/\/guialimeira.com.br\/news\/wp-json\/wp\/v2\/media?parent=61349"}],"wp:term":[{"taxonomy":"category","embeddable":true,"href":"https:\/\/guialimeira.com.br\/news\/wp-json\/wp\/v2\/categories?post=61349"},{"taxonomy":"post_tag","embeddable":true,"href":"https:\/\/guialimeira.com.br\/news\/wp-json\/wp\/v2\/tags?post=61349"}],"curies":[{"name":"wp","href":"https:\/\/api.w.org\/{rel}","templated":true}]}}