{"id":61342,"date":"2026-04-13T11:00:54","date_gmt":"2026-04-13T14:00:54","guid":{"rendered":"https:\/\/guialimeira.com.br\/parceria-entre-isabelly-carvalho-e-jilmar-tatto-garante-investimento-ao-cedeca\/"},"modified":"2026-04-13T11:00:54","modified_gmt":"2026-04-13T14:00:54","slug":"parceria-entre-isabelly-carvalho-e-jilmar-tatto-garante-investimento-ao-cedeca","status":"publish","type":"post","link":"https:\/\/guialimeira.com.br\/news\/parceria-entre-isabelly-carvalho-e-jilmar-tatto-garante-investimento-ao-cedeca\/","title":{"rendered":"Parceria entre Isabelly Carvalho e Jilmar Tatto garante investimento ao Cedeca"},"content":{"rendered":"<p>Parceria entre Isabelly Carvalho e Jilmar Tatto garante investimento ao Cedeca<\/p>\n<p>A convite da vereadora Isabelly Carvalho (PT). o deputado federal Jilmar Tatto (PT) esteve em visita ao Centro de Defesa dos Direitos da Crian\u00e7a e do Adolescente (Cedeca) \u201cDavid Arantes\u201d, em Limeira. A agenda ocorreu na ter\u00e7a-feira do dia 31 de mar\u00e7o, e, segundo a parlamentar, representa um ato de fortalecimento das pol\u00edticas p\u00fablicas voltadas \u00e0 prote\u00e7\u00e3o da inf\u00e2ncia e adolesc\u00eancia no munic\u00edpio.<\/p>\n<p>Durante o encontro, foi destacada a destina\u00e7\u00e3o de uma emenda parlamentar no valor de R$ 200 mil, viabilizada por meio da articula\u00e7\u00e3o da vereadora Isabelly Carvalho junto ao deputado. O recurso ser\u00e1 direcionado ao Cedeca \u201cDavid Arantes\u201d, entidade reconhecida pelo trabalho fundamental na defesa dos direitos de crian\u00e7as e adolescentes, contribuindo para a promo\u00e7\u00e3o da cidadania, o enfrentamento das viola\u00e7\u00f5es de direitos e o fortalecimento da rede de prote\u00e7\u00e3o social.<\/p>\n<p>Para a vereadora Isabelly Carvalho, a conquista da emenda representou um avan\u00e7o significativo para o munic\u00edpio. \u201cInvestir em institui\u00e7\u00f5es que atuam diretamente na prote\u00e7\u00e3o das nossas crian\u00e7as e adolescentes \u00e9 garantir um futuro mais justo e digno. Esse recurso chega em um momento importante e vai fortalecer ainda mais o trabalho desenvolvido pelo Cedeca\u201d, destacou.<\/p>\n<p>J\u00e1 Jilmar Tatto refor\u00e7ou seu compromisso com pol\u00edticas p\u00fablicas inclusivas e com o apoio \u00e0s entidades que atuam na base. \u201cNosso mandato est\u00e1 \u00e0 disposi\u00e7\u00e3o para contribuir com iniciativas que transformam vidas. O trabalho realizado pelo Cedeca \u00e9 essencial e merece todo o nosso apoio\u201d, afirmou.<\/p>\n<p>De acordo com a parlamentar, a visita tamb\u00e9m proporcionou a troca de experi\u00eancias com os profissionais da entidade, al\u00e9m da apresenta\u00e7\u00e3o das principais demandas e desafios enfrentados no atendimento \u00e0s crian\u00e7as e adolescentes em situa\u00e7\u00e3o de vulnerabilidade. \u201cA iniciativa refor\u00e7a a import\u00e2ncia da parceria entre o poder p\u00fablico e a sociedade civil na constru\u00e7\u00e3o de pol\u00edticas eficazes de prote\u00e7\u00e3o e garantia de direitos\u201d, afirmou Isabelly.<\/p>\n<p>Do Gabinete Parlamentar \u2013 Vereadora Isabelly Carvalho (PT)<\/p>\n<p>*Fotos do Gabinete Parlamentar<\/p>\n<p>As mat\u00e9rias de origem dos Gabinetes Parlamentares s\u00e3o de inteira\u00a0 responsabilidade dos parlamentares e de suas assessorias. S\u00e3o devidamente assinadas e n\u00e3o refletem, necessariamente, a opini\u00e3o institucional da C\u00e2mara Municipal de Limeira.<\/p>\n<hr>\n<p><em>Fonte: <a href=\"https:\/\/www.limeira.sp.leg.br\/noticias\/view\/2026-04-13_parceria-entre-isabelly-carvalho-e-jilmar-tatto-garante-investimento-ao-cedeca\" target=\"_blank\" rel=\"noopener\">C\u00e2mara Municipal de Limeira<\/a><\/em><\/p>\n","protected":false},"excerpt":{"rendered":"<p>Parceria entre Isabelly Carvalho e Jilmar Tatto garante investimento ao Cedeca<\/p>\n<p>A convite da vereadora Isabelly Carvalho (PT). o deputado federal Jilmar Tatto (PT) esteve em visita ao Centro de Defesa dos Direitos da Crian\u00e7a e do Adolescente (Cedeca) \u201cDavid Arantes\u201d, em Limeira. A agenda ocorreu na <\/p>\n","protected":false},"author":4,"featured_media":61341,"comment_status":"","ping_status":"open","sticky":false,"template":"","format":"standard","meta":{"_jetpack_newsletter_access":"","_jetpack_dont_email_post_to_subs":false,"_jetpack_newsletter_tier_id":0,"_jetpack_memberships_contains_paywalled_content":false,"_mbp_banners":[],"_jetpack_feature_clip_id":0,"_jetpack_memberships_contains_paid_content":false,"footnotes":"","jetpack_publicize_message":"","jetpack_publicize_feature_enabled":true,"jetpack_social_post_already_shared":true,"jetpack_social_options":{"image_generator_settings":{"template":"highway","default_image_id":0,"font":"","enabled":false},"version":2},"jetpack_post_was_ever_published":false},"categories":[19],"tags":[],"class_list":["post-61342","post","type-post","status-publish","format-standard","has-post-thumbnail","category-politica"],"jetpack_publicize_connections":[],"jetpack-related-posts":[],"jetpack_shortlink":"https:\/\/wp.me\/p7Eq1F-fXo","jetpack_sharing_enabled":true,"jetpack_featured_media_url":"https:\/\/i0.wp.com\/guialimeira.com.br\/news\/wp-content\/uploads\/2026\/04\/noticia-camara-71.jpg?fit=1280%2C640&ssl=1","_links":{"self":[{"href":"https:\/\/guialimeira.com.br\/news\/wp-json\/wp\/v2\/posts\/61342","targetHints":{"allow":["GET"]}}],"collection":[{"href":"https:\/\/guialimeira.com.br\/news\/wp-json\/wp\/v2\/posts"}],"about":[{"href":"https:\/\/guialimeira.com.br\/news\/wp-json\/wp\/v2\/types\/post"}],"author":[{"embeddable":true,"href":"https:\/\/guialimeira.com.br\/news\/wp-json\/wp\/v2\/users\/4"}],"replies":[{"embeddable":true,"href":"https:\/\/guialimeira.com.br\/news\/wp-json\/wp\/v2\/comments?post=61342"}],"version-history":[{"count":0,"href":"https:\/\/guialimeira.com.br\/news\/wp-json\/wp\/v2\/posts\/61342\/revisions"}],"wp:featuredmedia":[{"embeddable":true,"href":"https:\/\/guialimeira.com.br\/news\/wp-json\/wp\/v2\/media\/61341"}],"wp:attachment":[{"href":"https:\/\/guialimeira.com.br\/news\/wp-json\/wp\/v2\/media?parent=61342"}],"wp:term":[{"taxonomy":"category","embeddable":true,"href":"https:\/\/guialimeira.com.br\/news\/wp-json\/wp\/v2\/categories?post=61342"},{"taxonomy":"post_tag","embeddable":true,"href":"https:\/\/guialimeira.com.br\/news\/wp-json\/wp\/v2\/tags?post=61342"}],"curies":[{"name":"wp","href":"https:\/\/api.w.org\/{rel}","templated":true}]}}