{"id":6132,"date":"2024-05-23T15:39:46","date_gmt":"2024-05-23T18:39:46","guid":{"rendered":"https:\/\/guialimeira.com.br\/2024\/05\/23\/inscricoes-abertas-para-acao-nas-pracas-no-cecap\/"},"modified":"2024-05-23T15:39:46","modified_gmt":"2024-05-23T18:39:46","slug":"inscricoes-abertas-para-acao-nas-pracas-no-cecap","status":"publish","type":"post","link":"https:\/\/guialimeira.com.br\/news\/inscricoes-abertas-para-acao-nas-pracas-no-cecap\/","title":{"rendered":"Inscri\u00e7\u00f5es abertas para A\u00e7\u00e3o nas Pra\u00e7as no Cecap"},"content":{"rendered":"<p> <br \/>\n<\/p>\n<div>\n            <main class=\"\">&#13;<br \/>\n                &#13;<br \/>\n&#13;<br \/>\n&#13;<br \/>\n&#13;<br \/>\n    <img data-recalc-dims=\"1\" decoding=\"async\" src=\"https:\/\/i0.wp.com\/ecrie.com.br\/sistema\/conteudos\/imagem\/m_137_18_67_15122022150125.jpg?w=696&#038;ssl=1\" alt=\"Inscri\u00e7\u00f5es abertas para A\u00e7\u00e3o nas Pra\u00e7as no Cecap\"\/>&#13;<br \/>\n&#13;<\/p>\n<p class=\"western\" style=\"text-align: justify;\" align=\"justify\">A Prefeitura de Limeira, por meio da Secretaria de Esporte e Lazer, promove a nova edi\u00e7\u00e3o do projeto \u201cA\u00e7\u00e3o nas Pra\u00e7as\u201d. O evento ser\u00e1 em 23 de junho (domingo), a partir das 8h, na Pra\u00e7a de Esportes Eduardo Basso (Gigant\u00e3o), no Cecap. O evento ter\u00e1 torneios de Basquete 3&#215;3 (categoria livre), Futev\u00f4lei (categoria livre) e V\u00f4lei de Praia (quarteto misto). A iniciativa faz parte do programa Limeira Ativa e Saud\u00e1vel.<\/p>\n<p>&#13;<\/p>\n<p class=\"western\" style=\"text-align: justify;\" align=\"justify\">Para participar, \u00e9 necess\u00e1rio se inscrever previamente, pessoalmente, na Secretaria de Esporte e Lazer \u2013 localizada no Edif\u00edcio Prada (Pa\u00e7o Municipal) ou pelo e-mail (<a href=\"https:\/\/limeira.sp.gov.br\/cdn-cgi\/l\/email-protection\" class=\"__cf_email__\" data-cfemail=\"5c2f393f2e39283d2e353d3839392f2c332e28392f1c30353139352e3d722f2c723b332a723e2e\" rel=\"noopener\">[email\u00a0protected]<\/a>) at\u00e9 o dia 16 de junho ou at\u00e9 durarem as vagas. A ficha de inscri\u00e7\u00e3o e o regulamento podem ser consultados no site da prefeitura (<span style=\"color: #000080;\"><span lang=\"zxx\"><u><a href=\"http:\/\/www.limeira.sp.gov.br\/secretarias\/esporte-e-lazer\/regulamentos\" rel=\"noopener\">www.limeira.sp.gov.br\/secretarias\/esporte-e-lazer\/regulamentos<\/a><\/u><\/span><\/span>).<\/p>\n<p>&#13;<\/p>\n<p class=\"western\" style=\"text-align: justify;\" align=\"justify\">Mais informa\u00e7\u00f5es podem ser obtidas pelo telefone 3404-9713.<\/p>\n<p>&#13;<br \/>\n&#13;<br \/>\n&#13;<br \/>\n&#13;<\/p>\n<aside class=\"list-related no-print\">&#13;<br \/>\n        &#13;<br \/>\n&#13;<\/p>\n<article class=\"list-item noticias \">&#13;<br \/>\n                    <a class=\"list-item__img\" href=\"https:\/\/limeira.sp.gov.br\/imprensa\/noticias\/esporte-e-lazer\/copa-jaboti-tem-final-nesta-sexta-feira-24\" tabindex=\"-1\" aria-hidden=\"true\" rel=\"noopener\">&#13;<br \/>\n                        <img data-recalc-dims=\"1\" decoding=\"async\" src=\"https:\/\/i0.wp.com\/ecrie.com.br\/sistema\/conteudos\/imagem\/m_137_0_1_23052024125006.jpeg?w=696&#038;ssl=1\" alt=\"Copa Jaboti tem final nesta sexta-feira (24)\"\/>&#13;<br \/>\n                    <\/a>&#13;<br \/>\n&#13;<br \/>\n                &#13;<br \/>\n            <\/article>\n<p>&#13;<\/p>\n<article class=\"list-item noticias \">&#13;<br \/>\n                    <a class=\"list-item__img\" href=\"https:\/\/limeira.sp.gov.br\/imprensa\/noticias\/esporte-e-lazer\/campanha-de-incentivo-a-pratica-esportiva-chega-a-sua30-edicao\" tabindex=\"-1\" aria-hidden=\"true\" rel=\"noopener\">&#13;<br \/>\n                        <img data-recalc-dims=\"1\" decoding=\"async\" src=\"https:\/\/i0.wp.com\/ecrie.com.br\/sistema\/conteudos\/imagem\/m_137_0_1_23052024120622.jpg?w=696&#038;ssl=1\" alt=\"Campanha de incentivo \u00e0 pr\u00e1tica esportiva chega a sua\u00a030\u00aa edi\u00e7\u00e3o\"\/>&#13;<br \/>\n                    <\/a>&#13;<br \/>\n&#13;<br \/>\n                &#13;<br \/>\n            <\/article>\n<p>&#13;<\/p>\n<article class=\"list-item noticias \">&#13;<br \/>\n                    <a class=\"list-item__img\" href=\"https:\/\/limeira.sp.gov.br\/imprensa\/noticias\/esporte-e-lazer\/campeonato-voleibol-master-tem-finais-neste-domingo\" tabindex=\"-1\" aria-hidden=\"true\" rel=\"noopener\">&#13;<br \/>\n                        <img data-recalc-dims=\"1\" decoding=\"async\" src=\"https:\/\/i0.wp.com\/ecrie.com.br\/sistema\/conteudos\/imagem\/m_137_0_1_19052024093110.jpeg?w=696&#038;ssl=1\" alt=\"Campeonato Voleibol Master tem finais neste domingo\"\/>&#13;<br \/>\n                    <\/a>&#13;<br \/>\n&#13;<br \/>\n                &#13;<br \/>\n            <\/article>\n<p>&#13;<br \/>\n    <\/aside>\n<p>&#13;<br \/>\n&#13;<br \/>\n            <\/main><\/p><\/div>\n<p><br \/>\n<br \/><a href=\"https:\/\/limeira.sp.gov.br\/inscricoes-abertas-para-acao-nas-pracas-no-cecap\" rel=\"noopener\">Informa\u00e7\u00f5es da PML <\/a><\/p>\n","protected":false},"excerpt":{"rendered":"<p>&#13; &#13; &#13; &#13; &#13; &#13; &#13; A Prefeitura de Limeira, por meio da Secretaria de Esporte e Lazer, promove a nova edi\u00e7\u00e3o do projeto \u201cA\u00e7\u00e3o nas Pra\u00e7as\u201d. O evento ser\u00e1 em 23 de junho (domingo), a partir das 8h, na Pra\u00e7a de Esportes Eduardo Basso (Gigant\u00e3o), no Cecap. O evento ter\u00e1 torneios de Basquete [&hellip;]<\/p>\n","protected":false},"author":1,"featured_media":6133,"comment_status":"open","ping_status":"open","sticky":false,"template":"","format":"standard","meta":{"_jetpack_newsletter_access":"","_jetpack_dont_email_post_to_subs":false,"_jetpack_newsletter_tier_id":0,"_jetpack_memberships_contains_paywalled_content":false,"_mbp_banners":[],"_jetpack_feature_clip_id":0,"_jetpack_memberships_contains_paid_content":false,"footnotes":"","jetpack_publicize_message":"","jetpack_publicize_feature_enabled":true,"jetpack_social_post_already_shared":true,"jetpack_social_options":{"image_generator_settings":{"template":"highway","default_image_id":0,"font":"","enabled":false},"version":2},"jetpack_post_was_ever_published":false},"categories":[16],"tags":[],"class_list":["post-6132","post","type-post","status-publish","format-standard","has-post-thumbnail","category-local"],"jetpack_publicize_connections":[],"jetpack-related-posts":[],"jetpack_shortlink":"https:\/\/wp.me\/p7Eq1F-1AU","jetpack_sharing_enabled":true,"jetpack_featured_media_url":"https:\/\/i0.wp.com\/guialimeira.com.br\/news\/wp-content\/uploads\/2024\/05\/m_137_18_67_15122022150125.jpg?fit=848%2C570&ssl=1","_links":{"self":[{"href":"https:\/\/guialimeira.com.br\/news\/wp-json\/wp\/v2\/posts\/6132","targetHints":{"allow":["GET"]}}],"collection":[{"href":"https:\/\/guialimeira.com.br\/news\/wp-json\/wp\/v2\/posts"}],"about":[{"href":"https:\/\/guialimeira.com.br\/news\/wp-json\/wp\/v2\/types\/post"}],"author":[{"embeddable":true,"href":"https:\/\/guialimeira.com.br\/news\/wp-json\/wp\/v2\/users\/1"}],"replies":[{"embeddable":true,"href":"https:\/\/guialimeira.com.br\/news\/wp-json\/wp\/v2\/comments?post=6132"}],"version-history":[{"count":0,"href":"https:\/\/guialimeira.com.br\/news\/wp-json\/wp\/v2\/posts\/6132\/revisions"}],"wp:featuredmedia":[{"embeddable":true,"href":"https:\/\/guialimeira.com.br\/news\/wp-json\/wp\/v2\/media\/6133"}],"wp:attachment":[{"href":"https:\/\/guialimeira.com.br\/news\/wp-json\/wp\/v2\/media?parent=6132"}],"wp:term":[{"taxonomy":"category","embeddable":true,"href":"https:\/\/guialimeira.com.br\/news\/wp-json\/wp\/v2\/categories?post=6132"},{"taxonomy":"post_tag","embeddable":true,"href":"https:\/\/guialimeira.com.br\/news\/wp-json\/wp\/v2\/tags?post=6132"}],"curies":[{"name":"wp","href":"https:\/\/api.w.org\/{rel}","templated":true}]}}