{"id":6121,"date":"2024-05-23T15:16:45","date_gmt":"2024-05-23T18:16:45","guid":{"rendered":"https:\/\/guialimeira.com.br\/2024\/05\/23\/ponte-do-esqueleto-volta-a-ser-assunto-na-comissao-de-saude-e-turismo-da-camara\/"},"modified":"2024-05-23T15:16:45","modified_gmt":"2024-05-23T18:16:45","slug":"ponte-do-esqueleto-volta-a-ser-assunto-na-comissao-de-saude-e-turismo-da-camara","status":"publish","type":"post","link":"https:\/\/guialimeira.com.br\/news\/ponte-do-esqueleto-volta-a-ser-assunto-na-comissao-de-saude-e-turismo-da-camara\/","title":{"rendered":"Ponte do Esqueleto volta a ser assunto na Comiss\u00e3o de Sa\u00fade e Turismo da C\u00e2mara"},"content":{"rendered":"<p> <br \/>\n<\/p>\n<div>\n<p>A Ponte do Esqueleto voltou a ser assunto na reuni\u00e3o da Comiss\u00e3o de Sa\u00fade, Lazer, Esporte e Turismo da C\u00e2mara de Limeira desta quinta-feira, 23 de maio. O colegiado recebeu o empres\u00e1rio Danilo Druziane, que pediu apoio dos parlamentares para buscar autoriza\u00e7\u00e3o para que empresas que atuam com esportes de aventura continuem operando no local.<\/p>\n<p>A Ponte do Esqueleto localizada na Estrada Doutor C\u00e1ssio de Freitas Levy, na zona rural de Limeira, lim\u00edtrofe entre Cordeir\u00f3polis, foi palco de um acidente no dia 28 de abril, quando uma ciclista de Rio Claro morreu ao cair de uma altura de quase 15 metros, quando fazia o percurso de bicicleta, juntamente com o marido e amigos.<\/p>\n<p>Ap\u00f3s o ocorrido, a Superintend\u00eancia do Patrim\u00f4nio da Uni\u00e3o do Estado de S\u00e3o Paulo solicitou \u00e0 Prefeitura de Limeira que realizasse o bloqueio do acesso \u00e0 estrutura e que providenciasse sinaliza\u00e7\u00e3o de perigo no local, conforme <a href=\"https:\/\/www.youtube.com\/watch?v=QZPRu7-0gbg\" rel=\"noopener\">not\u00edcia veiculada pela rede RF TV no dia 16 de maio<\/a>.<\/p>\n<p>Danilo Druziane procurou a Comiss\u00e3o exatamente para saber como ficaria a situa\u00e7\u00e3o deste bloqueio e para saber se \u00e9 poss\u00edvel conseguir autoriza\u00e7\u00e3o para que a empresa dele, que trabalha com o <i>rope jump<\/i>, pr\u00e1tica esportiva realizada com corda de trabalho em altura, continue operando no local. Ele pontuou que outras tr\u00eas empresas profissionais da \u00e1rea tamb\u00e9m fazem uso da Ponte do Esqueleto para eventos.<\/p>\n<p>Para buscar esclarecimentos sobre o assunto, a Comiss\u00e3o de Meio Ambiente convidou o secret\u00e1rio de Desenvolvimento, Turismo e Inova\u00e7\u00e3o, Jos\u00e9 Fran\u00e7a Almirall, para participar da reuni\u00e3o do colegiado no dia 6 de junho, a partir das 10h30. Os trabalhos ser\u00e3o transmitidos ao vivo pelos canais de comunica\u00e7\u00e3o do Legislativo no <a href=\"https:\/\/www.youtube.com\/user\/camaradelimeira\" rel=\"noopener\">Youtube<\/a>, <a href=\"https:\/\/www.facebook.com\/camaradelimeira\/\" rel=\"noopener\">Facebook<\/a> e <a href=\"http:\/\/www.limeira.sp.leg.br\/sessoes\/aovivo\" rel=\"noopener\">Site<\/a>.<\/p>\n<p>A Ponte do Esqueleto tamb\u00e9m foi o assunto tratado na <a href=\"https:\/\/www.limeira.sp.leg.br\/noticias\/view\/2024-05-09_comissao-de-saude-e-turismo-recebe-demanda-sobre-ponte-do-esqueleto\" rel=\"noopener\">reuni\u00e3o da Comiss\u00e3o do dia 9 de maio<\/a>, quando o mun\u00edcipe Edmilson Gon\u00e7alves apresentou demandas sobre a seguran\u00e7a do local e pediu que a estrutura fosse transformada em ponto tur\u00edstico da cidade.<\/p>\n<p><strong>A Comiss\u00e3o<\/strong><\/p>\n<p>A Comiss\u00e3o de Sa\u00fade, Lazer, Esporte e Turismo \u00e9 respons\u00e1vel por apurar den\u00fancias e fiscalizar a\u00e7\u00f5es que tratem do Sistema \u00danico de Sa\u00fade (SUS) e seguridade social, vigil\u00e2ncia sanit\u00e1ria, epidemiol\u00f3gica e nutricional; seguran\u00e7a e sa\u00fade do trabalhador e turismo, bem como de programas esportivos, recreativos e de lazer voltados \u00e0 cidade de Limeira.\u00a0<\/p>\n<p>Fazem parte do colegiado os vereadores Dr. J\u00falio (MDB), presidente; Jorge de Freitas (PRD), vice-presidente; e Lu Bogo (PL), secret\u00e1ria. As reuni\u00f5es acontecem \u00e0s quintas-feiras, a partir das 10h30 e todas as delibera\u00e7\u00f5es s\u00e3o registradas em <a href=\"http:\/\/consulta.limeira.sp.leg.br\/arquivo?Id=445707\" rel=\"noopener\">ata<\/a>.\u00a0<\/p>\n<\/p><\/div>\n<p><br \/>\n<br \/><a href=\"https:\/\/www.limeira.sp.leg.br\/noticias\/view\/2024-05-23_ponte-do-esqueleto-volta-a-ser-assunto-na-comissao-de-saude-e-turismo-da-camara\" rel=\"noopener\">Informa\u00e7\u00f5es CML<\/a><\/p>\n","protected":false},"excerpt":{"rendered":"<p>A Ponte do Esqueleto voltou a ser assunto na reuni\u00e3o da Comiss\u00e3o de Sa\u00fade, Lazer, Esporte e Turismo da C\u00e2mara de Limeira desta quinta-feira, 23 de maio. O colegiado recebeu o empres\u00e1rio Danilo Druziane, que pediu apoio dos parlamentares para buscar autoriza\u00e7\u00e3o para que empresas que atuam com esportes de aventura continuem operando no local. [&hellip;]<\/p>\n","protected":false},"author":1,"featured_media":0,"comment_status":"open","ping_status":"open","sticky":false,"template":"","format":"standard","meta":{"_jetpack_newsletter_access":"","_jetpack_dont_email_post_to_subs":false,"_jetpack_newsletter_tier_id":0,"_jetpack_memberships_contains_paywalled_content":false,"_mbp_banners":[],"_jetpack_feature_clip_id":0,"_jetpack_memberships_contains_paid_content":false,"footnotes":"","jetpack_publicize_message":"","jetpack_publicize_feature_enabled":true,"jetpack_social_post_already_shared":true,"jetpack_social_options":{"image_generator_settings":{"template":"highway","default_image_id":0,"font":"","enabled":false},"version":2},"jetpack_post_was_ever_published":false},"categories":[19],"tags":[],"class_list":["post-6121","post","type-post","status-publish","format-standard","category-politica"],"jetpack_publicize_connections":[],"jetpack-related-posts":[],"jetpack_shortlink":"https:\/\/wp.me\/p7Eq1F-1AJ","jetpack_sharing_enabled":true,"jetpack_featured_media_url":"","_links":{"self":[{"href":"https:\/\/guialimeira.com.br\/news\/wp-json\/wp\/v2\/posts\/6121","targetHints":{"allow":["GET"]}}],"collection":[{"href":"https:\/\/guialimeira.com.br\/news\/wp-json\/wp\/v2\/posts"}],"about":[{"href":"https:\/\/guialimeira.com.br\/news\/wp-json\/wp\/v2\/types\/post"}],"author":[{"embeddable":true,"href":"https:\/\/guialimeira.com.br\/news\/wp-json\/wp\/v2\/users\/1"}],"replies":[{"embeddable":true,"href":"https:\/\/guialimeira.com.br\/news\/wp-json\/wp\/v2\/comments?post=6121"}],"version-history":[{"count":0,"href":"https:\/\/guialimeira.com.br\/news\/wp-json\/wp\/v2\/posts\/6121\/revisions"}],"wp:attachment":[{"href":"https:\/\/guialimeira.com.br\/news\/wp-json\/wp\/v2\/media?parent=6121"}],"wp:term":[{"taxonomy":"category","embeddable":true,"href":"https:\/\/guialimeira.com.br\/news\/wp-json\/wp\/v2\/categories?post=6121"},{"taxonomy":"post_tag","embeddable":true,"href":"https:\/\/guialimeira.com.br\/news\/wp-json\/wp\/v2\/tags?post=6121"}],"curies":[{"name":"wp","href":"https:\/\/api.w.org\/{rel}","templated":true}]}}