{"id":6115,"date":"2024-05-23T14:28:48","date_gmt":"2024-05-23T17:28:48","guid":{"rendered":"https:\/\/guialimeira.com.br\/2024\/05\/23\/professores-da-rede-estadual-tem-ate-amanha-para-se-inscrever-no-concurso-de-remocao\/"},"modified":"2024-05-23T14:28:48","modified_gmt":"2024-05-23T17:28:48","slug":"professores-da-rede-estadual-tem-ate-amanha-para-se-inscrever-no-concurso-de-remocao","status":"publish","type":"post","link":"https:\/\/guialimeira.com.br\/news\/professores-da-rede-estadual-tem-ate-amanha-para-se-inscrever-no-concurso-de-remocao\/","title":{"rendered":"Professores da rede estadual t\u00eam at\u00e9 amanh\u00e3 para se inscrever no concurso de remo\u00e7\u00e3o"},"content":{"rendered":"<p> <br \/>\n<\/p>\n<div id=\"\">&#13;<br \/>\n                                <!-- Title -->&#13;<br \/>\n                                &#13;<br \/>\n&#13;<br \/>\n                                <!-- Excerpt -->&#13;<\/p>\n<p class=\"excerpt\">Podem participar do processo docentes das 91 Diretorias Regionais de Ensino de S\u00e3o Paulo; resultados ser\u00e3o divulgados em julho<\/p>\n<p>&#13;<br \/>\n&#13;<br \/>\n                                &#13;\n                            <\/p><\/div>\n<div id=\"\">&#13;<\/p>\n<figure id=\"attachment_5890019\" style=\"width: 100%;max-width: 757px\" class=\"wp-caption alignnone\"><img data-recalc-dims=\"1\" decoding=\"async\" loading=\"lazy\" class=\"wp-image-5890019 \" src=\"https:\/\/i0.wp.com\/www.saopaulo.sp.gov.br\/wp-content\/uploads\/2024\/05\/foto-recorte-4-scaled-e1716481526284-300x183.jpg?resize=696%2C425&#038;ssl=1\" alt=\"\" width=\"696\" height=\"425\" srcset=\"https:\/\/www.saopaulo.sp.gov.br\/wp-content\/uploads\/2024\/05\/foto-recorte-4-scaled-e1716481526284-300x183.jpg 300w, https:\/\/www.saopaulo.sp.gov.br\/wp-content\/uploads\/2024\/05\/foto-recorte-4-scaled-e1716481526284-1024x625.jpg 1024w, https:\/\/www.saopaulo.sp.gov.br\/wp-content\/uploads\/2024\/05\/foto-recorte-4-scaled-e1716481526284-768x469.jpg 768w, https:\/\/www.saopaulo.sp.gov.br\/wp-content\/uploads\/2024\/05\/foto-recorte-4-scaled-e1716481526284-1536x937.jpg 1536w, https:\/\/www.saopaulo.sp.gov.br\/wp-content\/uploads\/2024\/05\/foto-recorte-4-scaled-e1716481526284.jpg 1552w\" sizes=\"auto, (max-width: 757px) 100vw, 757px\"\/><figcaption class=\"wp-caption-text\">O processo \u00e9 aberto a docentes do Ensino Fundamental e Ensino M\u00e9dio<\/figcaption><\/figure>\n<p>Termina nesta sexta-feira (24) o prazo para inscri\u00e7\u00f5es no concurso de remo\u00e7\u00e3o exclusivo a professores efetivos da rede estadual de S\u00e3o Paulo. O processo \u00e9 aberto a docentes do Ensino Fundamental (anos iniciais e finais) e Ensino M\u00e9dio interessados em mudar de unidade. O edital com as regras foi publicado na edi\u00e7\u00e3o de 14 de maio do\u00a0<a href=\"https:\/\/www.imprensaoficial.com.br\/downloads\/pdf\/edicao\/20240514EXEC3SUP.pdf\" target=\"_blank\" rel=\"noopener noreferrer\">Di\u00e1rio Oficial do Estado<\/a>.<\/p>\n<p>As inscri\u00e7\u00f5es s\u00e3o on-line no site\u00a0<a href=\"http:\/\/portalnet.educacao.sp.gov.br\/\" target=\"_blank\" rel=\"noopener noreferrer\">portalnet.educacao.sp.gov.br<\/a>. Al\u00e9m do cadastro, o prazo m\u00e1ximo para entrega dos documentos nas escolas tamb\u00e9m se encerra amanh\u00e3. Os resultados ser\u00e3o divulgados at\u00e9 30 de julho.<\/p>\n<p>Ser\u00e3o aceitas solicita\u00e7\u00f5es por motivo de uni\u00e3o de c\u00f4njuge (civil ou est\u00e1vel) e por t\u00edtulos (aperfei\u00e7oamento, especializa\u00e7\u00e3o, mestrado e doutorado). Em caso de desempate, ser\u00e3o considerados o tempo de trabalho no servi\u00e7o p\u00fablico, n\u00famero de filhos e idade.<\/p>\n<p>A expectativa \u00e9 que os docentes removidos participem da atribui\u00e7\u00e3o de classes e aulas v\u00e1lida para o ano letivo de 2025 j\u00e1 nos novos endere\u00e7os. Hoje, mais de 85 mil dos docentes que atuam na rede estadual s\u00e3o efetivos.<\/p>\n<p>Siga o canal \u201cGoverno de S\u00e3o Paulo\u201d no WhatsApp:<br \/><a href=\"https:\/\/bit.ly\/govspnozap\" target=\"_blank\" rel=\"noopener noreferrer\">https:\/\/bit.ly\/govspnozap<\/a><\/p>\n<\/p><\/div>\n<p><br \/>\n<br \/><a href=\"https:\/\/www.saopaulo.sp.gov.br\/spnoticias\/ultimas-noticias\/professores-de-sp-tem-ate-sexta-24-para-se-inscrever-no-concurso-de-transferencia\/\" rel=\"noopener\">Informa\u00e7\u00f5es GOV.SP<\/a><\/p>\n","protected":false},"excerpt":{"rendered":"<p>&#13; &#13; &#13; &#13; &#13; Podem participar do processo docentes das 91 Diretorias Regionais de Ensino de S\u00e3o Paulo; resultados ser\u00e3o divulgados em julho &#13; &#13; &#13; &#13; O processo \u00e9 aberto a docentes do Ensino Fundamental e Ensino M\u00e9dio Termina nesta sexta-feira (24) o prazo para inscri\u00e7\u00f5es no concurso de remo\u00e7\u00e3o exclusivo a professores [&hellip;]<\/p>\n","protected":false},"author":1,"featured_media":6116,"comment_status":"open","ping_status":"open","sticky":false,"template":"","format":"standard","meta":{"_jetpack_newsletter_access":"","_jetpack_dont_email_post_to_subs":false,"_jetpack_newsletter_tier_id":0,"_jetpack_memberships_contains_paywalled_content":false,"_mbp_banners":[],"_jetpack_feature_clip_id":0,"_jetpack_memberships_contains_paid_content":false,"footnotes":"","jetpack_publicize_message":"","jetpack_publicize_feature_enabled":true,"jetpack_social_post_already_shared":true,"jetpack_social_options":{"image_generator_settings":{"template":"highway","default_image_id":0,"font":"","enabled":false},"version":2},"jetpack_post_was_ever_published":false},"categories":[21],"tags":[],"class_list":["post-6115","post","type-post","status-publish","format-standard","has-post-thumbnail","category-sp-news"],"jetpack_publicize_connections":[],"jetpack-related-posts":[],"jetpack_shortlink":"https:\/\/wp.me\/p7Eq1F-1AD","jetpack_sharing_enabled":true,"jetpack_featured_media_url":"https:\/\/i0.wp.com\/guialimeira.com.br\/news\/wp-content\/uploads\/2024\/05\/Professores-da-rede-estadual-tem-ate-amanha-para-se-inscrever.jpg?fit=300%2C183&ssl=1","_links":{"self":[{"href":"https:\/\/guialimeira.com.br\/news\/wp-json\/wp\/v2\/posts\/6115","targetHints":{"allow":["GET"]}}],"collection":[{"href":"https:\/\/guialimeira.com.br\/news\/wp-json\/wp\/v2\/posts"}],"about":[{"href":"https:\/\/guialimeira.com.br\/news\/wp-json\/wp\/v2\/types\/post"}],"author":[{"embeddable":true,"href":"https:\/\/guialimeira.com.br\/news\/wp-json\/wp\/v2\/users\/1"}],"replies":[{"embeddable":true,"href":"https:\/\/guialimeira.com.br\/news\/wp-json\/wp\/v2\/comments?post=6115"}],"version-history":[{"count":0,"href":"https:\/\/guialimeira.com.br\/news\/wp-json\/wp\/v2\/posts\/6115\/revisions"}],"wp:featuredmedia":[{"embeddable":true,"href":"https:\/\/guialimeira.com.br\/news\/wp-json\/wp\/v2\/media\/6116"}],"wp:attachment":[{"href":"https:\/\/guialimeira.com.br\/news\/wp-json\/wp\/v2\/media?parent=6115"}],"wp:term":[{"taxonomy":"category","embeddable":true,"href":"https:\/\/guialimeira.com.br\/news\/wp-json\/wp\/v2\/categories?post=6115"},{"taxonomy":"post_tag","embeddable":true,"href":"https:\/\/guialimeira.com.br\/news\/wp-json\/wp\/v2\/tags?post=6115"}],"curies":[{"name":"wp","href":"https:\/\/api.w.org\/{rel}","templated":true}]}}