{"id":61137,"date":"2026-04-10T17:40:55","date_gmt":"2026-04-10T20:40:55","guid":{"rendered":"https:\/\/guialimeira.com.br\/tatiane-lopes-se-reune-com-professoras-da-unicamp-para-discutir-protecao-e-direitos-dos-animais-comunitarios\/"},"modified":"2026-04-10T17:40:55","modified_gmt":"2026-04-10T20:40:55","slug":"tatiane-lopes-se-reune-com-professoras-da-unicamp-para-discutir-protecao-e-direitos-dos-animais-comunitarios","status":"publish","type":"post","link":"https:\/\/guialimeira.com.br\/news\/tatiane-lopes-se-reune-com-professoras-da-unicamp-para-discutir-protecao-e-direitos-dos-animais-comunitarios\/","title":{"rendered":"Tatiane Lopes se re\u00fane com professoras da Unicamp para discutir prote\u00e7\u00e3o e direitos dos animais comunit\u00e1rios"},"content":{"rendered":"<p>Tatiane Lopes se re\u00fane com professoras da Unicamp para discutir prote\u00e7\u00e3o e direitos dos animais comunit\u00e1rios<\/p>\n<p>A vereadora Tatiane Lopes (Avante) se reuniu nesta ter\u00e7a-feira, 7 de abril, com as professoras Marli e Maria Aparecida, com a servidora Silvia e o doutorando Murilo, nas instala\u00e7\u00f5es da Unicamp Campus I Limeira, para dialogar sobre a situa\u00e7\u00e3o de um animal comunit\u00e1rio que vive no campus da institui\u00e7\u00e3o. \u201cA cachorrinha, carinhosamente chamada de Pretinha, reside no local h\u00e1 cerca de dois anos e \u00e9 amplamente querida, cuidada e respeitada por professores, alunos e funcion\u00e1rios\u201d, relatou a parlamentar.<\/p>\n<p>Durante o encontro, foram discutidas medidas para garantir a prote\u00e7\u00e3o e o bem-estar do animal, al\u00e9m de estrat\u00e9gias para fortalecer a conviv\u00eancia harmoniosa entre a comunidade acad\u00eamica e os animais comunit\u00e1rios, segundo Tatiane.<\/p>\n<p>\u201cApesar do acolhimento por grande parte da comunidade, ainda existem pessoas que n\u00e3o compreendem a import\u00e2ncia de respeitar a presen\u00e7a desses animais. Ressalta-se que os animais comunit\u00e1rios s\u00e3o protegidos por lei\u201d, refor\u00e7ou a vereadora.<\/p>\n<p>Tatiane Lopes destacou a necessidade de ampliar a conscientiza\u00e7\u00e3o sobre o tema, incentivando o respeito e a conviv\u00eancia pac\u00edfica com os animais, que j\u00e1 integram o cotidiano de diversos espa\u00e7os p\u00fablicos.<\/p>\n<p>Do Gabinete Parlamentar &#8211; Vereadora Tatiane Lopes (Avante)<\/p>\n<p>*Fotos do Gabinete parlamentar<\/p>\n<p>As mat\u00e9rias de origem dos Gabinetes Parlamentares s\u00e3o de inteira\u00a0 responsabilidade dos parlamentares e de suas assessorias. S\u00e3o devidamente assinadas e n\u00e3o refletem, necessariamente, a opini\u00e3o institucional da C\u00e2mara Municipal de Limeira.<\/p>\n<hr>\n<p><em>Fonte: <a href=\"https:\/\/www.limeira.sp.leg.br\/noticias\/view\/2026-04-10_tatiane-lopes-se-reune-com-professoras-da-unicamp-para-discutir-protecao-e-direitos-dos-animais-comunitarios\" target=\"_blank\" rel=\"noopener\">C\u00e2mara Municipal de Limeira<\/a><\/em><\/p>\n","protected":false},"excerpt":{"rendered":"<p>Tatiane Lopes se re\u00fane com professoras da Unicamp para discutir prote\u00e7\u00e3o e direitos dos animais comunit\u00e1rios<\/p>\n<p>A vereadora Tatiane Lopes (Avante) se reuniu nesta ter\u00e7a-feira, 7 de abril, com as professoras Marli e Maria Aparecida, com a servidora Silvia e o doutorando Murilo, nas instala\u00e7\u00f5es da Unica<\/p>\n","protected":false},"author":4,"featured_media":61136,"comment_status":"","ping_status":"open","sticky":false,"template":"","format":"standard","meta":{"_jetpack_newsletter_access":"","_jetpack_dont_email_post_to_subs":false,"_jetpack_newsletter_tier_id":0,"_jetpack_memberships_contains_paywalled_content":false,"_mbp_banners":[],"_jetpack_feature_clip_id":0,"_jetpack_memberships_contains_paid_content":false,"footnotes":"","jetpack_publicize_message":"","jetpack_publicize_feature_enabled":true,"jetpack_social_post_already_shared":true,"jetpack_social_options":{"image_generator_settings":{"template":"highway","default_image_id":0,"font":"","enabled":false},"version":2},"jetpack_post_was_ever_published":false},"categories":[19],"tags":[],"class_list":["post-61137","post","type-post","status-publish","format-standard","has-post-thumbnail","category-politica"],"jetpack_publicize_connections":[],"jetpack-related-posts":[],"jetpack_shortlink":"https:\/\/wp.me\/p7Eq1F-fU5","jetpack_sharing_enabled":true,"jetpack_featured_media_url":"https:\/\/i0.wp.com\/guialimeira.com.br\/news\/wp-content\/uploads\/2026\/04\/noticia-camara-68.jpg?fit=1280%2C640&ssl=1","_links":{"self":[{"href":"https:\/\/guialimeira.com.br\/news\/wp-json\/wp\/v2\/posts\/61137","targetHints":{"allow":["GET"]}}],"collection":[{"href":"https:\/\/guialimeira.com.br\/news\/wp-json\/wp\/v2\/posts"}],"about":[{"href":"https:\/\/guialimeira.com.br\/news\/wp-json\/wp\/v2\/types\/post"}],"author":[{"embeddable":true,"href":"https:\/\/guialimeira.com.br\/news\/wp-json\/wp\/v2\/users\/4"}],"replies":[{"embeddable":true,"href":"https:\/\/guialimeira.com.br\/news\/wp-json\/wp\/v2\/comments?post=61137"}],"version-history":[{"count":0,"href":"https:\/\/guialimeira.com.br\/news\/wp-json\/wp\/v2\/posts\/61137\/revisions"}],"wp:featuredmedia":[{"embeddable":true,"href":"https:\/\/guialimeira.com.br\/news\/wp-json\/wp\/v2\/media\/61136"}],"wp:attachment":[{"href":"https:\/\/guialimeira.com.br\/news\/wp-json\/wp\/v2\/media?parent=61137"}],"wp:term":[{"taxonomy":"category","embeddable":true,"href":"https:\/\/guialimeira.com.br\/news\/wp-json\/wp\/v2\/categories?post=61137"},{"taxonomy":"post_tag","embeddable":true,"href":"https:\/\/guialimeira.com.br\/news\/wp-json\/wp\/v2\/tags?post=61137"}],"curies":[{"name":"wp","href":"https:\/\/api.w.org\/{rel}","templated":true}]}}