{"id":61104,"date":"2026-04-10T14:05:52","date_gmt":"2026-04-10T17:05:52","guid":{"rendered":"https:\/\/guialimeira.com.br\/zeladoria-urbana-e-arborizacao-comissao-de-meio-ambiente-realiza-debate-entre-poder-publico-e-sociedade\/"},"modified":"2026-04-10T14:05:52","modified_gmt":"2026-04-10T17:05:52","slug":"zeladoria-urbana-e-arborizacao-comissao-de-meio-ambiente-realiza-debate-entre-poder-publico-e-sociedade","status":"publish","type":"post","link":"https:\/\/guialimeira.com.br\/news\/zeladoria-urbana-e-arborizacao-comissao-de-meio-ambiente-realiza-debate-entre-poder-publico-e-sociedade\/","title":{"rendered":"Zeladoria urbana e arboriza\u00e7\u00e3o: Comiss\u00e3o de Meio Ambiente realiza debate entre poder p\u00fablico e sociedade"},"content":{"rendered":"<p>Zeladoria urbana e arboriza\u00e7\u00e3o: Comiss\u00e3o de Meio Ambiente realiza debate entre poder p\u00fablico e sociedade<\/p>\n<p>Zeladoria e arboriza\u00e7\u00e3o urbana: responsabilidade do poder p\u00fablico, concession\u00e1rias e sociedade. Esse foi o tema da audi\u00eancia p\u00fablica realizada na C\u00e2mara Municipal de Limeira, nesta quinta-feira, 9 de abril. Durante o debate, Legislativo, Prefeitura e representantes da sociedade civil discorreram sobre os impactos e a responsabilidade integrada na manuten\u00e7\u00e3o de \u00e1reas p\u00fablicas.<\/p>\n<p>O evento foi realizado por meio da Comiss\u00e3o de Meio Ambiente, composta por Felipe Penedo (PL), presidente; Tatiane Lopes (Avante), vice-presidente; e Helder do T\u00e1xi (PSD), secret\u00e1rio e tamb\u00e9m presidente da Comiss\u00e3o de Obras e Planejamento Urbano. O presidente da C\u00e2mara, Everton Ferreira (PSD), os vereadores Carlinhos do Grotta (PL) e Waguinho da Santa Luzia (PP) fizeram questionamentos.<\/p>\n<p>Representando a Prefeitura, participaram o secret\u00e1rio Municipal de Meio Ambiente e Saneamento, F\u00e1bio Luccas Rosa Junior, o diretor do Departamento de Manuten\u00e7\u00e3o, Conserva\u00e7\u00e3o e Servi\u00e7os P\u00fablicos, Renan Corbini, da Secretaria de Obras. Tamb\u00e9m estavam presentes Jo\u00e1s Rodrigues, Andr\u00e9 Fernandes, Ana Faria, e Andrey Emerson, todos da concession\u00e1ria Neoenergia\/Elektro; o diretor da Associa\u00e7\u00e3o Comercial e Industrial de Limeira (Acil), Francisco de Salis Gachet, bem como a vice-presidente da Associa\u00e7\u00e3o dos Engenheiros e Arquitetos de Limeira (Aeal), Silvia Santos Costa.<\/p>\n<p>Da sociedade civil, contribu\u00edram com as discuss\u00f5es o presidente da Associa\u00e7\u00e3o dos Moradores do Jardim Aeroporto, Mariano Freire dos Santos; al\u00e9m de Paulo Masuti Levy, da Associa\u00e7\u00e3o San Pietro; os mun\u00edcipes Samir Chuluc Vieira, Renan Martins, arborista, e Fernando Henrique de Azevedo, arquiteto.<\/p>\n<p>A audi\u00eancia foi transmitida ao vivo pelos canais de comunica\u00e7\u00e3o do Legislativo limeirense; o v\u00eddeo com o debate na \u00edntegra est\u00e1 dispon\u00edvel neste link. O registro tamb\u00e9m consta em ata.<\/p>\n<p>Desafios<\/p>\n<p>Ao abrir o di\u00e1logo com os participantes, o vereador Felipe Penedo discorreu sobre a urg\u00eancia de alinhar a preserva\u00e7\u00e3o do patrim\u00f4nio arb\u00f3reo com a seguran\u00e7a da infraestrutura urbana, especialmente diante do aumento de eventos clim\u00e1ticos severos.<\/p>\n<p>Um dos desafios pautados foi tra\u00e7ar alternativas para superar gargalos operacionais para manuten\u00e7\u00e3o das pra\u00e7as, \u00e1reas verdes e demais pontos de arboriza\u00e7\u00e3o nas vias. Outro aspecto observado pela Comiss\u00e3o, pela Prefeitura e demais participantes \u00e9 a necessidade de conscientizar a popula\u00e7\u00e3o sobre como as \u00e1rvores podem ser partes essenciais na infraestrutura urbana, tanto para promover conforto t\u00e9rmico, como qualidade de vida.<\/p>\n<p>Demandas represadas<\/p>\n<p>Os vereadores questionaram sobre as tratativas envolvendo o detalhamento dos fluxos de atendimento para poda e supress\u00e3o de \u00e1rvores. Renan Corbini respondeu que hoje as demandas s\u00e3o registradas por meio de canais oficiais como o 156 e o aplicativo E-Ouve ou ainda por encaminhamentos feitos pelos vereadores por meio de indica\u00e7\u00f5es e requerimentos. Segundo ele, as interven\u00e7\u00f5es em \u00e1reas pr\u00f3ximas \u00e0 rede el\u00e9trica s\u00e3o feitas com a integra\u00e7\u00e3o direta com a concession\u00e1ria Neoenergia Elektro.<\/p>\n<p>Um dos pontos apresentados durante a reuni\u00e3o foi a situa\u00e7\u00e3o do cronograma de servi\u00e7os de poda e supress\u00e3o. Os representantes da Prefeitura informaram que o Munic\u00edpio ficou por um per\u00edodo de 45 dias sem execu\u00e7\u00e3o desses servi\u00e7os devido quest\u00f5es contratuais com a empresa licitada \u00e0 \u00e9poca, o que gerou um ac\u00famulo de protocolos.<\/p>\n<p>De acordo com Corbini, o atendimento est\u00e1 sendo normalizado com o suporte de empresas terceirizadas, bem como do Cons\u00f3rcio Intermunicipal para o Desenvolvimento Sustent\u00e1vel (Condesu) na execu\u00e7\u00e3o de servi\u00e7os de zeladoria urbana. Tamb\u00e9m foi mencionado que o servi\u00e7o de supress\u00e3o conta hoje com o uso de t\u00e9cnicas de destoca mecanizada para evitar danos \u00e0s cal\u00e7adas e tubula\u00e7\u00f5es de \u00e1gua e esgoto.<\/p>\n<p>Conforme a Prefeitura, atualmente, h\u00e1 cerca de 600 protocolos de supress\u00e3o represados, parte deles autorizados e inseridos no cronograma para realiza\u00e7\u00e3o. A prioridade informada \u00e9 para casos que apresentam maior risco de queda, de acidentes, os demais seguem a ordem de protocolos, dos mais antigos aos mais recentes.<\/p>\n<p>Alternativas estruturais<\/p>\n<p>Especialistas e mun\u00edcipes levantaram uma discuss\u00e3o mais t\u00e9cnica propondo alternativas para efici\u00eancia da gest\u00e3o de arboriza\u00e7\u00e3o. Entre as sugest\u00f5es destacadas est\u00e1 a divis\u00e3o da cidade em regi\u00f5es para que a zeladoria seja feita de forma setorizada.<\/p>\n<p>A implementa\u00e7\u00e3o gradual de fia\u00e7\u00e3o subterr\u00e2nea em novos empreendimentos, evitando o conflito hist\u00f3rico entre galhos e cabos de energia foi outra sugest\u00e3o apresentada.\u00a0 Paulo Levy citou a arboriza\u00e7\u00e3o planejada da \u00e1rea residencial San Pietro. O vereador Filipe concordou que, apesar das dificuldades demonstradas pela Prefeitura para execu\u00e7\u00e3o e custo desse tipo de projeto pelo poder p\u00fablico, \u00e9 poss\u00edvel que futuros loteamentos contemplem e se adequem a esse modelo.<\/p>\n<p>O combate \u00e0s esp\u00e9cies ex\u00f3ticas e invasoras, como a leucena, tamb\u00e9m foi pautado pelos mun\u00edcipes. Tanto Samir Vieira como Renan Martins falaram sobre a experi\u00eancia com a erradica\u00e7\u00e3o dessa e de outras esp\u00e9cies. Eles citaram que o trabalho executado hoje pela administra\u00e7\u00e3o municipal n\u00e3o \u00e9 eficaz, pois n\u00e3o extingue completamente as plantas invasoras o que gera o retrabalho e maior custo para a Prefeitura.<\/p>\n<p>O secret\u00e1rio de Meio Ambiente, F\u00e1bio Luccas, esclareceu que n\u00e3o h\u00e1 uma contrata\u00e7\u00e3o espec\u00edfica para erradicar a leucena e que o servi\u00e7o \u00e9 feito pelas empresas de poda. Ele reconheceu que a Prefeitura deve adotar protocolos mais adequados a essa realidade e que trabalha na elabora\u00e7\u00e3o de um Plano de Erradica\u00e7\u00e3o espec\u00edfico, uma vez que a retirada definitiva dessas esp\u00e9cies exige t\u00e9cnicas mais complexas do que a simples poda corretiva. \u201c\u00c9 uma vontade do prefeito Murilo F\u00e9lix e tentaremos encaixar no or\u00e7amento para iniciar o processo licitat\u00f3rio que contemple este trabalho de erradica\u00e7\u00e3o\u201d, mencionou.<\/p>\n<p>Foi destacado ainda a import\u00e2ncia da supress\u00e3o de \u00e1rvores e a substitui\u00e7\u00e3o dessas esp\u00e9cies por mudas nativas, mais adequadas ao passeio p\u00fablico.<\/p>\n<p>Participa\u00e7\u00e3o social<\/p>\n<p>Um exemplo de pol\u00edtica p\u00fablica mais defendido pelos convidados foi a educa\u00e7\u00e3o ambiental. Os representantes da Neoenergia Elektro inclusive se dispuseram a contribuir com a doa\u00e7\u00e3o de mudas e com campanhas educativas. A Comiss\u00e3o de Meio Ambiente e o secret\u00e1rio Fabio Luccas enfatizaram que a popula\u00e7\u00e3o precisa ser parceira na fiscaliza\u00e7\u00e3o e no cuidado com as \u00e1rvores.<\/p>\n<p>O arquiteto Fernando Azevedo defendeu que o conceito arboriza\u00e7\u00e3o vai al\u00e9m do aspecto est\u00e9tico, trata-se de uma estrat\u00e9gia de sustentabilidade e bem-estar humano no contexto da infraestrutura urbana. Ele citou o impacto positivo, por exemplo, para o conforto t\u00e9rmico na cidade, e a mobilidade de pedestres em \u00e1reas mais sombreadas.<\/p>\n<p>Considera\u00e7\u00f5es<\/p>\n<p>Ao encerrar a audi\u00eancia p\u00fablica, o presidente da Comiss\u00e3o, Felipe Penedo, resumiu os principais pontos discutidos e destacou a necessidade de uma gest\u00e3o integrada e mais transparente dos processos. Para o parlamentar, o debate foi fundamental para alinhar temas e engajamento entre os participantes. Ele citou a possibilidade de treinamento das equipes de zeladoria, inclusive por meio de parceria p\u00fablico-privada, a defini\u00e7\u00e3o de cronogramas de manuten\u00e7\u00e3o e zeladoria com mais transpar\u00eancia pela Prefeitura.<\/p>\n<p>O vereador tamb\u00e9m ponderou que a educa\u00e7\u00e3o ambiental deve ser vista como estrat\u00e9gica. &#8220;Precisamos popularizar as orienta\u00e7\u00f5es sobre o plantio correto e a escolha de esp\u00e9cies adequadas. Existe uma demanda alta por remo\u00e7\u00f5es que, muitas vezes, poderia ser evitada com informa\u00e7\u00e3o, com conscientiza\u00e7\u00e3o sobre a import\u00e2ncia dos indiv\u00edduos arb\u00f3reos. Tamb\u00e9m pe\u00e7o um olhar mais atento da Secretaria de Meio Ambiente \u00e0 divulga\u00e7\u00e3o e orienta\u00e7\u00e3o sobre a arboriza\u00e7\u00e3o urbana, de modo que a popula\u00e7\u00e3o compreenda os benef\u00edcios.&#8221;<\/p>\n<p>Por fim, a Comiss\u00e3o defendeu que tanto a arboriza\u00e7\u00e3o quanto a manuten\u00e7\u00e3o urbana devem ser executadas de acordo com a realidade or\u00e7ament\u00e1ria e operacional do Munic\u00edpio, priorizando \u00e1rvores de porte adequado para que consigam sobreviver ao ambiente urbano e cumprir a fun\u00e7\u00e3o ecol\u00f3gica.<\/p>\n<hr>\n<p><em>Fonte: <a href=\"https:\/\/www.limeira.sp.leg.br\/noticias\/view\/2026-04-10_zeladoria-urbana-e-arborizacao-comissao-de-meio-ambiente-realiza-debate-entre-poder-publico-e-sociedade\" target=\"_blank\" rel=\"noopener\">C\u00e2mara Municipal de Limeira<\/a><\/em><\/p>\n","protected":false},"excerpt":{"rendered":"<p>Zeladoria urbana e arboriza\u00e7\u00e3o: Comiss\u00e3o de Meio Ambiente realiza debate entre poder p\u00fablico e sociedade<\/p>\n<p>Zeladoria e arboriza\u00e7\u00e3o urbana: responsabilidade do poder p\u00fablico, concession\u00e1rias e sociedade. Esse foi o tema da audi\u00eancia p\u00fablica realizada na C\u00e2mara Municipal de Limeira, nesta quinta-feira,<\/p>\n","protected":false},"author":4,"featured_media":61103,"comment_status":"","ping_status":"open","sticky":false,"template":"","format":"standard","meta":{"_jetpack_newsletter_access":"","_jetpack_dont_email_post_to_subs":false,"_jetpack_newsletter_tier_id":0,"_jetpack_memberships_contains_paywalled_content":false,"_mbp_banners":[],"_jetpack_feature_clip_id":0,"_jetpack_memberships_contains_paid_content":false,"footnotes":"","jetpack_publicize_message":"","jetpack_publicize_feature_enabled":true,"jetpack_social_post_already_shared":true,"jetpack_social_options":{"image_generator_settings":{"template":"highway","default_image_id":0,"font":"","enabled":false},"version":2},"jetpack_post_was_ever_published":false},"categories":[19],"tags":[],"class_list":["post-61104","post","type-post","status-publish","format-standard","has-post-thumbnail","category-politica"],"jetpack_publicize_connections":[],"jetpack-related-posts":[],"jetpack_shortlink":"https:\/\/wp.me\/p7Eq1F-fTy","jetpack_sharing_enabled":true,"jetpack_featured_media_url":"https:\/\/i0.wp.com\/guialimeira.com.br\/news\/wp-content\/uploads\/2026\/04\/noticia-camara-66.jpg?fit=1280%2C640&ssl=1","_links":{"self":[{"href":"https:\/\/guialimeira.com.br\/news\/wp-json\/wp\/v2\/posts\/61104","targetHints":{"allow":["GET"]}}],"collection":[{"href":"https:\/\/guialimeira.com.br\/news\/wp-json\/wp\/v2\/posts"}],"about":[{"href":"https:\/\/guialimeira.com.br\/news\/wp-json\/wp\/v2\/types\/post"}],"author":[{"embeddable":true,"href":"https:\/\/guialimeira.com.br\/news\/wp-json\/wp\/v2\/users\/4"}],"replies":[{"embeddable":true,"href":"https:\/\/guialimeira.com.br\/news\/wp-json\/wp\/v2\/comments?post=61104"}],"version-history":[{"count":0,"href":"https:\/\/guialimeira.com.br\/news\/wp-json\/wp\/v2\/posts\/61104\/revisions"}],"wp:featuredmedia":[{"embeddable":true,"href":"https:\/\/guialimeira.com.br\/news\/wp-json\/wp\/v2\/media\/61103"}],"wp:attachment":[{"href":"https:\/\/guialimeira.com.br\/news\/wp-json\/wp\/v2\/media?parent=61104"}],"wp:term":[{"taxonomy":"category","embeddable":true,"href":"https:\/\/guialimeira.com.br\/news\/wp-json\/wp\/v2\/categories?post=61104"},{"taxonomy":"post_tag","embeddable":true,"href":"https:\/\/guialimeira.com.br\/news\/wp-json\/wp\/v2\/tags?post=61104"}],"curies":[{"name":"wp","href":"https:\/\/api.w.org\/{rel}","templated":true}]}}