{"id":61102,"date":"2026-04-10T14:00:49","date_gmt":"2026-04-10T17:00:49","guid":{"rendered":"https:\/\/guialimeira.com.br\/camara-de-limeira-vota-11-projetos-na-sessao-de-segunda-feira-13\/"},"modified":"2026-04-10T14:00:49","modified_gmt":"2026-04-10T17:00:49","slug":"camara-de-limeira-vota-11-projetos-na-sessao-de-segunda-feira-13","status":"publish","type":"post","link":"https:\/\/guialimeira.com.br\/news\/camara-de-limeira-vota-11-projetos-na-sessao-de-segunda-feira-13\/","title":{"rendered":"C\u00e2mara de Limeira vota 11 projetos na sess\u00e3o de segunda-feira (13)"},"content":{"rendered":"<p>C\u00e2mara de Limeira vota 11 projetos na sess\u00e3o de segunda-feira (13)<\/p>\n<p>Na pr\u00f3xima sess\u00e3o ordin\u00e1ria da C\u00e2mara, na segunda-feira, 13 de mar\u00e7o, os vereadores votam 11 projetos pautados na Ordem do Dia. Os parlamentares tamb\u00e9m discutem requerimentos e votam mo\u00e7\u00f5es durante o Expediente. Os trabalhos s\u00e3o transmitidos ao vivo pelos canais de comunica\u00e7\u00e3o do Legislativo no Youtube, Facebook e site, e pela r\u00e1dio Limeira FM 106,9, a partir das 17h.<\/p>\n<p>Devido \u00e0s obras de reforma e amplia\u00e7\u00e3o da sede, a C\u00e2mara est\u00e1 localizada na rua Clarino Peixoto, 280 &#8211; Jardim Maria Buchi Modeneis; para entrar no pr\u00e9dio e acompanhar as sess\u00f5es presencialmente basta se identificar na portaria e seguir at\u00e9 o \u00faltimo bloco.\u00a0 Para saber como chegar no novo endere\u00e7o, acesse este link.<\/p>\n<p>Confira as proposituras que v\u00e3o \u00e0 vota\u00e7\u00e3o:<\/p>\n<p>Contas Municipais N\u00ba 1\/2025, parecer do Tribunal de Contas do Estado de S\u00e3o Paulo (TCESP), sobre as contas municipais do exerc\u00edcio de\u00a0 2023 (TC-004582.989.23-2).<\/p>\n<p>Projeto de Lei N\u00ba 176\/2025, do vereador Felipe Penedo (PL), disp\u00f5e sobre as diretrizes para a manuten\u00e7\u00e3o, prumo, integridade e organiza\u00e7\u00e3o dos postes de ilumina\u00e7\u00e3o, energia e telecomunica\u00e7\u00f5es no Munic\u00edpio.<\/p>\n<p>Projeto de Lei N\u00ba 196\/2025, da vereadora Mara Isa Mattos Silveira (PL), assegura aos residentes de Limeira o \u201cPrograma de Conscientiza\u00e7\u00e3o e Combate \u00e0 Adultiza\u00e7\u00e3o\u201d nas escolas da rede p\u00fablica municipal de ensino.<\/p>\n<p>Projeto de Lei N\u00ba 14\/2026, da Prefeitura, autoriza o Executivo Municipal a aceitar e declarar como cidades-irm\u00e3s os munic\u00edpios de Limeira (SP), Estado da Rep\u00fablica Federativa do Brasil, e o de Ganzhou, localizado na prov\u00edncia de Jiangxi na Rep\u00fablica Popular da China.<\/p>\n<p>Projeto de Lei N\u00ba 16\/2026, da Prefeitura, altera dispositivos da Lei N\u00b0 5.339\/2014, que disp\u00f5e sobre a cria\u00e7\u00e3o do Fundo Municipal de Gest\u00e3o Urbana (Fundurb).<\/p>\n<p>Projeto de Lei N\u00ba 20\/2026, da Prefeitura, institui o Programa Educa\u00e7\u00e3o Animal &#8211; Educa Pet como pol\u00edtica p\u00fablica no \u00e2mbito do Munic\u00edpio.<\/p>\n<p>Projeto de Lei N\u00ba 21\/2026, da Prefeitura, autoriza o munic\u00edpio de Limeira a integrar o Cons\u00f3rcio Nacional de Cidades Inteligentes (Conacin).<\/p>\n<p>Projeto de Lei N\u00ba 31\/2026, da Prefeitura, disp\u00f5e sobre a Reprograma\u00e7\u00e3o das Emendas Parlamentares Impositivas constantes da Lei Or\u00e7ament\u00e1ria Anual (LOA) vigente e autoriza a abertura de Cr\u00e9ditos Adicionais Especial e Suplementar.<\/p>\n<p>Projeto de Lei N\u00ba 38\/2026, da Prefeitura, institui no \u00e2mbito de Limeira, a Pol\u00edtica Municipal de Destina\u00e7\u00e3o Ambientalmente Adequada de Corpos de Animais Dom\u00e9sticos e domestic\u00e1veis, bem como cria o Programa Municipal &#8220;Pet Anjo&#8221;.<\/p>\n<p>Projeto de Lei N\u00ba 39\/2026, da Prefeitura, perpetua o nome de Warley Ant\u00f4nio Grotta, ao Distrito Industrial, com gleba localizada na Fazenda Santa Ad\u00e9lia, com frente para a rodovia SP-351 (Limeira &#8211; Iracem\u00e1polis).<\/p>\n<p>Projeto de Decreto Legislativo N\u00ba 5\/2026, da vereadora Tatiane Lopes (Avante), concede o Diploma \u201cHonra e Bravura\u201d, nos termos da Resolu\u00e7\u00e3o N\u00ba 913\/2025.<\/p>\n<hr>\n<p><em>Fonte: <a href=\"https:\/\/www.limeira.sp.leg.br\/noticias\/view\/2026-04-10_camara-de-limeira-vota-11-projetos-na-sessao-de-segundafeira-13\" target=\"_blank\" rel=\"noopener\">C\u00e2mara Municipal de Limeira<\/a><\/em><\/p>\n","protected":false},"excerpt":{"rendered":"<p>C\u00e2mara de Limeira vota 11 projetos na sess\u00e3o de segunda-feira (13)<\/p>\n<p>Na pr\u00f3xima sess\u00e3o ordin\u00e1ria da C\u00e2mara, na segunda-feira, 13 de mar\u00e7o, os vereadores votam 11 projetos pautados na Ordem do Dia. Os parlamentares tamb\u00e9m discutem requerimentos e votam mo\u00e7\u00f5es durante o Expediente. Os trabalhos s\u00e3o tra<\/p>\n","protected":false},"author":4,"featured_media":61101,"comment_status":"","ping_status":"open","sticky":false,"template":"","format":"standard","meta":{"_jetpack_newsletter_access":"","_jetpack_dont_email_post_to_subs":false,"_jetpack_newsletter_tier_id":0,"_jetpack_memberships_contains_paywalled_content":false,"_mbp_banners":[],"_jetpack_feature_clip_id":0,"_jetpack_memberships_contains_paid_content":false,"footnotes":"","jetpack_publicize_message":"","jetpack_publicize_feature_enabled":true,"jetpack_social_post_already_shared":true,"jetpack_social_options":{"image_generator_settings":{"template":"highway","default_image_id":0,"font":"","enabled":false},"version":2},"jetpack_post_was_ever_published":false},"categories":[19],"tags":[],"class_list":["post-61102","post","type-post","status-publish","format-standard","has-post-thumbnail","category-politica"],"jetpack_publicize_connections":[],"jetpack-related-posts":[],"jetpack_shortlink":"https:\/\/wp.me\/p7Eq1F-fTw","jetpack_sharing_enabled":true,"jetpack_featured_media_url":"https:\/\/i0.wp.com\/guialimeira.com.br\/news\/wp-content\/uploads\/2026\/04\/noticia-camara-65.jpg?fit=1280%2C640&ssl=1","_links":{"self":[{"href":"https:\/\/guialimeira.com.br\/news\/wp-json\/wp\/v2\/posts\/61102","targetHints":{"allow":["GET"]}}],"collection":[{"href":"https:\/\/guialimeira.com.br\/news\/wp-json\/wp\/v2\/posts"}],"about":[{"href":"https:\/\/guialimeira.com.br\/news\/wp-json\/wp\/v2\/types\/post"}],"author":[{"embeddable":true,"href":"https:\/\/guialimeira.com.br\/news\/wp-json\/wp\/v2\/users\/4"}],"replies":[{"embeddable":true,"href":"https:\/\/guialimeira.com.br\/news\/wp-json\/wp\/v2\/comments?post=61102"}],"version-history":[{"count":0,"href":"https:\/\/guialimeira.com.br\/news\/wp-json\/wp\/v2\/posts\/61102\/revisions"}],"wp:featuredmedia":[{"embeddable":true,"href":"https:\/\/guialimeira.com.br\/news\/wp-json\/wp\/v2\/media\/61101"}],"wp:attachment":[{"href":"https:\/\/guialimeira.com.br\/news\/wp-json\/wp\/v2\/media?parent=61102"}],"wp:term":[{"taxonomy":"category","embeddable":true,"href":"https:\/\/guialimeira.com.br\/news\/wp-json\/wp\/v2\/categories?post=61102"},{"taxonomy":"post_tag","embeddable":true,"href":"https:\/\/guialimeira.com.br\/news\/wp-json\/wp\/v2\/tags?post=61102"}],"curies":[{"name":"wp","href":"https:\/\/api.w.org\/{rel}","templated":true}]}}