{"id":61100,"date":"2026-04-10T13:55:49","date_gmt":"2026-04-10T16:55:49","guid":{"rendered":"https:\/\/guialimeira.com.br\/com-17-mil-pessoas-na-regiao-moradores-pedem-funcionamento-da-unidade-de-saude-do-santa-eulalia-e-everton-ferreira-cobra-data-de-inauguracao\/"},"modified":"2026-04-10T13:55:49","modified_gmt":"2026-04-10T16:55:49","slug":"com-17-mil-pessoas-na-regiao-moradores-pedem-funcionamento-da-unidade-de-saude-do-santa-eulalia-e-everton-ferreira-cobra-data-de-inauguracao","status":"publish","type":"post","link":"https:\/\/guialimeira.com.br\/news\/com-17-mil-pessoas-na-regiao-moradores-pedem-funcionamento-da-unidade-de-saude-do-santa-eulalia-e-everton-ferreira-cobra-data-de-inauguracao\/","title":{"rendered":"Com 17 mil pessoas na regi\u00e3o, moradores pedem funcionamento da Unidade de Sa\u00fade do Santa Eul\u00e1lia e Everton Ferreira cobra data de inaugura\u00e7\u00e3o"},"content":{"rendered":"<p>Com 17 mil pessoas na regi\u00e3o, moradores pedem funcionamento da Unidade de Sa\u00fade do Santa Eul\u00e1lia e Everton Ferreira cobra data de inaugura\u00e7\u00e3o<\/p>\n<p>O vereador Everton Ferreira (PSD) esteve nesta quinta-feira, 9 de abril, no pr\u00e9dio da Unidade de Sa\u00fade do Jardim Santa Eul\u00e1lia para acompanhar a situa\u00e7\u00e3o da estrutura e refor\u00e7ar a cobran\u00e7a de inaugura\u00e7\u00e3o e in\u00edcio do funcionamento da unidade, que atender\u00e1 cerca de 17 mil pessoas, que residem nos bairros da regi\u00e3o.<\/p>\n<p>Durante a visita, o parlamentar conferiu as condi\u00e7\u00f5es do pr\u00e9dio e protocolou o Requerimento N\u00ba 290\/2026, solicitando ao Poder Executivo informa\u00e7\u00f5es detalhadas sobre o cronograma de entrega da unidade e in\u00edcio dos atendimentos \u00e0 popula\u00e7\u00e3o.<\/p>\n<p>No documento, Everton questionou qual \u00e9 a previs\u00e3o oficial para a inaugura\u00e7\u00e3o, o prazo para o in\u00edcio efetivo dos atendimentos, al\u00e9m da previs\u00e3o de contrata\u00e7\u00e3o ou remanejamento de profissionais que ir\u00e3o compor a equipe da unidade.<\/p>\n<p>O requerimento tamb\u00e9m solicita informa\u00e7\u00f5es sobre as especialidades que ser\u00e3o oferecidas, o n\u00famero de profissionais que atuar\u00e3o no local, a capacidade estimada de atendimento e se existe um cronograma detalhado para a entrega e in\u00edcio das atividades.<\/p>\n<p>Segundo o vereador, a iniciativa tem como objetivo garantir transpar\u00eancia e dar uma resposta aos moradores da regi\u00e3o, que aguardam pela abertura do equipamento de sa\u00fade. \u201cO pr\u00e9dio est\u00e1 praticamente pronto e a popula\u00e7\u00e3o quer saber quando, de fato, poder\u00e1 utilizar o servi\u00e7o. Protocolamos esse requerimento para que a Prefeitura informe oficialmente os prazos e a estrutura de atendimento que ser\u00e1 disponibilizada na unidade\u201d, afirmou.<\/p>\n<p>Em janeiro deste ano, Everton j\u00e1 havia visitado o local para verificar o andamento das obras e solicitar informa\u00e7\u00f5es sobre a previs\u00e3o de funcionamento. Na ocasi\u00e3o, ele destacou que a implanta\u00e7\u00e3o do equipamento foi uma demanda apresentada pelos moradores da regi\u00e3o e que ele refor\u00e7ou \u00e0 gest\u00e3o anterior a necessidade de implementa\u00e7\u00e3o de uma unidade ali.<\/p>\n<p>\u201cO recurso seria usado para asfalto, mas deixamos claro que a principal urg\u00eancia era garantir atendimento de sa\u00fade mais pr\u00f3ximo das fam\u00edlias. O ent\u00e3o prefeito M\u00e1rio Botion atendeu nosso pedido e iniciou a obra, que agora teve sua estrutura f\u00edsica conclu\u00edda na gest\u00e3o do prefeito Murilo F\u00e9lix\u201d, destacou o vereador.<\/p>\n<p>Do Gabinete Parlamentar \u2013 Vereador Everton Ferreira (PSD)<\/p>\n<p>*Fotos do Gabinete Parlamentar<\/p>\n<p>As mat\u00e9rias de origem dos Gabinetes Parlamentares s\u00e3o de inteira\u00a0 responsabilidade dos parlamentares e de suas assessorias. S\u00e3o devidamente assinadas e n\u00e3o refletem, necessariamente, a opini\u00e3o institucional da C\u00e2mara Municipal de Limeira.<\/p>\n<hr>\n<p><em>Fonte: <a href=\"https:\/\/www.limeira.sp.leg.br\/noticias\/view\/2026-04-10_com-17-mil-pessoas-na-regiao-moradores-pedem-funcionamento-da-unidade-de-saude-do-santa-eulalia-e-everton-ferreira-cobra-data-de-inauguracao\" target=\"_blank\" rel=\"noopener\">C\u00e2mara Municipal de Limeira<\/a><\/em><\/p>\n","protected":false},"excerpt":{"rendered":"<p>Com 17 mil pessoas na regi\u00e3o, moradores pedem funcionamento da Unidade de Sa\u00fade do Santa Eul\u00e1lia e Everton Ferreira cobra data de inaugura\u00e7\u00e3o<\/p>\n<p>O vereador Everton Ferreira (PSD) esteve nesta quinta-feira, 9 de abril, no pr\u00e9dio da Unidade de Sa\u00fade do Jardim Santa Eul\u00e1lia para acompanhar a situa\u00e7\u00e3o da <\/p>\n","protected":false},"author":4,"featured_media":61099,"comment_status":"","ping_status":"open","sticky":false,"template":"","format":"standard","meta":{"_jetpack_newsletter_access":"","_jetpack_dont_email_post_to_subs":false,"_jetpack_newsletter_tier_id":0,"_jetpack_memberships_contains_paywalled_content":false,"_mbp_banners":[],"_jetpack_feature_clip_id":0,"_jetpack_memberships_contains_paid_content":false,"footnotes":"","jetpack_publicize_message":"","jetpack_publicize_feature_enabled":true,"jetpack_social_post_already_shared":true,"jetpack_social_options":{"image_generator_settings":{"template":"highway","default_image_id":0,"font":"","enabled":false},"version":2},"jetpack_post_was_ever_published":false},"categories":[19],"tags":[],"class_list":["post-61100","post","type-post","status-publish","format-standard","has-post-thumbnail","category-politica"],"jetpack_publicize_connections":[],"jetpack-related-posts":[],"jetpack_shortlink":"https:\/\/wp.me\/p7Eq1F-fTu","jetpack_sharing_enabled":true,"jetpack_featured_media_url":"https:\/\/i0.wp.com\/guialimeira.com.br\/news\/wp-content\/uploads\/2026\/04\/noticia-camara-64.jpg?fit=1280%2C640&ssl=1","_links":{"self":[{"href":"https:\/\/guialimeira.com.br\/news\/wp-json\/wp\/v2\/posts\/61100","targetHints":{"allow":["GET"]}}],"collection":[{"href":"https:\/\/guialimeira.com.br\/news\/wp-json\/wp\/v2\/posts"}],"about":[{"href":"https:\/\/guialimeira.com.br\/news\/wp-json\/wp\/v2\/types\/post"}],"author":[{"embeddable":true,"href":"https:\/\/guialimeira.com.br\/news\/wp-json\/wp\/v2\/users\/4"}],"replies":[{"embeddable":true,"href":"https:\/\/guialimeira.com.br\/news\/wp-json\/wp\/v2\/comments?post=61100"}],"version-history":[{"count":0,"href":"https:\/\/guialimeira.com.br\/news\/wp-json\/wp\/v2\/posts\/61100\/revisions"}],"wp:featuredmedia":[{"embeddable":true,"href":"https:\/\/guialimeira.com.br\/news\/wp-json\/wp\/v2\/media\/61099"}],"wp:attachment":[{"href":"https:\/\/guialimeira.com.br\/news\/wp-json\/wp\/v2\/media?parent=61100"}],"wp:term":[{"taxonomy":"category","embeddable":true,"href":"https:\/\/guialimeira.com.br\/news\/wp-json\/wp\/v2\/categories?post=61100"},{"taxonomy":"post_tag","embeddable":true,"href":"https:\/\/guialimeira.com.br\/news\/wp-json\/wp\/v2\/tags?post=61100"}],"curies":[{"name":"wp","href":"https:\/\/api.w.org\/{rel}","templated":true}]}}