{"id":61096,"date":"2026-04-10T13:50:54","date_gmt":"2026-04-10T16:50:54","guid":{"rendered":"https:\/\/guialimeira.com.br\/waguinho-da-santa-luzia-propoe-credenciamento-de-meis-para-reforcar-zeladoria-e-gerar-renda-em-limeira\/"},"modified":"2026-04-10T13:50:54","modified_gmt":"2026-04-10T16:50:54","slug":"waguinho-da-santa-luzia-propoe-credenciamento-de-meis-para-reforcar-zeladoria-e-gerar-renda-em-limeira","status":"publish","type":"post","link":"https:\/\/guialimeira.com.br\/news\/waguinho-da-santa-luzia-propoe-credenciamento-de-meis-para-reforcar-zeladoria-e-gerar-renda-em-limeira\/","title":{"rendered":"Waguinho da Santa Luzia prop\u00f5e credenciamento de MEIs para refor\u00e7ar zeladoria e gerar renda em Limeira"},"content":{"rendered":"<p>Waguinho da Santa Luzia prop\u00f5e credenciamento de MEIs para refor\u00e7ar zeladoria e gerar renda em Limeira<\/p>\n<p>O vereador Waguinho da Santa Luzia (PP) buscou refer\u00eancias em cidades que j\u00e1 adotam solu\u00e7\u00f5es alternativas para a manuten\u00e7\u00e3o urbana e protocolou nesta sexta-feira, 10 de abril, o Requerimento N\u00ba 291\/2026 questionando a viabilidade de implanta\u00e7\u00e3o do credenciamento de Microempreendedores Individuais (MEIs) em Limeira.<\/p>\n<p>O objetivo, conforme explicou o parlamentar, \u00e9 a realiza\u00e7\u00e3o de chamamento p\u00fablico para habilitar MEIs interessados na presta\u00e7\u00e3o eventual de servi\u00e7os como capina\u00e7\u00e3o, ro\u00e7ada e pintura de guias em \u00e1reas verdes e pra\u00e7as p\u00fablicas, conforme a demanda da Prefeitura.<\/p>\n<p>Segundo o vereador, a iniciativa pode ir al\u00e9m da melhoria da zeladoria urbana, promovendo tamb\u00e9m impacto social positivo, gerando renda para os trabalhadores de Limeira que s\u00e3o MEIs, dando oportunidade a quem mais precisa, fazendo tamb\u00e9m uma transforma\u00e7\u00e3o social com trabalho e renda.<\/p>\n<p>O parlamentar ressaltou que o modelo j\u00e1 vem sendo aplicado com sucesso em outros munic\u00edpios, garantindo mais agilidade na execu\u00e7\u00e3o dos servi\u00e7os e ampliando as oportunidades para pequenos empreendedores locais. O requerimento solicita informa\u00e7\u00f5es ao Executivo sobre a viabilidade t\u00e9cnica, jur\u00eddica e financeira da proposta.<\/p>\n<p>Do Gabinete Parlamentar \u2013 Vereador Waguinho da Santa Luzia (PP)<\/p>\n<p>As mat\u00e9rias de origem dos Gabinetes Parlamentares s\u00e3o de inteira\u00a0 responsabilidade dos parlamentares e de suas assessorias. S\u00e3o devidamente assinadas e n\u00e3o refletem, necessariamente, a opini\u00e3o institucional da C\u00e2mara Municipal de Limeira.<\/p>\n<hr>\n<p><em>Fonte: <a href=\"https:\/\/www.limeira.sp.leg.br\/noticias\/view\/2026-04-10_waguinho-da-santa-luzia-propoe-credenciamento-de-meis-para-reforcar-zeladoria-e-gerar-renda-em-limeira\" target=\"_blank\" rel=\"noopener\">C\u00e2mara Municipal de Limeira<\/a><\/em><\/p>\n","protected":false},"excerpt":{"rendered":"<p>Waguinho da Santa Luzia prop\u00f5e credenciamento de MEIs para refor\u00e7ar zeladoria e gerar renda em Limeira<\/p>\n<p>O vereador Waguinho da Santa Luzia (PP) buscou refer\u00eancias em cidades que j\u00e1 adotam solu\u00e7\u00f5es alternativas para a manuten\u00e7\u00e3o urbana e protocolou nesta sexta-feira, 10 de abril, o Requerimento N\u00ba 29<\/p>\n","protected":false},"author":4,"featured_media":61095,"comment_status":"","ping_status":"open","sticky":false,"template":"","format":"standard","meta":{"_jetpack_newsletter_access":"","_jetpack_dont_email_post_to_subs":false,"_jetpack_newsletter_tier_id":0,"_jetpack_memberships_contains_paywalled_content":false,"_mbp_banners":[],"_jetpack_feature_clip_id":0,"_jetpack_memberships_contains_paid_content":false,"footnotes":"","jetpack_publicize_message":"","jetpack_publicize_feature_enabled":true,"jetpack_social_post_already_shared":true,"jetpack_social_options":{"image_generator_settings":{"template":"highway","default_image_id":0,"font":"","enabled":false},"version":2},"jetpack_post_was_ever_published":false},"categories":[19],"tags":[],"class_list":["post-61096","post","type-post","status-publish","format-standard","has-post-thumbnail","category-politica"],"jetpack_publicize_connections":[],"jetpack-related-posts":[],"jetpack_shortlink":"https:\/\/wp.me\/p7Eq1F-fTq","jetpack_sharing_enabled":true,"jetpack_featured_media_url":"https:\/\/i0.wp.com\/guialimeira.com.br\/news\/wp-content\/uploads\/2026\/04\/noticia-camara-63.jpg?fit=1280%2C640&ssl=1","_links":{"self":[{"href":"https:\/\/guialimeira.com.br\/news\/wp-json\/wp\/v2\/posts\/61096","targetHints":{"allow":["GET"]}}],"collection":[{"href":"https:\/\/guialimeira.com.br\/news\/wp-json\/wp\/v2\/posts"}],"about":[{"href":"https:\/\/guialimeira.com.br\/news\/wp-json\/wp\/v2\/types\/post"}],"author":[{"embeddable":true,"href":"https:\/\/guialimeira.com.br\/news\/wp-json\/wp\/v2\/users\/4"}],"replies":[{"embeddable":true,"href":"https:\/\/guialimeira.com.br\/news\/wp-json\/wp\/v2\/comments?post=61096"}],"version-history":[{"count":0,"href":"https:\/\/guialimeira.com.br\/news\/wp-json\/wp\/v2\/posts\/61096\/revisions"}],"wp:featuredmedia":[{"embeddable":true,"href":"https:\/\/guialimeira.com.br\/news\/wp-json\/wp\/v2\/media\/61095"}],"wp:attachment":[{"href":"https:\/\/guialimeira.com.br\/news\/wp-json\/wp\/v2\/media?parent=61096"}],"wp:term":[{"taxonomy":"category","embeddable":true,"href":"https:\/\/guialimeira.com.br\/news\/wp-json\/wp\/v2\/categories?post=61096"},{"taxonomy":"post_tag","embeddable":true,"href":"https:\/\/guialimeira.com.br\/news\/wp-json\/wp\/v2\/tags?post=61096"}],"curies":[{"name":"wp","href":"https:\/\/api.w.org\/{rel}","templated":true}]}}