{"id":61094,"date":"2026-04-10T13:45:49","date_gmt":"2026-04-10T16:45:49","guid":{"rendered":"https:\/\/guialimeira.com.br\/bruna-magalhaes-autora-de-lei-sobre-direitos-das-pessoas-com-fibromialgia-se-reune-com-municipe-que-convive-com-a-doenca\/"},"modified":"2026-04-10T13:45:49","modified_gmt":"2026-04-10T16:45:49","slug":"bruna-magalhaes-autora-de-lei-sobre-direitos-das-pessoas-com-fibromialgia-se-reune-com-municipe-que-convive-com-a-doenca","status":"publish","type":"post","link":"https:\/\/guialimeira.com.br\/news\/bruna-magalhaes-autora-de-lei-sobre-direitos-das-pessoas-com-fibromialgia-se-reune-com-municipe-que-convive-com-a-doenca\/","title":{"rendered":"Bruna Magalh\u00e3es, autora de lei sobre direitos das pessoas com fibromialgia, se re\u00fane com mun\u00edcipe que convive com a doen\u00e7a"},"content":{"rendered":"<p>Bruna Magalh\u00e3es, autora de lei sobre direitos das pessoas com fibromialgia, se re\u00fane com mun\u00edcipe que convive com a doen\u00e7a<\/p>\n<p>A vereadora Bruna Magalh\u00e3es (PRTB) atendeu a mun\u00edcipe Elizabeth Gomes nesta quarta-feira, 8 de abril, que convive com fibromialgia, condi\u00e7\u00e3o cr\u00f4nica que impacta diretamente a qualidade de vida e ainda enfrenta desafios quanto ao reconhecimento e acesso a direitos, segundo a parlamentar.<\/p>\n<p>\u201cDurante a conversa, ela relatou as principais dificuldades enfrentadas no dia a dia, especialmente no acesso a servi\u00e7os de sa\u00fade, diagn\u00f3stico e atendimento adequado \u2014 demandas que t\u00eam sido acompanhadas de perto pelo meu mandato\u201d, disse Bruna.<\/p>\n<p>A vereadora destacou que, embora j\u00e1 exista legisla\u00e7\u00e3o federal que assegura direitos \u00e0s pessoas com fibromialgia, incluindo a possibilidade de identifica\u00e7\u00e3o por meio de carteirinha, o Munic\u00edpio avan\u00e7ou ao aprimorar essa pol\u00edtica p\u00fablica com a san\u00e7\u00e3o da Lei Municipal N\u00ba 7.294\/2026, de autoria da vereadora em conjunto ao vereador Marcelo Rossi (MDB), que disp\u00f5e sobre os direitos e garantias das pessoas com fibromialgia e outras doen\u00e7as correlatas.<\/p>\n<p>Segundo a parlamentar, a nova legisla\u00e7\u00e3o fortalece a aplica\u00e7\u00e3o desses direitos no \u00e2mbito municipal, amplia o reconhecimento da condi\u00e7\u00e3o e busca garantir mais efetividade no atendimento, promovendo dignidade, respeito e acesso \u00e0s pol\u00edticas p\u00fablicas. \u201cMais do que reconhecer, \u00e9 preciso garantir que os direitos sejam efetivamente aplicados. Nosso trabalho \u00e9 dar visibilidade e transformar a realidade de quem convive com a fibromialgia\u201d, destacou a vereadora.<\/p>\n<p>Conforme Bruna, o mandato dela segue acompanhando a implementa\u00e7\u00e3o da lei e trabalhando para que as medidas previstas sejam efetivadas, garantindo o suporte necess\u00e1rio \u00e0s pessoas com fibromialgia no Munic\u00edpio.<\/p>\n<p>Do Gabinete Parlamentar &#8211; Vereadora Bruna Magalh\u00e3es (PRTB)<\/p>\n<p>*Fotos do Gabinete parlamentar<\/p>\n<p>As mat\u00e9rias de origem dos Gabinetes Parlamentares s\u00e3o de inteira\u00a0 responsabilidade dos parlamentares e de suas assessorias. S\u00e3o devidamente assinadas e n\u00e3o refletem, necessariamente, a opini\u00e3o institucional da C\u00e2mara Municipal de Limeira.<\/p>\n<hr>\n<p><em>Fonte: <a href=\"https:\/\/www.limeira.sp.leg.br\/noticias\/view\/2026-04-10_bruna-magalhaes-autora-de-lei-sobre-direitos-das-pessoas-com-fibromialgia-se-reune-com-municipe-que-convive-com-a-doenca\" target=\"_blank\" rel=\"noopener\">C\u00e2mara Municipal de Limeira<\/a><\/em><\/p>\n","protected":false},"excerpt":{"rendered":"<p>Bruna Magalh\u00e3es, autora de lei sobre direitos das pessoas com fibromialgia, se re\u00fane com mun\u00edcipe que convive com a doen\u00e7a<\/p>\n<p>A vereadora Bruna Magalh\u00e3es (PRTB) atendeu a mun\u00edcipe Elizabeth Gomes nesta quarta-feira, 8 de abril, que convive com fibromialgia, condi\u00e7\u00e3o cr\u00f4nica que impacta diretamente a q<\/p>\n","protected":false},"author":4,"featured_media":61093,"comment_status":"","ping_status":"open","sticky":false,"template":"","format":"standard","meta":{"_jetpack_newsletter_access":"","_jetpack_dont_email_post_to_subs":false,"_jetpack_newsletter_tier_id":0,"_jetpack_memberships_contains_paywalled_content":false,"_mbp_banners":[],"_jetpack_feature_clip_id":0,"_jetpack_memberships_contains_paid_content":false,"footnotes":"","jetpack_publicize_message":"","jetpack_publicize_feature_enabled":true,"jetpack_social_post_already_shared":true,"jetpack_social_options":{"image_generator_settings":{"template":"highway","default_image_id":0,"font":"","enabled":false},"version":2},"jetpack_post_was_ever_published":false},"categories":[19],"tags":[],"class_list":["post-61094","post","type-post","status-publish","format-standard","has-post-thumbnail","category-politica"],"jetpack_publicize_connections":[],"jetpack-related-posts":[],"jetpack_shortlink":"https:\/\/wp.me\/p7Eq1F-fTo","jetpack_sharing_enabled":true,"jetpack_featured_media_url":"https:\/\/i0.wp.com\/guialimeira.com.br\/news\/wp-content\/uploads\/2026\/04\/noticia-camara-62.jpg?fit=1280%2C640&ssl=1","_links":{"self":[{"href":"https:\/\/guialimeira.com.br\/news\/wp-json\/wp\/v2\/posts\/61094","targetHints":{"allow":["GET"]}}],"collection":[{"href":"https:\/\/guialimeira.com.br\/news\/wp-json\/wp\/v2\/posts"}],"about":[{"href":"https:\/\/guialimeira.com.br\/news\/wp-json\/wp\/v2\/types\/post"}],"author":[{"embeddable":true,"href":"https:\/\/guialimeira.com.br\/news\/wp-json\/wp\/v2\/users\/4"}],"replies":[{"embeddable":true,"href":"https:\/\/guialimeira.com.br\/news\/wp-json\/wp\/v2\/comments?post=61094"}],"version-history":[{"count":0,"href":"https:\/\/guialimeira.com.br\/news\/wp-json\/wp\/v2\/posts\/61094\/revisions"}],"wp:featuredmedia":[{"embeddable":true,"href":"https:\/\/guialimeira.com.br\/news\/wp-json\/wp\/v2\/media\/61093"}],"wp:attachment":[{"href":"https:\/\/guialimeira.com.br\/news\/wp-json\/wp\/v2\/media?parent=61094"}],"wp:term":[{"taxonomy":"category","embeddable":true,"href":"https:\/\/guialimeira.com.br\/news\/wp-json\/wp\/v2\/categories?post=61094"},{"taxonomy":"post_tag","embeddable":true,"href":"https:\/\/guialimeira.com.br\/news\/wp-json\/wp\/v2\/tags?post=61094"}],"curies":[{"name":"wp","href":"https:\/\/api.w.org\/{rel}","templated":true}]}}