{"id":61092,"date":"2026-04-10T13:40:56","date_gmt":"2026-04-10T16:40:56","guid":{"rendered":"https:\/\/guialimeira.com.br\/dr-marcelo-rossi-reforca-pedido-de-atendimento-na-beneficencia-limeirense-para-pacientes-que-precisam-de-cuidados-paliativos\/"},"modified":"2026-04-10T13:40:56","modified_gmt":"2026-04-10T16:40:56","slug":"dr-marcelo-rossi-reforca-pedido-de-atendimento-na-beneficencia-limeirense-para-pacientes-que-precisam-de-cuidados-paliativos","status":"publish","type":"post","link":"https:\/\/guialimeira.com.br\/news\/dr-marcelo-rossi-reforca-pedido-de-atendimento-na-beneficencia-limeirense-para-pacientes-que-precisam-de-cuidados-paliativos\/","title":{"rendered":"Dr. Marcelo Rossi refor\u00e7a pedido de atendimento na Benefic\u00eancia Limeirense para pacientes que precisam de cuidados paliativos"},"content":{"rendered":"<p>Dr. Marcelo Rossi refor\u00e7a pedido de atendimento na Benefic\u00eancia Limeirense para pacientes que precisam de cuidados paliativos<\/p>\n<p>Preocupado com o aumento do n\u00famero de pacientes que demandam cuidados paliativos em Limeira, o vereador Dr. Marcelo Rossi (MDB) protocolou o Requerimento N\u00ba 67\/2026 na C\u00e2mara Municipal, com questionamentos \u00e0 Prefeitura sobre a destina\u00e7\u00e3o do im\u00f3vel da Benefic\u00eancia Limeirense (BL) na Boa Vista. Em resposta enviada em 16 de mar\u00e7o, a Prefeitura informou que iniciou o projeto que visa transformar o local em unidade de tratamento paliativo.<\/p>\n<p>A informa\u00e7\u00e3o \u00e9 baseada no Decreto N\u00ba 223\/2025, que declarou o pr\u00e9dio de utilidade p\u00fablica. \u201cMesmo trabalhando pela preven\u00e7\u00e3o contra as doen\u00e7as e promo\u00e7\u00e3o da qualidade de vida dos idosos, h\u00e1 necessidade de amplia\u00e7\u00e3o do servi\u00e7o paliativo devido ao aumento da longevidade\u201d, enfatizou.<\/p>\n<p>O vereador lembrou que a medicina evoluiu em recursos tecnol\u00f3gicos, terapias e medicamentos capazes de adiar o avan\u00e7o das doen\u00e7as. No entanto, h\u00e1 situa\u00e7\u00f5es em que o foco precisa mudar do prolongamento da vida para a qualidade do tempo vivido. \u201c\u00c9 nesse ponto que entram os cuidados paliativos, uma \u00e1rea que, longe de representar desist\u00eancia, simboliza o mais alto grau de respeito ao paciente e \u00e0 sua dignidade\u201d, afirmou o Dr. Marcelo.<\/p>\n<p>Conforme o parlamentar, a realidade se imp\u00f5e, especialmente entre pacientes com dem\u00eancia avan\u00e7ada ou com certos tipos de c\u00e2ncer em est\u00e1gios terminais. \u201c\u00c9 necess\u00e1rio olhar para o paciente como um todo, corpo, mente e esp\u00edrito, e compreender que nem sempre \u00e9 poss\u00edvel curar, mas sempre \u00e9 poss\u00edvel aliviar, confortar e estar presente. Porque cuidar, at\u00e9 o \u00faltimo instante, \u00e9 a forma mais justa de continuar respeitando a vida\u201d.<\/p>\n<p>De acordo com o vereador, no Programa de Atendimento Domiciliar (PAD) a Secretaria de Sa\u00fade n\u00e3o tem um n\u00famero preciso de pacientes em cuidados paliativos porque a maioria possui registro apenas do Classifica\u00e7\u00e3o Internacional de Doen\u00e7as (CID) referente \u00e0 doen\u00e7a de base, sem a vincula\u00e7\u00e3o espec\u00edfica relacionada aos cuidados paliativos.<\/p>\n<p>Dr. Marcelo Rossi explicou que atualmente esses pacientes podem receber acompanhamento tanto por meio do PAD, quanto pelas unidades hospitalares, inclusive pelos servi\u00e7os de urg\u00eancia e emerg\u00eancia em situa\u00e7\u00f5es de intercorr\u00eancias. \u201cO acesso ao PAD ocorre mediante preenchimento de formul\u00e1rio de referenciamento, o qual \u00e9 entregue ao familiar ou respons\u00e1vel para contato direto com o programa. Esse encaminhamento pode ser realizado tanto por m\u00e9dicos das Unidades B\u00e1sicas de Sa\u00fade quanto por m\u00e9dicos das unidades hospitalares\u201d, ressaltou Rossi.<\/p>\n<p>Do Gabinete Parlamentar \u2013 Vereador\u00a0 Dr. Marcelo Rossi (MDB)<\/p>\n<p>As mat\u00e9rias de origem dos Gabinetes Parlamentares s\u00e3o de inteira\u00a0 responsabilidade dos parlamentares e de suas assessorias. S\u00e3o devidamente assinadas e n\u00e3o refletem, necessariamente, a opini\u00e3o institucional da C\u00e2mara Municipal de Limeira.<\/p>\n<hr>\n<p><em>Fonte: <a href=\"https:\/\/www.limeira.sp.leg.br\/noticias\/view\/2026-04-10_dr-marcelo-rossi-reforca-pedido-de-atendimento-na-beneficencia-limeirense-para-pacientes-que-precisam-de-cuidados-paliativos\" target=\"_blank\" rel=\"noopener\">C\u00e2mara Municipal de Limeira<\/a><\/em><\/p>\n","protected":false},"excerpt":{"rendered":"<p>Dr. Marcelo Rossi refor\u00e7a pedido de atendimento na Benefic\u00eancia Limeirense para pacientes que precisam de cuidados paliativos<\/p>\n<p>Preocupado com o aumento do n\u00famero de pacientes que demandam cuidados paliativos em Limeira, o vereador Dr. Marcelo Rossi (MDB) protocolou o Requerimento N\u00ba 67\/2026 na C\u00e2mar<\/p>\n","protected":false},"author":4,"featured_media":61091,"comment_status":"","ping_status":"open","sticky":false,"template":"","format":"standard","meta":{"_jetpack_newsletter_access":"","_jetpack_dont_email_post_to_subs":false,"_jetpack_newsletter_tier_id":0,"_jetpack_memberships_contains_paywalled_content":false,"_mbp_banners":[],"_jetpack_feature_clip_id":0,"_jetpack_memberships_contains_paid_content":false,"footnotes":"","jetpack_publicize_message":"","jetpack_publicize_feature_enabled":true,"jetpack_social_post_already_shared":true,"jetpack_social_options":{"image_generator_settings":{"template":"highway","default_image_id":0,"font":"","enabled":false},"version":2},"jetpack_post_was_ever_published":false},"categories":[19],"tags":[],"class_list":["post-61092","post","type-post","status-publish","format-standard","has-post-thumbnail","category-politica"],"jetpack_publicize_connections":[],"jetpack-related-posts":[],"jetpack_shortlink":"https:\/\/wp.me\/p7Eq1F-fTm","jetpack_sharing_enabled":true,"jetpack_featured_media_url":"https:\/\/i0.wp.com\/guialimeira.com.br\/news\/wp-content\/uploads\/2026\/04\/noticia-camara-61.jpg?fit=1280%2C640&ssl=1","_links":{"self":[{"href":"https:\/\/guialimeira.com.br\/news\/wp-json\/wp\/v2\/posts\/61092","targetHints":{"allow":["GET"]}}],"collection":[{"href":"https:\/\/guialimeira.com.br\/news\/wp-json\/wp\/v2\/posts"}],"about":[{"href":"https:\/\/guialimeira.com.br\/news\/wp-json\/wp\/v2\/types\/post"}],"author":[{"embeddable":true,"href":"https:\/\/guialimeira.com.br\/news\/wp-json\/wp\/v2\/users\/4"}],"replies":[{"embeddable":true,"href":"https:\/\/guialimeira.com.br\/news\/wp-json\/wp\/v2\/comments?post=61092"}],"version-history":[{"count":0,"href":"https:\/\/guialimeira.com.br\/news\/wp-json\/wp\/v2\/posts\/61092\/revisions"}],"wp:featuredmedia":[{"embeddable":true,"href":"https:\/\/guialimeira.com.br\/news\/wp-json\/wp\/v2\/media\/61091"}],"wp:attachment":[{"href":"https:\/\/guialimeira.com.br\/news\/wp-json\/wp\/v2\/media?parent=61092"}],"wp:term":[{"taxonomy":"category","embeddable":true,"href":"https:\/\/guialimeira.com.br\/news\/wp-json\/wp\/v2\/categories?post=61092"},{"taxonomy":"post_tag","embeddable":true,"href":"https:\/\/guialimeira.com.br\/news\/wp-json\/wp\/v2\/tags?post=61092"}],"curies":[{"name":"wp","href":"https:\/\/api.w.org\/{rel}","templated":true}]}}