{"id":6107,"date":"2024-05-23T13:27:49","date_gmt":"2024-05-23T16:27:49","guid":{"rendered":"https:\/\/guialimeira.com.br\/2024\/05\/23\/instituto-lanca-concurso-estadual-qualidade-do-cafe-de-sao-paulo\/"},"modified":"2024-05-23T13:27:49","modified_gmt":"2024-05-23T16:27:49","slug":"instituto-lanca-concurso-estadual-qualidade-do-cafe-de-sao-paulo","status":"publish","type":"post","link":"https:\/\/guialimeira.com.br\/news\/instituto-lanca-concurso-estadual-qualidade-do-cafe-de-sao-paulo\/","title":{"rendered":"Instituto lan\u00e7a Concurso Estadual \u201cQualidade do Caf\u00e9 de S\u00e3o Paulo\u201d"},"content":{"rendered":"<p> <br \/>\n<\/p>\n<div id=\"\">&#13;<br \/>\n                                <!-- Title -->&#13;<br \/>\n                                &#13;<br \/>\n&#13;<br \/>\n                                <!-- Excerpt -->&#13;<\/p>\n<p class=\"excerpt\">Concurso, que busca valorizar a excel\u00eancia do caf\u00e9 produzido em territ\u00f3rio paulista, \u00e9 aberto a quaisquer cafeicultores do estado<\/p>\n<p>&#13;<br \/>\n&#13;<br \/>\n                                &#13;\n                            <\/p><\/div>\n<div id=\"\">&#13;<\/p>\n<figure id=\"attachment_5889558\" style=\"width: 100%;max-width: 746px\" class=\"wp-caption alignnone\"><img data-recalc-dims=\"1\" decoding=\"async\" loading=\"lazy\" class=\" wp-image-5889558\" src=\"https:\/\/i0.wp.com\/www.saopaulo.sp.gov.br\/wp-content\/uploads\/2024\/05\/Instituto-Biologico-IB-Apta-na-capital-paulista-abre-suas-portas-para-o-lancamento-do-Concurso-Estadual-Qualidade-do-Cafe-de-Sao-Paulo-300x200.jpg?resize=696%2C464&#038;ssl=1\" alt=\"\" width=\"696\" height=\"464\" srcset=\"https:\/\/www.saopaulo.sp.gov.br\/wp-content\/uploads\/2024\/05\/Instituto-Biologico-IB-Apta-na-capital-paulista-abre-suas-portas-para-o-lancamento-do-Concurso-Estadual-Qualidade-do-Cafe-de-Sao-Paulo-300x200.jpg 300w, https:\/\/www.saopaulo.sp.gov.br\/wp-content\/uploads\/2024\/05\/Instituto-Biologico-IB-Apta-na-capital-paulista-abre-suas-portas-para-o-lancamento-do-Concurso-Estadual-Qualidade-do-Cafe-de-Sao-Paulo-768x511.jpg 768w, https:\/\/www.saopaulo.sp.gov.br\/wp-content\/uploads\/2024\/05\/Instituto-Biologico-IB-Apta-na-capital-paulista-abre-suas-portas-para-o-lancamento-do-Concurso-Estadual-Qualidade-do-Cafe-de-Sao-Paulo.jpg 1000w\" sizes=\"auto, (max-width: 746px) 100vw, 746px\"\/><figcaption class=\"wp-caption-text\">Instituto Biol\u00f3gico<\/figcaption><\/figure>\n<p>O lan\u00e7amento do concurso estadual \u201cQualidade do Caf\u00e9 de S\u00e3o Paulo\u201d ser\u00e1 nesta sexta-feira (24) data em que se celebra o Dia Nacional do Caf\u00e9, \u00e0s 9h, juntamente com a abertura oficial do evento <a href=\"https:\/\/www.saopaulo.sp.gov.br\/spnoticias\/ultimas-noticias\/sabor-da-colheita-marca-o-inicio-simbolico-da-colheita-do-cafe-no-estado-de-sao-paulo\/\" rel=\"noopener\">Sabor da Colheita<\/a>, no Instituto Biol\u00f3gico (IB-Apta), em S\u00e3o Paulo.<\/p>\n<p>Ambos os eventos ter\u00e3o entrada livre e a popula\u00e7\u00e3o tamb\u00e9m \u00e9 bem-vinda para participar da <a href=\"https:\/\/www.saopaulo.sp.gov.br\/spnoticias\/ultimas-noticias\/sabor-da-colheita-marca-o-inicio-simbolico-da-colheita-do-cafe-no-estado-de-sao-paulo\/\" rel=\"noopener\">colheita de caf\u00e9 no Instituto Biol\u00f3gico, situado \u00e0 Vila Mariana<\/a>, no dia seguinte, no s\u00e1bado (25), quando o Sabor da Colheita ser\u00e1 realizado.<\/p>\n<p>Em sua 23\u00aa edi\u00e7\u00e3o, o concurso, que busca valorizar a excel\u00eancia do caf\u00e9 produzido em territ\u00f3rio paulista, \u00e9 aberto a quaisquer cafeicultores do estado, podendo se inscrever e concorrer com amostras de caf\u00e9 produzido no ano safra. Estas amostras devem ser entregues nas Casas da Agricultura mais pr\u00f3ximas de seus munic\u00edpios ou nas Regionais da Coordenadoria de Assist\u00eancia T\u00e9cnica Integral (Cati), da Secretaria de Agricultura e Abastecimento do Estado.<\/p>\n<p>Cada produtor poder\u00e1 participar do concurso com apenas uma amostra em cada modalidade que concorrer, e a inscri\u00e7\u00e3o ser\u00e1 gratuita.<\/p>\n<p>A manh\u00e3 de lan\u00e7amento do concurso contar\u00e1 com a presen\u00e7a do secret\u00e1rio de Agricultura, Guilherme Piai, e com palestras t\u00e9cnicas. Falar\u00e3o ao p\u00fablico Aline de Oliveira Garcia, pesquisadora cient\u00edfica do Instituto de Tecnologia de Alimentos (ITAL-Apta); Sergio Parreiras Pereira e Gerson Silva Giomo, pesquisadores cient\u00edficos do Instituto Agron\u00f4mico (IAC-Apta).<\/p>\n<h3><b>Sobre o Concurso<\/b><\/h3>\n<p>O concurso estadual premia os 10 melhores caf\u00e9s paulistas em cada uma das cinco diferentes categorias. S\u00e3o provados e selecionados caf\u00e9s Coffea arabica \u2013 Convencional, preparados por via seca (caf\u00e9 natural); Coffea arabica \u2013 Convencional, preparado por via \u00famida (caf\u00e9 cereja descascado e\/ou despolpado); Coffea arabica \u2013 Convencional, preparados via fermenta\u00e7\u00e3o induzida (caf\u00e9 fermentado); Coffea arabica \u2013 Org\u00e2nico, independente da via processamento; e Coffea canephora, independente da via de processamento.<\/p>\n<p>No ano passado, foram recebidas cerca de 400 amostras. Para este ano, s\u00e3o esperadas mais de 500 amostras. A sele\u00e7\u00e3o ser\u00e1 realizada pela Metodologia SCA (Specialty Coffee Association).<\/p>\n<p>O concurso \u00e9 promovido pela Secretaria de Agricultura e Abastecimento do Estado de S\u00e3o Paulo, por meio da Cati e da Apta Regional, IAC-Apta, IB-Apta, ITAL-Apta, e da C\u00e2mara Setorial do Caf\u00e9, com apoio da Funda\u00e7\u00e3o de Apoio \u00e0 Pesquisa Agr\u00edcola (Fundag).<\/p>\n<p>Siga o canal \u201cGoverno de S\u00e3o Paulo\u201d no WhatsApp:<br \/><a href=\"https:\/\/bit.ly\/govspnozap\" target=\"_blank\" rel=\"noopener noreferrer\">https:\/\/bit.ly\/govspnozap<\/a><\/p>\n<\/p><\/div>\n<p><br \/>\n<br \/><a href=\"https:\/\/www.saopaulo.sp.gov.br\/spnoticias\/ultimas-noticias\/governo-de-sp-lanca-concurso-qualidade-do-cafe-de-sao-paulo\/\" rel=\"noopener\">Informa\u00e7\u00f5es GOV.SP<\/a><\/p>\n","protected":false},"excerpt":{"rendered":"<p>&#13; &#13; &#13; &#13; &#13; Concurso, que busca valorizar a excel\u00eancia do caf\u00e9 produzido em territ\u00f3rio paulista, \u00e9 aberto a quaisquer cafeicultores do estado &#13; &#13; &#13; &#13; Instituto Biol\u00f3gico O lan\u00e7amento do concurso estadual \u201cQualidade do Caf\u00e9 de S\u00e3o Paulo\u201d ser\u00e1 nesta sexta-feira (24) data em que se celebra o Dia Nacional do Caf\u00e9, [&hellip;]<\/p>\n","protected":false},"author":1,"featured_media":6108,"comment_status":"open","ping_status":"open","sticky":false,"template":"","format":"standard","meta":{"_jetpack_newsletter_access":"","_jetpack_dont_email_post_to_subs":false,"_jetpack_newsletter_tier_id":0,"_jetpack_memberships_contains_paywalled_content":false,"_mbp_banners":[],"_jetpack_feature_clip_id":0,"_jetpack_memberships_contains_paid_content":false,"footnotes":"","jetpack_publicize_message":"","jetpack_publicize_feature_enabled":true,"jetpack_social_post_already_shared":true,"jetpack_social_options":{"image_generator_settings":{"template":"highway","default_image_id":0,"font":"","enabled":false},"version":2},"jetpack_post_was_ever_published":false},"categories":[21],"tags":[],"class_list":["post-6107","post","type-post","status-publish","format-standard","has-post-thumbnail","category-sp-news"],"jetpack_publicize_connections":[],"jetpack-related-posts":[],"jetpack_shortlink":"https:\/\/wp.me\/p7Eq1F-1Av","jetpack_sharing_enabled":true,"jetpack_featured_media_url":"https:\/\/i0.wp.com\/guialimeira.com.br\/news\/wp-content\/uploads\/2024\/05\/Instituto-lanca-Concurso-Estadual-Qualidade-do-Cafe-de-Sao-Paulo.jpg?fit=300%2C200&ssl=1","_links":{"self":[{"href":"https:\/\/guialimeira.com.br\/news\/wp-json\/wp\/v2\/posts\/6107","targetHints":{"allow":["GET"]}}],"collection":[{"href":"https:\/\/guialimeira.com.br\/news\/wp-json\/wp\/v2\/posts"}],"about":[{"href":"https:\/\/guialimeira.com.br\/news\/wp-json\/wp\/v2\/types\/post"}],"author":[{"embeddable":true,"href":"https:\/\/guialimeira.com.br\/news\/wp-json\/wp\/v2\/users\/1"}],"replies":[{"embeddable":true,"href":"https:\/\/guialimeira.com.br\/news\/wp-json\/wp\/v2\/comments?post=6107"}],"version-history":[{"count":0,"href":"https:\/\/guialimeira.com.br\/news\/wp-json\/wp\/v2\/posts\/6107\/revisions"}],"wp:featuredmedia":[{"embeddable":true,"href":"https:\/\/guialimeira.com.br\/news\/wp-json\/wp\/v2\/media\/6108"}],"wp:attachment":[{"href":"https:\/\/guialimeira.com.br\/news\/wp-json\/wp\/v2\/media?parent=6107"}],"wp:term":[{"taxonomy":"category","embeddable":true,"href":"https:\/\/guialimeira.com.br\/news\/wp-json\/wp\/v2\/categories?post=6107"},{"taxonomy":"post_tag","embeddable":true,"href":"https:\/\/guialimeira.com.br\/news\/wp-json\/wp\/v2\/tags?post=6107"}],"curies":[{"name":"wp","href":"https:\/\/api.w.org\/{rel}","templated":true}]}}