{"id":6101,"date":"2024-05-23T12:37:00","date_gmt":"2024-05-23T15:37:00","guid":{"rendered":"https:\/\/guialimeira.com.br\/2024\/05\/23\/melhorias-em-asfalto-avancam-e-mais-vias-serao-recapeadas\/"},"modified":"2024-05-23T12:37:00","modified_gmt":"2024-05-23T15:37:00","slug":"melhorias-em-asfalto-avancam-e-mais-vias-serao-recapeadas","status":"publish","type":"post","link":"https:\/\/guialimeira.com.br\/news\/melhorias-em-asfalto-avancam-e-mais-vias-serao-recapeadas\/","title":{"rendered":"Melhorias em asfalto avan\u00e7am e mais vias ser\u00e3o recapeadas"},"content":{"rendered":"<p> <br \/>\n<\/p>\n<div>\n            <main class=\"\">&#13;<br \/>\n                &#13;<br \/>\n&#13;<br \/>\n&#13;<br \/>\n&#13;<br \/>\n    <img data-recalc-dims=\"1\" decoding=\"async\" src=\"https:\/\/i0.wp.com\/ecrie.com.br\/sistema\/conteudos\/imagem\/m_137_0_1_09052024171126.jpg?w=696&#038;ssl=1\" alt=\"Melhorias em asfalto avan\u00e7am e mais vias ser\u00e3o recapeadas\"\/>&#13;<br \/>\n&#13;<\/p>\n<p>A Prefeitura de Limeira, por meio da Secretaria de Obras e Servi\u00e7os P\u00fablicos, inicia nesta sexta-feira (24) o recapeamento das ruas Deputado Oct\u00e1vio Lopes, no Centro, e Jos\u00e9 Jorge Rodrigues, no Jd. Boa Vista, e da Av. Ambr\u00f3sio Fumagalli, no\u00a0Parque Egisto Ragazzo. Juntas, as a\u00e7\u00f5es levar\u00e3o melhorias a aproximadamente 1 quil\u00f4metro de vias, com investimentos de R$ 635 mil.<\/p>\n<p>&#13;<\/p>\n<p>&#8220;Desde o in\u00edcio do nosso mandato temos trabalhado ativamente na conserva\u00e7\u00e3o das vias pavimentadas: nas \u00e1reas urbana e rural. E essa nova programa\u00e7\u00e3o de recape proporcionar\u00e1 melhores condi\u00e7\u00f5es de tr\u00e1fego a essas \u00e1reas&#8221;, citou o prefeito Mario Botion.<\/p>\n<p>&#13;<\/p>\n<p>Os trabalhos come\u00e7am pela Deputado Oct\u00e1vio Lopes, que ganhar\u00e1 nova camada de asfalto em dois trechos, entre a Presidente Roosevelt e a Santa Cruz, e ainda, entre a Tiradentes e a Santa Terezinha, totalizando 256 metros de extens\u00e3o. A partir de hoje \u00e0 noite (23), ambos os trechos j\u00e1 ser\u00e3o interditados pela Secretaria de Mobilidade Urbana para facilitar a opera\u00e7\u00e3o. Por\u00e9m tais interdi\u00e7\u00f5es ficar\u00e3o restritas a Deputado Oct\u00e1vio Lopes, sem impactos nas vias transversais. O investimento ser\u00e1 de R$ 121,3\u00a0mil, com recursos de conv\u00eanio com o Governo do Estado de S\u00e3o Paulo.<\/p>\n<p>&#13;<\/p>\n<p>Na sequ\u00eancia, ser\u00e1 a vez da Jos\u00e9 Jorge Rodrigues, onde a interven\u00e7\u00e3o ter\u00e1 o dobro do tamanho: 574\u00a0metros. Nesse local, o investimento \u00e9 da ordem de R$ 357 mil, com recursos do Finisa 4. Em raz\u00e3o da grande movimenta\u00e7\u00e3o de caminh\u00f5es na rua, a Secretaria de Obras destaca que o trabalho ser\u00e1 executado no s\u00e1bado (25).<\/p>\n<p>&#13;<\/p>\n<p>A terceira via a receber os servi\u00e7os \u00e9 a Av. Ambr\u00f3sio Fumagalli. Nesse caso, trata-se do asfaltamento em um trecho de 75 metros no final da avenida. Igualmente com recursos do Finisa 4, a a\u00e7\u00e3o \u00e9 de R$ 157\u00a0mil. A previs\u00e3o da pasta \u00e9 executar o servi\u00e7o na segunda-feira (27).<\/p>\n<p>&#13;<br \/>\n&#13;<br \/>\n&#13;<br \/>\n&#13;<\/p>\n<aside class=\"list-related no-print\">&#13;<br \/>\n        &#13;<br \/>\n&#13;<\/p>\n<article class=\"list-item noticias \">&#13;<br \/>\n                    <a class=\"list-item__img\" href=\"https:\/\/limeira.sp.gov.br\/imprensa\/noticias\/gabinete-do-prefeito\/encontro-debate-empregabilidade-para-pessoa-com-deficiencia\" tabindex=\"-1\" aria-hidden=\"true\" rel=\"noopener\">&#13;<br \/>\n                        <img data-recalc-dims=\"1\" decoding=\"async\" src=\"https:\/\/i0.wp.com\/ecrie.com.br\/sistema\/conteudos\/imagem\/m_137_0_1_22052024164710.jpg?w=696&#038;ssl=1\" alt=\"Encontro debate empregabilidade para pessoa com defici\u00eancia\"\/>&#13;<br \/>\n                    <\/a>&#13;<br \/>\n&#13;<br \/>\n                &#13;<br \/>\n            <\/article>\n<p>&#13;<\/p>\n<article class=\"list-item noticias \">&#13;<br \/>\n                    <a class=\"list-item__img\" href=\"https:\/\/limeira.sp.gov.br\/imprensa\/noticias\/gabinete-do-prefeito\/expo-alegria-brutos-lanca-novidades-no-setor-de-semijoias-e-impulsiona-comercio-local\" tabindex=\"-1\" aria-hidden=\"true\" rel=\"noopener\">&#13;<br \/>\n                        <img data-recalc-dims=\"1\" decoding=\"async\" src=\"https:\/\/i0.wp.com\/ecrie.com.br\/sistema\/conteudos\/imagem\/m_137_0_1_21052024162017.jpg?w=696&#038;ssl=1\" alt=\"Expo Alegria Brutos lan\u00e7a novidades no setor de semijoias e impulsiona com\u00e9rcio local\"\/>&#13;<br \/>\n                    <\/a>&#13;<br \/>\n&#13;<br \/>\n                &#13;<br \/>\n            <\/article>\n<p>&#13;<\/p>\n<article class=\"list-item noticias \">&#13;<br \/>\n                    <a class=\"list-item__img\" href=\"https:\/\/limeira.sp.gov.br\/imprensa\/noticias\/gabinete-do-prefeito\/comerciante-geraldo-rosada-morre-aos-80-anos\" tabindex=\"-1\" aria-hidden=\"true\" rel=\"noopener\">&#13;<br \/>\n                        <img data-recalc-dims=\"1\" decoding=\"async\" src=\"https:\/\/i0.wp.com\/ecrie.com.br\/sistema\/conteudos\/imagem\/m_137_0_1_20052024144627.jpg?w=696&#038;ssl=1\" alt=\"Comerciante Geraldo Rosada morre aos 80 anos\"\/>&#13;<br \/>\n                    <\/a>&#13;<br \/>\n&#13;<br \/>\n                &#13;<br \/>\n            <\/article>\n<p>&#13;<br \/>\n    <\/aside>\n<p>&#13;<br \/>\n&#13;<br \/>\n            <\/main><\/p><\/div>\n<p><br \/>\n<br \/><a href=\"https:\/\/limeira.sp.gov.br\/melhorias-em-asfalto-avancam-e-mais-vias-serao-recapeadas\" rel=\"noopener\">Informa\u00e7\u00f5es da PML <\/a><\/p>\n","protected":false},"excerpt":{"rendered":"<p>&#13; &#13; &#13; &#13; &#13; &#13; &#13; A Prefeitura de Limeira, por meio da Secretaria de Obras e Servi\u00e7os P\u00fablicos, inicia nesta sexta-feira (24) o recapeamento das ruas Deputado Oct\u00e1vio Lopes, no Centro, e Jos\u00e9 Jorge Rodrigues, no Jd. Boa Vista, e da Av. Ambr\u00f3sio Fumagalli, no\u00a0Parque Egisto Ragazzo. Juntas, as a\u00e7\u00f5es levar\u00e3o melhorias a [&hellip;]<\/p>\n","protected":false},"author":1,"featured_media":4411,"comment_status":"open","ping_status":"open","sticky":false,"template":"","format":"standard","meta":{"_jetpack_newsletter_access":"","_jetpack_dont_email_post_to_subs":false,"_jetpack_newsletter_tier_id":0,"_jetpack_memberships_contains_paywalled_content":false,"_mbp_banners":[],"_jetpack_feature_clip_id":0,"_jetpack_memberships_contains_paid_content":false,"footnotes":"","jetpack_publicize_message":"","jetpack_publicize_feature_enabled":true,"jetpack_social_post_already_shared":true,"jetpack_social_options":{"image_generator_settings":{"template":"highway","default_image_id":0,"font":"","enabled":false},"version":2},"jetpack_post_was_ever_published":false},"categories":[16],"tags":[],"class_list":["post-6101","post","type-post","status-publish","format-standard","has-post-thumbnail","category-local"],"jetpack_publicize_connections":[],"jetpack-related-posts":[],"jetpack_shortlink":"https:\/\/wp.me\/p7Eq1F-1Ap","jetpack_sharing_enabled":true,"jetpack_featured_media_url":"https:\/\/i0.wp.com\/guialimeira.com.br\/news\/wp-content\/uploads\/2024\/05\/m_137_0_1_09052024171126.jpg?fit=626%2C351&ssl=1","_links":{"self":[{"href":"https:\/\/guialimeira.com.br\/news\/wp-json\/wp\/v2\/posts\/6101","targetHints":{"allow":["GET"]}}],"collection":[{"href":"https:\/\/guialimeira.com.br\/news\/wp-json\/wp\/v2\/posts"}],"about":[{"href":"https:\/\/guialimeira.com.br\/news\/wp-json\/wp\/v2\/types\/post"}],"author":[{"embeddable":true,"href":"https:\/\/guialimeira.com.br\/news\/wp-json\/wp\/v2\/users\/1"}],"replies":[{"embeddable":true,"href":"https:\/\/guialimeira.com.br\/news\/wp-json\/wp\/v2\/comments?post=6101"}],"version-history":[{"count":0,"href":"https:\/\/guialimeira.com.br\/news\/wp-json\/wp\/v2\/posts\/6101\/revisions"}],"wp:featuredmedia":[{"embeddable":true,"href":"https:\/\/guialimeira.com.br\/news\/wp-json\/wp\/v2\/media\/4411"}],"wp:attachment":[{"href":"https:\/\/guialimeira.com.br\/news\/wp-json\/wp\/v2\/media?parent=6101"}],"wp:term":[{"taxonomy":"category","embeddable":true,"href":"https:\/\/guialimeira.com.br\/news\/wp-json\/wp\/v2\/categories?post=6101"},{"taxonomy":"post_tag","embeddable":true,"href":"https:\/\/guialimeira.com.br\/news\/wp-json\/wp\/v2\/tags?post=6101"}],"curies":[{"name":"wp","href":"https:\/\/api.w.org\/{rel}","templated":true}]}}