{"id":60993,"date":"2026-04-09T18:00:22","date_gmt":"2026-04-09T21:00:22","guid":{"rendered":"https:\/\/guialimeira.com.br\/comissao-de-seguranca-solicita-estudo-sobre-licenciamento-de-atividade-de-adegas-e-de-vendas-de-tchay\/"},"modified":"2026-04-09T18:00:22","modified_gmt":"2026-04-09T21:00:22","slug":"comissao-de-seguranca-solicita-estudo-sobre-licenciamento-de-atividade-de-adegas-e-de-vendas-de-tchay","status":"publish","type":"post","link":"https:\/\/guialimeira.com.br\/news\/comissao-de-seguranca-solicita-estudo-sobre-licenciamento-de-atividade-de-adegas-e-de-vendas-de-tchay\/","title":{"rendered":"Comiss\u00e3o de Seguran\u00e7a solicita estudo sobre licenciamento de atividade de adegas e de vendas de &quot;tchay&quot;"},"content":{"rendered":"<p>Comiss\u00e3o de Seguran\u00e7a P\u00fablica solicita estudo sobre licenciamento de atividade de adegas e tchays<\/p>\n<p>A Comiss\u00e3o de Seguran\u00e7a P\u00fablica deliberou na tarde desta quinta-feira, 9 de abril, a elabora\u00e7\u00e3o de um estudo da Consultoria T\u00e9cnica Especializada da C\u00e2mara\u00a0 que servir\u00e1 como base para a elabora\u00e7\u00e3o de projeto voltado a aprimorar as regras de licenciamento de atividades de adegas, tchays e similares. Segundo o colegiado, o relat\u00f3rio t\u00e9cnico deve ter como \u00eanfase o impacto da vizinhan\u00e7a, visando \u00e0 obten\u00e7\u00e3o de subs\u00eddios para aprimorar a seguran\u00e7a p\u00fablica, especialmente em \u00e1reas residenciais.<\/p>\n<p>Os vereadores debateram demandas sobre perturba\u00e7\u00e3o de sossego, especialmente em raz\u00e3o da presen\u00e7a de adegas e tchays, al\u00e9m das recorrentes cobran\u00e7as da popula\u00e7\u00e3o quanto \u00e0 exist\u00eancia de estabelecimentos irregulares. A Comiss\u00e3o avaliou a necessidade de cria\u00e7\u00e3o de uma lei espec\u00edfica para com\u00e9rcios cuja principal atividade seja a venda de bebidas alco\u00f3licas, considerando a Classifica\u00e7\u00e3o Nacional de Atividades (Cnae), com a possibilidade de restri\u00e7\u00e3o em determinados zoneamentos a fim de reduzir impactos de vizinhan\u00e7a.<\/p>\n<p>Para os vereadores, o estudo ser\u00e1 importante para aperfei\u00e7oar as regras de licenciamento, tornando mais criterioso o funcionamento desses estabelecimentos.<\/p>\n<p>A Comiss\u00e3o de Seguran\u00e7a P\u00fablica da C\u00e2mara \u00e9 composta pelos vereadores Costa J\u00fanior (Podemos), presidente; Felipe Penedo (PL), vice-presidente, e Carlinhos do Grotta (PL), secret\u00e1rio. As delibera\u00e7\u00f5es podem ser conferidas em ata.<\/p>\n<hr>\n<p><em>Fonte: <a href=\"https:\/\/www.limeira.sp.leg.br\/noticias\/view\/2026-04-09_comissao-de-seguranca-solicita-estudo-sobre-licenciamento-de-atividade-de-adegas-e-de-vendas-de-tchay\" target=\"_blank\" rel=\"noopener\">C\u00e2mara Municipal de Limeira<\/a><\/em><\/p>\n","protected":false},"excerpt":{"rendered":"<p>Comiss\u00e3o de Seguran\u00e7a P\u00fablica solicita estudo sobre licenciamento de atividade de adegas e tchays<\/p>\n<p>A Comiss\u00e3o de Seguran\u00e7a P\u00fablica deliberou na tarde desta quinta-feira, 9 de abril, a elabora\u00e7\u00e3o de um estudo da Consultoria T\u00e9cnica Especializada da C\u00e2mara\u00a0 que servir\u00e1 como base para a elabora\u00e7\u00e3o de p<\/p>\n","protected":false},"author":4,"featured_media":60992,"comment_status":"","ping_status":"open","sticky":false,"template":"","format":"standard","meta":{"_jetpack_newsletter_access":"","_jetpack_dont_email_post_to_subs":false,"_jetpack_newsletter_tier_id":0,"_jetpack_memberships_contains_paywalled_content":false,"_mbp_banners":[],"_jetpack_feature_clip_id":0,"_jetpack_memberships_contains_paid_content":false,"footnotes":"","jetpack_publicize_message":"","jetpack_publicize_feature_enabled":true,"jetpack_social_post_already_shared":true,"jetpack_social_options":{"image_generator_settings":{"template":"highway","default_image_id":0,"font":"","enabled":false},"version":2},"jetpack_post_was_ever_published":false},"categories":[19],"tags":[],"class_list":["post-60993","post","type-post","status-publish","format-standard","has-post-thumbnail","category-politica"],"jetpack_publicize_connections":[],"jetpack-related-posts":[],"jetpack_shortlink":"https:\/\/wp.me\/p7Eq1F-fRL","jetpack_sharing_enabled":true,"jetpack_featured_media_url":"https:\/\/i0.wp.com\/guialimeira.com.br\/news\/wp-content\/uploads\/2026\/04\/noticia-camara-60.jpg?fit=1280%2C640&ssl=1","_links":{"self":[{"href":"https:\/\/guialimeira.com.br\/news\/wp-json\/wp\/v2\/posts\/60993","targetHints":{"allow":["GET"]}}],"collection":[{"href":"https:\/\/guialimeira.com.br\/news\/wp-json\/wp\/v2\/posts"}],"about":[{"href":"https:\/\/guialimeira.com.br\/news\/wp-json\/wp\/v2\/types\/post"}],"author":[{"embeddable":true,"href":"https:\/\/guialimeira.com.br\/news\/wp-json\/wp\/v2\/users\/4"}],"replies":[{"embeddable":true,"href":"https:\/\/guialimeira.com.br\/news\/wp-json\/wp\/v2\/comments?post=60993"}],"version-history":[{"count":0,"href":"https:\/\/guialimeira.com.br\/news\/wp-json\/wp\/v2\/posts\/60993\/revisions"}],"wp:featuredmedia":[{"embeddable":true,"href":"https:\/\/guialimeira.com.br\/news\/wp-json\/wp\/v2\/media\/60992"}],"wp:attachment":[{"href":"https:\/\/guialimeira.com.br\/news\/wp-json\/wp\/v2\/media?parent=60993"}],"wp:term":[{"taxonomy":"category","embeddable":true,"href":"https:\/\/guialimeira.com.br\/news\/wp-json\/wp\/v2\/categories?post=60993"},{"taxonomy":"post_tag","embeddable":true,"href":"https:\/\/guialimeira.com.br\/news\/wp-json\/wp\/v2\/tags?post=60993"}],"curies":[{"name":"wp","href":"https:\/\/api.w.org\/{rel}","templated":true}]}}