{"id":60991,"date":"2026-04-09T17:55:20","date_gmt":"2026-04-09T20:55:20","guid":{"rendered":"https:\/\/guialimeira.com.br\/dr-marcelo-rossi-leva-conscientizacao-sobre-alzheimer-aos-idosos-do-jardim-novo-horizonte\/"},"modified":"2026-04-09T17:55:20","modified_gmt":"2026-04-09T20:55:20","slug":"dr-marcelo-rossi-leva-conscientizacao-sobre-alzheimer-aos-idosos-do-jardim-novo-horizonte","status":"publish","type":"post","link":"https:\/\/guialimeira.com.br\/news\/dr-marcelo-rossi-leva-conscientizacao-sobre-alzheimer-aos-idosos-do-jardim-novo-horizonte\/","title":{"rendered":"Dr. Marcelo Rossi leva conscientiza\u00e7\u00e3o sobre Alzheimer aos idosos do Jardim Novo Horizonte"},"content":{"rendered":"<p>Dr. Marcelo Rossi leva conscientiza\u00e7\u00e3o sobre Alzheimer aos idosos do Jardim Novo Horizonte<\/p>\n<p>Autor da Lei do Alzheimer (Lei Ordin\u00e1ria N\u00b05.833\/2017), o vereador Dr. Marcelo Rossi (MDB) realizou na \u00faltima ter\u00e7a-feira, 7 de abril, uma palestra de conscientiza\u00e7\u00e3o sobre a doen\u00e7a na Igreja S\u00e3o Jo\u00e3o Evangelista, no Jardim Novo Horizonte. A iniciativa, a pedido da comunidade da regi\u00e3o, foi fundamental para esclarecer mitos e principalmente refor\u00e7ar os pilares da preven\u00e7\u00e3o. \u201cAs estimativas s\u00e3o preocupantes. Estudos indicam que a cada dois idosos com 85 anos ou mais, um tem o risco de desenvolver a doen\u00e7a de Alzheimer significativamente\u201d, alertou o vereador.<\/p>\n<p>Dr. Marcelo enfatizou que a doen\u00e7a n\u00e3o tem cura e que a preven\u00e7\u00e3o e o diagn\u00f3stico precoce s\u00e3o indispens\u00e1veis. Por isso, refor\u00e7ou a import\u00e2ncia da atividade f\u00edsica regular, da alimenta\u00e7\u00e3o saud\u00e1vel, da estimula\u00e7\u00e3o mental ativa (leitura, aprendizado de novos idiomas, de m\u00fasica, jogos de estrat\u00e9gia, palavras cruzadas e xadrez, entre outros), controle de doen\u00e7as cr\u00f4nicas (hipertens\u00e3o e diabetes) e vida social ativa. \u201cOutro aspecto que pego muito no p\u00e9: qualidade do sono e hidrata\u00e7\u00e3o. Bebam \u00e1gua!\u201d, refor\u00e7ou, ao lembrar que muitos casos de falhas na mem\u00f3ria s\u00e3o associados \u00e0 ins\u00f4nia e \u00e0 desidrata\u00e7\u00e3o, ainda comuns nas terceira idade e sem caracterizar dem\u00eancia.<\/p>\n<p>Vacina\u00e7\u00e3o<\/p>\n<p>Ainda como incentivo ao envelhecimento saud\u00e1vel, lembrou da campanha de vacina\u00e7\u00e3o contra a gripe iniciada neste m\u00eas. Al\u00e9m de idosos e gestantes, podem se vacinar crian\u00e7as de 6 meses a menores de 6 anos, pu\u00e9rperas, trabalhadores da sa\u00fade e da educa\u00e7\u00e3o, pessoas com doen\u00e7as cr\u00f4nicas ou defici\u00eancia, profissionais de seguran\u00e7a e caminhoneiros, entre outros grupos definidos pelo Minist\u00e9rio da Sa\u00fade.<\/p>\n<p>O parlamentar informou que a campanha da Prefeitura segue at\u00e9 30 de maio em 17 unidades com salas de vacina\u00e7\u00e3o, de segunda a sexta-feira, das 8h \u00e0s 16h. Para se vacinar, basta apresentar documento com foto e carteira de vacina\u00e7\u00e3o. Menores de 18 anos devem estar acompanhados pelos pais ou respons\u00e1veis. A vacina \u00e9 gratuita pelo SUS e produzida pelo Instituto Butantan. Mais informa\u00e7\u00f5es: www.limeira.sp.gov.br\/gripe.<\/p>\n<p>Do Gabinete Parlamentar \u2013 Vereador Dr.Marcelo Rossi (MDB)<\/p>\n<p>* Fotos do Gabinete Parlamentar<\/p>\n<p>As mat\u00e9rias de origem dos Gabinetes Parlamentares s\u00e3o de inteira\u00a0 responsabilidade dos parlamentares e de suas assessorias. S\u00e3o devidamente assinadas e n\u00e3o refletem, necessariamente, a opini\u00e3o institucional da C\u00e2mara Municipal de Limeira.<\/p>\n<hr>\n<p><em>Fonte: <a href=\"https:\/\/www.limeira.sp.leg.br\/noticias\/view\/2026-04-09_dr-marcelo-rossi-leva-conscientizacao-sobre-alzheimer-aos-idosos-do-jardim-novo-horizonte\" target=\"_blank\" rel=\"noopener\">C\u00e2mara Municipal de Limeira<\/a><\/em><\/p>\n","protected":false},"excerpt":{"rendered":"<p>Dr. Marcelo Rossi leva conscientiza\u00e7\u00e3o sobre Alzheimer aos idosos do Jardim Novo Horizonte<\/p>\n<p>Autor da Lei do Alzheimer (Lei Ordin\u00e1ria N\u00b05.833\/2017), o vereador Dr. Marcelo Rossi (MDB) realizou na \u00faltima ter\u00e7a-feira, 7 de abril, uma palestra de conscientiza\u00e7\u00e3o sobre a doen\u00e7a na Igreja S\u00e3o Jo\u00e3o Evangel<\/p>\n","protected":false},"author":4,"featured_media":60990,"comment_status":"","ping_status":"open","sticky":false,"template":"","format":"standard","meta":{"_jetpack_newsletter_access":"","_jetpack_dont_email_post_to_subs":false,"_jetpack_newsletter_tier_id":0,"_jetpack_memberships_contains_paywalled_content":false,"_mbp_banners":[],"_jetpack_feature_clip_id":0,"_jetpack_memberships_contains_paid_content":false,"footnotes":"","jetpack_publicize_message":"","jetpack_publicize_feature_enabled":true,"jetpack_social_post_already_shared":true,"jetpack_social_options":{"image_generator_settings":{"template":"highway","default_image_id":0,"font":"","enabled":false},"version":2},"jetpack_post_was_ever_published":false},"categories":[19],"tags":[],"class_list":["post-60991","post","type-post","status-publish","format-standard","has-post-thumbnail","category-politica"],"jetpack_publicize_connections":[],"jetpack-related-posts":[],"jetpack_shortlink":"https:\/\/wp.me\/p7Eq1F-fRJ","jetpack_sharing_enabled":true,"jetpack_featured_media_url":"https:\/\/i0.wp.com\/guialimeira.com.br\/news\/wp-content\/uploads\/2026\/04\/noticia-camara-59.jpg?fit=1280%2C640&ssl=1","_links":{"self":[{"href":"https:\/\/guialimeira.com.br\/news\/wp-json\/wp\/v2\/posts\/60991","targetHints":{"allow":["GET"]}}],"collection":[{"href":"https:\/\/guialimeira.com.br\/news\/wp-json\/wp\/v2\/posts"}],"about":[{"href":"https:\/\/guialimeira.com.br\/news\/wp-json\/wp\/v2\/types\/post"}],"author":[{"embeddable":true,"href":"https:\/\/guialimeira.com.br\/news\/wp-json\/wp\/v2\/users\/4"}],"replies":[{"embeddable":true,"href":"https:\/\/guialimeira.com.br\/news\/wp-json\/wp\/v2\/comments?post=60991"}],"version-history":[{"count":0,"href":"https:\/\/guialimeira.com.br\/news\/wp-json\/wp\/v2\/posts\/60991\/revisions"}],"wp:featuredmedia":[{"embeddable":true,"href":"https:\/\/guialimeira.com.br\/news\/wp-json\/wp\/v2\/media\/60990"}],"wp:attachment":[{"href":"https:\/\/guialimeira.com.br\/news\/wp-json\/wp\/v2\/media?parent=60991"}],"wp:term":[{"taxonomy":"category","embeddable":true,"href":"https:\/\/guialimeira.com.br\/news\/wp-json\/wp\/v2\/categories?post=60991"},{"taxonomy":"post_tag","embeddable":true,"href":"https:\/\/guialimeira.com.br\/news\/wp-json\/wp\/v2\/tags?post=60991"}],"curies":[{"name":"wp","href":"https:\/\/api.w.org\/{rel}","templated":true}]}}