{"id":6099,"date":"2024-05-23T12:26:49","date_gmt":"2024-05-23T15:26:49","guid":{"rendered":"https:\/\/guialimeira.com.br\/2024\/05\/23\/policia-resgata-padre-e-prende-trio-por-sequestro-na-grande-sp\/"},"modified":"2024-05-23T12:26:49","modified_gmt":"2024-05-23T15:26:49","slug":"policia-resgata-padre-e-prende-trio-por-sequestro-na-grande-sp","status":"publish","type":"post","link":"https:\/\/guialimeira.com.br\/news\/policia-resgata-padre-e-prende-trio-por-sequestro-na-grande-sp\/","title":{"rendered":"Pol\u00edcia resgata padre e prende trio por sequestro na Grande SP"},"content":{"rendered":"<p> <br \/>\n<\/p>\n<div id=\"\">&#13;<br \/>\n                                <!-- Title -->&#13;<br \/>\n                                &#13;<br \/>\n&#13;<br \/>\n                                <!-- Excerpt -->&#13;<\/p>\n<p class=\"excerpt\">Suspeitos estavam usando o celular da v\u00edtima para realizar transfer\u00eancias banc\u00e1rias<\/p>\n<p>&#13;<br \/>\n&#13;<br \/>\n                                &#13;\n                            <\/p><\/div>\n<div id=\"\">&#13;<\/p>\n<figure id=\"attachment_5889920\" style=\"width: 100%;max-width: 1600px\" class=\"wp-caption alignnone\"><img data-recalc-dims=\"1\" decoding=\"async\" loading=\"lazy\" class=\"size-full wp-image-5889920\" src=\"https:\/\/i0.wp.com\/www.saopaulo.sp.gov.br\/wp-content\/uploads\/2024\/05\/00054758.jpeg?resize=696%2C522&#038;ssl=1\" alt=\"\" width=\"696\" height=\"522\" srcset=\"https:\/\/www.saopaulo.sp.gov.br\/wp-content\/uploads\/2024\/05\/00054758.jpeg 1600w, https:\/\/www.saopaulo.sp.gov.br\/wp-content\/uploads\/2024\/05\/00054758-300x225.jpeg 300w, https:\/\/www.saopaulo.sp.gov.br\/wp-content\/uploads\/2024\/05\/00054758-1024x768.jpeg 1024w, https:\/\/www.saopaulo.sp.gov.br\/wp-content\/uploads\/2024\/05\/00054758-768x576.jpeg 768w, https:\/\/www.saopaulo.sp.gov.br\/wp-content\/uploads\/2024\/05\/00054758-1536x1152.jpeg 1536w\" sizes=\"auto, (max-width: 1600px) 100vw, 1600px\"\/><figcaption class=\"wp-caption-text\">A vitima foi resgatada e retirada do local em seguran\u00e7a<\/figcaption><\/figure>\n<p>A Pol\u00edcia Militar libertou nesta quinta-feira (23) um padre que havia sido sequestrado por tr\u00eas criminosos no \u00faltimo dia 21 e que era mantido ref\u00e9m em uma casa na regi\u00e3o de Osasco, na Grande S\u00e3o Paulo.<\/p>\n<p>Ap\u00f3s den\u00fancias e trabalhos de intelig\u00eancia policial, a equipe do 14\u00ba Batalh\u00e3o de Pol\u00edcia Militar Metropolitano identificou um endere\u00e7o onde os suspeitos possivelmente estariam escondendo a v\u00edtima, que havia sido sequestrada pelo trio ao sair de um carro. Posteriormente, o ve\u00edculo foi localizado pelos policiais.<\/p>\n<p>De acordo com as informa\u00e7\u00f5es da PM, os criminosos estavam usando o celular da v\u00edtima para realizar transfer\u00eancias banc\u00e1rias.<\/p>\n<p>Nas buscas, os policiais encontraram a casa usada pelos suspeitos. \u201cConseguimos estourar o cativeiro e flagrar o trio. A v\u00edtima estava deitada. Imediatamente acionamos o resgate\u201d, disse o tenente Matheus Henrique. Eles foram presos no local e encaminhados \u00e0 delegacia.<\/p>\n<p>O padre foi resgatado e retirado do local em seguran\u00e7a. A ocorr\u00eancia est\u00e1 sendo apresentada no 5\u00ba Distrito Policial de Osasco.<\/p>\n<p>Siga o canal \u201cGoverno de S\u00e3o Paulo\u201d no WhatsApp:<br \/><a href=\"https:\/\/bit.ly\/govspnozap\" target=\"_blank\" rel=\"noopener noreferrer\">https:\/\/bit.ly\/govspnozap<\/a><\/p>\n<\/p><\/div>\n<p><br \/>\n<br \/><a href=\"https:\/\/www.saopaulo.sp.gov.br\/spnoticias\/ultimas-noticias\/policia-resgata-padre-e-prende-trio-por-sequestro-na-grande-sp\/\" rel=\"noopener\">Informa\u00e7\u00f5es GOV.SP<\/a><\/p>\n","protected":false},"excerpt":{"rendered":"<p>&#13; &#13; &#13; &#13; &#13; Suspeitos estavam usando o celular da v\u00edtima para realizar transfer\u00eancias banc\u00e1rias &#13; &#13; &#13; &#13; A vitima foi resgatada e retirada do local em seguran\u00e7a A Pol\u00edcia Militar libertou nesta quinta-feira (23) um padre que havia sido sequestrado por tr\u00eas criminosos no \u00faltimo dia 21 e que era mantido ref\u00e9m [&hellip;]<\/p>\n","protected":false},"author":1,"featured_media":6100,"comment_status":"open","ping_status":"open","sticky":false,"template":"","format":"standard","meta":{"_jetpack_newsletter_access":"","_jetpack_dont_email_post_to_subs":false,"_jetpack_newsletter_tier_id":0,"_jetpack_memberships_contains_paywalled_content":false,"_mbp_banners":[],"_jetpack_feature_clip_id":0,"_jetpack_memberships_contains_paid_content":false,"footnotes":"","jetpack_publicize_message":"","jetpack_publicize_feature_enabled":true,"jetpack_social_post_already_shared":true,"jetpack_social_options":{"image_generator_settings":{"template":"highway","default_image_id":0,"font":"","enabled":false},"version":2},"jetpack_post_was_ever_published":false},"categories":[21],"tags":[],"class_list":["post-6099","post","type-post","status-publish","format-standard","has-post-thumbnail","category-sp-news"],"jetpack_publicize_connections":[],"jetpack-related-posts":[],"jetpack_shortlink":"https:\/\/wp.me\/p7Eq1F-1An","jetpack_sharing_enabled":true,"jetpack_featured_media_url":"https:\/\/i0.wp.com\/guialimeira.com.br\/news\/wp-content\/uploads\/2024\/05\/Policia-resgata-padre-e-prende-trio-por-sequestro-na-Grande.jpeg?fit=1600%2C1200&ssl=1","_links":{"self":[{"href":"https:\/\/guialimeira.com.br\/news\/wp-json\/wp\/v2\/posts\/6099","targetHints":{"allow":["GET"]}}],"collection":[{"href":"https:\/\/guialimeira.com.br\/news\/wp-json\/wp\/v2\/posts"}],"about":[{"href":"https:\/\/guialimeira.com.br\/news\/wp-json\/wp\/v2\/types\/post"}],"author":[{"embeddable":true,"href":"https:\/\/guialimeira.com.br\/news\/wp-json\/wp\/v2\/users\/1"}],"replies":[{"embeddable":true,"href":"https:\/\/guialimeira.com.br\/news\/wp-json\/wp\/v2\/comments?post=6099"}],"version-history":[{"count":0,"href":"https:\/\/guialimeira.com.br\/news\/wp-json\/wp\/v2\/posts\/6099\/revisions"}],"wp:featuredmedia":[{"embeddable":true,"href":"https:\/\/guialimeira.com.br\/news\/wp-json\/wp\/v2\/media\/6100"}],"wp:attachment":[{"href":"https:\/\/guialimeira.com.br\/news\/wp-json\/wp\/v2\/media?parent=6099"}],"wp:term":[{"taxonomy":"category","embeddable":true,"href":"https:\/\/guialimeira.com.br\/news\/wp-json\/wp\/v2\/categories?post=6099"},{"taxonomy":"post_tag","embeddable":true,"href":"https:\/\/guialimeira.com.br\/news\/wp-json\/wp\/v2\/tags?post=6099"}],"curies":[{"name":"wp","href":"https:\/\/api.w.org\/{rel}","templated":true}]}}