{"id":60976,"date":"2026-04-09T16:15:22","date_gmt":"2026-04-09T19:15:22","guid":{"rendered":"https:\/\/guialimeira.com.br\/passarela-dos-lopes-comissao-de-obras-busca-cumprimento-de-prazo-para-a-entrega-da-travessia\/"},"modified":"2026-04-09T16:15:22","modified_gmt":"2026-04-09T19:15:22","slug":"passarela-dos-lopes-comissao-de-obras-busca-cumprimento-de-prazo-para-a-entrega-da-travessia","status":"publish","type":"post","link":"https:\/\/guialimeira.com.br\/news\/passarela-dos-lopes-comissao-de-obras-busca-cumprimento-de-prazo-para-a-entrega-da-travessia\/","title":{"rendered":"Passarela dos Lopes: Comiss\u00e3o de Obras busca cumprimento de prazo para a entrega da travessia"},"content":{"rendered":"<p>Passarela dos Lopes: Comiss\u00e3o de Obras busca cumprimento de prazo para a entrega da travessia<\/p>\n<p>A constru\u00e7\u00e3o de passarela no KM 134+500 metros da rodovia Anhanguera (SP-330), no bairro dos Lopes, foi tema da reuni\u00e3o da Comiss\u00e3o de Obras e Planejamento Urbano, nesta quinta-feira, 9 de abril. Os vereadores deliberaram pelo agendamento de uma reuni\u00e3o presencial na Ag\u00eancia de Transporte do Estado de S\u00e3o Paulo (Artesp), na capital paulista, para cobrar o detalhamento do cronograma de obras e o cumprimento dos prazos de entrega da estrutura \u00e0 popula\u00e7\u00e3o.<\/p>\n<p>Por meio de of\u00edcio encaminhado \u00e0 autarquia, o colegiado prop\u00f4s que a visita t\u00e9cnica ocorra no dia 28 de abril, \u00e0s 9h. Em outubro de 2025, os membros estiveram na Artesp. Na ocasi\u00e3o, foi informado que a previs\u00e3o de conclus\u00e3o da constru\u00e7\u00e3o da passarela \u00e9 abril de 2026.<\/p>\n<p>O presidente da Comiss\u00e3o, Helder do T\u00e1xi (PSD), enfatizou que a demanda pela passarela \u00e9 uma pauta hist\u00f3rica do Legislativo limeirense, que desde 2017 intensificou a articula\u00e7\u00e3o com a Prefeitura e com o Governo do Estado em defesa da constru\u00e7\u00e3o da travessia no bairro dos Lopes, com base em um relat\u00f3rio da Consultoria T\u00e9cnica Especializada da Casa. Na ocasi\u00e3o, o parecer demonstrou que \u201cas caracter\u00edsticas locais configuram uma situa\u00e7\u00e3o de risco permanente e di\u00e1rio aos moradores do bairro, inclusive para o acesso a servi\u00e7os p\u00fablicos essenciais, especificamente de sa\u00fade e de educa\u00e7\u00e3o, necessitam realizar diariamente a travessia da rodovia\u201d.<\/p>\n<p>O hist\u00f3rico de solicita\u00e7\u00f5es da C\u00e2mara inclui indica\u00e7\u00f5es, mo\u00e7\u00f5es e audi\u00eancias p\u00fablicas realizadas por vereadores desde 2011.<\/p>\n<p>Estradas rurais<\/p>\n<p>Na reuni\u00e3o desta semana, a Comiss\u00e3o de Obras abordou ainda os pr\u00f3ximos passos para tratar das demandas de infraestrutura de estradas rurais do munic\u00edpio. No pr\u00f3ximo dia 16 de abril, \u00e0s 13h30, no Plen\u00e1rio da C\u00e2mara, ser\u00e1 realizado um debate sobre o tema entre os vereadores do colegiado e secret\u00e1rios municipais. Foram convidados para o encontro representantes das pastas de Agroneg\u00f3cio e \u00c1reas Rurais, Assuntos Jur\u00eddicos, Obras e Servi\u00e7os P\u00fablicos, Desenvolvimento Econ\u00f4mico e Meio Ambiente, al\u00e9m do prefeito Murilo Felix (Podemos).<\/p>\n<p>Para refor\u00e7ar o trabalho de fiscaliza\u00e7\u00e3o, a Comiss\u00e3o tamb\u00e9m encaminhou of\u00edcio ao Poder Executivo solicitando cronogramas detalhados de manuten\u00e7\u00e3o e relat\u00f3rios de melhorias para uma s\u00e9rie de estradas. O pedido abrange vias nos bairros dos Pires (LIM 454, 462, 463, 464, 375, 457, 253), dos Lopes, Loiolas e Pereiras (LIM 137, 344, 377, 267, 134, 387), do Tatu (LIM 379 e LIM 010) e Alfredo Zambuzi (LIM 186). O vereador Helder informou ter constatado a necessidade urgente de interven\u00e7\u00e3o em diversos trechos ap\u00f3s dilig\u00eancias realizadas nos locais.<\/p>\n<p>Energia el\u00e9trica<\/p>\n<p>Al\u00e9m da manuten\u00e7\u00e3o de estradas rurais, os vereadores pretendem dialogar com os secret\u00e1rios competentes sobre a regularidade no fornecimento de energia el\u00e9trica em diversos bairros.\u00a0 Para isso, o convite ser\u00e1 estendido \u00e0 concession\u00e1ria Neoenergia\/Elektro, para contribuir com esclarecimentos.<\/p>\n<p>Sobre a Comiss\u00e3o<\/p>\n<p>Fazem parte do colegiado os vereadores Helder do T\u00e1xi, presidente; Jo\u00e3o Antunes Bano (Solidariedade), vice-presidente; e M\u00e1rcio do Estacionamento (DC), secret\u00e1rio; o presidente da Comiss\u00e3o de Meio Ambiente da C\u00e2mara, Felipe Penedo (PL). As delibera\u00e7\u00f5es da reuni\u00e3o s\u00e3o registradas na ata.<\/p>\n<hr>\n<p><em>Fonte: <a href=\"https:\/\/www.limeira.sp.leg.br\/noticias\/view\/2026-04-09_passarela-dos-lopes-comissao-de-obras-busca-cumprimento-de-prazo-para-a-entrega-da-travessia\" target=\"_blank\" rel=\"noopener\">C\u00e2mara Municipal de Limeira<\/a><\/em><\/p>\n","protected":false},"excerpt":{"rendered":"<p>Passarela dos Lopes: Comiss\u00e3o de Obras busca cumprimento de prazo para a entrega da travessia<\/p>\n<p>A constru\u00e7\u00e3o de passarela no KM 134+500 metros da rodovia Anhanguera (SP-330), no bairro dos Lopes, foi tema da reuni\u00e3o da Comiss\u00e3o de Obras e Planejamento Urbano, nesta quinta-feira, 9 de abril. Os veread<\/p>\n","protected":false},"author":4,"featured_media":60975,"comment_status":"","ping_status":"open","sticky":false,"template":"","format":"standard","meta":{"_jetpack_newsletter_access":"","_jetpack_dont_email_post_to_subs":false,"_jetpack_newsletter_tier_id":0,"_jetpack_memberships_contains_paywalled_content":false,"_mbp_banners":[],"_jetpack_feature_clip_id":0,"_jetpack_memberships_contains_paid_content":false,"footnotes":"","jetpack_publicize_message":"","jetpack_publicize_feature_enabled":true,"jetpack_social_post_already_shared":true,"jetpack_social_options":{"image_generator_settings":{"template":"highway","default_image_id":0,"font":"","enabled":false},"version":2},"jetpack_post_was_ever_published":false},"categories":[19],"tags":[],"class_list":["post-60976","post","type-post","status-publish","format-standard","has-post-thumbnail","category-politica"],"jetpack_publicize_connections":[],"jetpack-related-posts":[],"jetpack_shortlink":"https:\/\/wp.me\/p7Eq1F-fRu","jetpack_sharing_enabled":true,"jetpack_featured_media_url":"https:\/\/i0.wp.com\/guialimeira.com.br\/news\/wp-content\/uploads\/2026\/04\/noticia-camara-58.jpg?fit=1280%2C640&ssl=1","_links":{"self":[{"href":"https:\/\/guialimeira.com.br\/news\/wp-json\/wp\/v2\/posts\/60976","targetHints":{"allow":["GET"]}}],"collection":[{"href":"https:\/\/guialimeira.com.br\/news\/wp-json\/wp\/v2\/posts"}],"about":[{"href":"https:\/\/guialimeira.com.br\/news\/wp-json\/wp\/v2\/types\/post"}],"author":[{"embeddable":true,"href":"https:\/\/guialimeira.com.br\/news\/wp-json\/wp\/v2\/users\/4"}],"replies":[{"embeddable":true,"href":"https:\/\/guialimeira.com.br\/news\/wp-json\/wp\/v2\/comments?post=60976"}],"version-history":[{"count":0,"href":"https:\/\/guialimeira.com.br\/news\/wp-json\/wp\/v2\/posts\/60976\/revisions"}],"wp:featuredmedia":[{"embeddable":true,"href":"https:\/\/guialimeira.com.br\/news\/wp-json\/wp\/v2\/media\/60975"}],"wp:attachment":[{"href":"https:\/\/guialimeira.com.br\/news\/wp-json\/wp\/v2\/media?parent=60976"}],"wp:term":[{"taxonomy":"category","embeddable":true,"href":"https:\/\/guialimeira.com.br\/news\/wp-json\/wp\/v2\/categories?post=60976"},{"taxonomy":"post_tag","embeddable":true,"href":"https:\/\/guialimeira.com.br\/news\/wp-json\/wp\/v2\/tags?post=60976"}],"curies":[{"name":"wp","href":"https:\/\/api.w.org\/{rel}","templated":true}]}}