{"id":60951,"date":"2026-04-09T13:25:19","date_gmt":"2026-04-09T16:25:19","guid":{"rendered":"https:\/\/guialimeira.com.br\/everton-ferreira-articula-acoes-para-reforcar-seguranca-na-regiao-do-jardim-gloria\/"},"modified":"2026-04-09T13:25:19","modified_gmt":"2026-04-09T16:25:19","slug":"everton-ferreira-articula-acoes-para-reforcar-seguranca-na-regiao-do-jardim-gloria","status":"publish","type":"post","link":"https:\/\/guialimeira.com.br\/news\/everton-ferreira-articula-acoes-para-reforcar-seguranca-na-regiao-do-jardim-gloria\/","title":{"rendered":"Everton Ferreira articula a\u00e7\u00f5es para refor\u00e7ar seguran\u00e7a na regi\u00e3o do Jardim Gl\u00f3ria"},"content":{"rendered":"<p>Everton Ferreira articula a\u00e7\u00f5es para refor\u00e7ar seguran\u00e7a na regi\u00e3o do Jardim Gl\u00f3ria<\/p>\n<p>O vereador Everton Ferreira (PSD) esteve na Secretaria de Seguran\u00e7a P\u00fablica nesta segunda-feira, 6 de abril, onde se reuniu com o secret\u00e1rio adjunto, Henrique Cassiano Paes, o primeiro comandante da Guarda Civil Municipal (GCM) de Limeira, Andr\u00e9 Hailer e o mun\u00edcipe Gustavo, que solicitou apoio do parlamentar para buscar solu\u00e7\u00f5es para problemas recorrentes de seguran\u00e7a p\u00fablica nas proximidades de seu com\u00e9rcio, localizado pr\u00f3ximo \u00e0 Avenida Costa e Silva, na regi\u00e3o do Jardim Gl\u00f3ria.<\/p>\n<p>Durante a conversa, o mun\u00edcipe relatou preocupa\u00e7\u00e3o com os furtos e roubos frequentes na \u00e1rea, al\u00e9m da presen\u00e7a constante de usu\u00e1rios de drogas, que muitas vezes acabam se envolvendo em brigas no local. O comerciante contou ainda que j\u00e1 teve seu carro furtado em poucos segundos enquanto estava estacionado nas proximidades do estabelecimento.<\/p>\n<p>Segundo informa\u00e7\u00f5es apresentadas durante a reuni\u00e3o, a Secretaria de Seguran\u00e7a P\u00fablica e a GCM devem intensificar o monitoramento na regi\u00e3o, com refor\u00e7o no patrulhamento preventivo, a fim de aumentar a sensa\u00e7\u00e3o de seguran\u00e7a para comerciantes e moradores.<\/p>\n<p>Everton Ferreira destacou que o di\u00e1logo direto entre a popula\u00e7\u00e3o e o poder p\u00fablico \u00e9 fundamental para encaminhar solu\u00e7\u00f5es. \u201cA seguran\u00e7a p\u00fablica impacta diretamente o dia a dia de quem trabalha e vive na regi\u00e3o, por isso buscamos esse di\u00e1logo com a Secretaria e a GCM para encontrar caminhos e refor\u00e7ar a presen\u00e7a das for\u00e7as de seguran\u00e7a\u201d, afirmou.<\/p>\n<p>O parlamentar tamb\u00e9m ressaltou a import\u00e2ncia da participa\u00e7\u00e3o dos moradores e comerciantes no registro das ocorr\u00eancias. \u201c\u00c9 importante que a popula\u00e7\u00e3o continue registrando os casos e mantendo contato com os \u00f3rg\u00e3os de seguran\u00e7a, pois isso ajuda a direcionar as a\u00e7\u00f5es e fortalecer o trabalho de preven\u00e7\u00e3o\u201d, refor\u00e7ou.<\/p>\n<p>Do Gabinete Parlamentar \u2013 Vereador Everton Ferreira (PSD)<\/p>\n<p>As mat\u00e9rias de origem dos Gabinetes Parlamentares s\u00e3o de inteira\u00a0 responsabilidade dos parlamentares e de suas assessorias. S\u00e3o devidamente assinadas e n\u00e3o refletem, necessariamente, a opini\u00e3o institucional da C\u00e2mara Municipal de Limeira.<\/p>\n<hr>\n<p><em>Fonte: <a href=\"https:\/\/www.limeira.sp.leg.br\/noticias\/view\/2026-04-09_everton-ferreira-articula-acoes-para-reforcar-seguranca-na-regiao-do-jardim-gloria\" target=\"_blank\" rel=\"noopener\">C\u00e2mara Municipal de Limeira<\/a><\/em><\/p>\n","protected":false},"excerpt":{"rendered":"<p>Everton Ferreira articula a\u00e7\u00f5es para refor\u00e7ar seguran\u00e7a na regi\u00e3o do Jardim Gl\u00f3ria<\/p>\n<p>O vereador Everton Ferreira (PSD) esteve na Secretaria de Seguran\u00e7a P\u00fablica nesta segunda-feira, 6 de abril, onde se reuniu com o secret\u00e1rio adjunto, Henrique Cassiano Paes, o primeiro comandante da Guarda Civil Muni<\/p>\n","protected":false},"author":4,"featured_media":60950,"comment_status":"","ping_status":"open","sticky":false,"template":"","format":"standard","meta":{"_jetpack_newsletter_access":"","_jetpack_dont_email_post_to_subs":false,"_jetpack_newsletter_tier_id":0,"_jetpack_memberships_contains_paywalled_content":false,"_mbp_banners":[],"_jetpack_feature_clip_id":0,"_jetpack_memberships_contains_paid_content":false,"footnotes":"","jetpack_publicize_message":"","jetpack_publicize_feature_enabled":true,"jetpack_social_post_already_shared":true,"jetpack_social_options":{"image_generator_settings":{"template":"highway","default_image_id":0,"font":"","enabled":false},"version":2},"jetpack_post_was_ever_published":false},"categories":[19],"tags":[],"class_list":["post-60951","post","type-post","status-publish","format-standard","has-post-thumbnail","category-politica"],"jetpack_publicize_connections":[],"jetpack-related-posts":[],"jetpack_shortlink":"https:\/\/wp.me\/p7Eq1F-fR5","jetpack_sharing_enabled":true,"jetpack_featured_media_url":"https:\/\/i0.wp.com\/guialimeira.com.br\/news\/wp-content\/uploads\/2026\/04\/noticia-camara-57.jpg?fit=1280%2C640&ssl=1","_links":{"self":[{"href":"https:\/\/guialimeira.com.br\/news\/wp-json\/wp\/v2\/posts\/60951","targetHints":{"allow":["GET"]}}],"collection":[{"href":"https:\/\/guialimeira.com.br\/news\/wp-json\/wp\/v2\/posts"}],"about":[{"href":"https:\/\/guialimeira.com.br\/news\/wp-json\/wp\/v2\/types\/post"}],"author":[{"embeddable":true,"href":"https:\/\/guialimeira.com.br\/news\/wp-json\/wp\/v2\/users\/4"}],"replies":[{"embeddable":true,"href":"https:\/\/guialimeira.com.br\/news\/wp-json\/wp\/v2\/comments?post=60951"}],"version-history":[{"count":0,"href":"https:\/\/guialimeira.com.br\/news\/wp-json\/wp\/v2\/posts\/60951\/revisions"}],"wp:featuredmedia":[{"embeddable":true,"href":"https:\/\/guialimeira.com.br\/news\/wp-json\/wp\/v2\/media\/60950"}],"wp:attachment":[{"href":"https:\/\/guialimeira.com.br\/news\/wp-json\/wp\/v2\/media?parent=60951"}],"wp:term":[{"taxonomy":"category","embeddable":true,"href":"https:\/\/guialimeira.com.br\/news\/wp-json\/wp\/v2\/categories?post=60951"},{"taxonomy":"post_tag","embeddable":true,"href":"https:\/\/guialimeira.com.br\/news\/wp-json\/wp\/v2\/tags?post=60951"}],"curies":[{"name":"wp","href":"https:\/\/api.w.org\/{rel}","templated":true}]}}