{"id":6095,"date":"2024-05-23T12:13:43","date_gmt":"2024-05-23T15:13:43","guid":{"rendered":"https:\/\/guialimeira.com.br\/2024\/05\/23\/comissao-de-direitos-humanos-reforca-pedido-de-esclarecimentos-sobre-servico-porta-a-porta\/"},"modified":"2024-05-23T12:13:43","modified_gmt":"2024-05-23T15:13:43","slug":"comissao-de-direitos-humanos-reforca-pedido-de-esclarecimentos-sobre-servico-porta-a-porta","status":"publish","type":"post","link":"https:\/\/guialimeira.com.br\/news\/comissao-de-direitos-humanos-reforca-pedido-de-esclarecimentos-sobre-servico-porta-a-porta\/","title":{"rendered":"Comiss\u00e3o de Direitos Humanos refor\u00e7a pedido de esclarecimentos sobre servi\u00e7o Porta a Porta"},"content":{"rendered":"<p> <br \/>\n<\/p>\n<div>\n<p>Na reuni\u00e3o desta quinta-feira, 23 de maio, a Comiss\u00e3o de Defesa dos Direitos Humanos e dos Direitos do Consumidor deliberou solicitar mais esclarecimentos da Prefeitura sobre a manuten\u00e7\u00e3o da frota do servi\u00e7o Porta a Porta, que faz o transporte gratuito de pessoas com defici\u00eancia. Os vereadores apuram den\u00fancia de mun\u00edcipe referente a problemas em um ve\u00edculo, como a falta de corrim\u00e3o no elevador, falhas de bateria, da marcha e dos amortecedores.\u00a0<\/p>\n<p>A Prefeitura respondeu a primeira solicita\u00e7\u00e3o elaborada pelo colegiado no dia<a href=\"https:\/\/www.limeira.sp.leg.br\/noticias\/view\/2024-04-04_comissao-de-defesa-dos-direitos-humanos-solicita-esclarecimentos-sobre-frota-do-servico-porta-a-porta\" rel=\"noopener\"> 4 de abril<\/a>, relatando a manifesta\u00e7\u00e3o da empresa Sancetur sobre o assunto. No of\u00edcio, o Executivo descreveu \u201cque a frota tem a manuten\u00e7\u00e3o preventiva e a corretiva, e quando o problema n\u00e3o \u00e9 identificado na manuten\u00e7\u00e3o preventiva e ocorre enquanto o ve\u00edculo est\u00e1 em opera\u00e7\u00e3o, o motorista avisa a garagem para que seja recolhido o ve\u00edculo para manuten\u00e7\u00e3o corretiva e substitu\u00eddo por outro, desta forma afirma que a manuten\u00e7\u00e3o est\u00e1 em ordem, incluindo as vans do sistema Porta a Porta\u201d.<\/p>\n<p>Os vereadores consideraram que a resposta n\u00e3o atende especificamente a den\u00fancia apresentada e elaborou novos questionamentos. A Comiss\u00e3o de Direitos Humanos quer que a Prefeitura esclare\u00e7a acerca da van de n\u00famero 201, com o fornecimento de documenta\u00e7\u00e3o que comprove as manuten\u00e7\u00f5es do ve\u00edculo nos \u00faltimos 12 meses, inclusive em rela\u00e7\u00e3o ao elevador. Eles questionam ainda se existe a necessidade de corrim\u00e3o em ambos os lados da van, para adequa\u00e7\u00e3o das normas t\u00e9cnicas de acessibilidade.\u00a0\u00a0\u00a0<\/p>\n<p><strong>Reuni\u00f5es\u00a0<\/strong><\/p>\n<p>Integram a Comiss\u00e3o de Defesa dos Direitos Humanos, dos Direitos do Consumidor, dos Direitos da Crian\u00e7a e do Adolescente e dos Direitos do Idoso a vereadora Isabelly Carvalho (PT), presidente; e os vereadores Cear\u00e1 (Republicanos), vice-presidente; e Sidney Pascotto, Lem\u00e3o da Jeov\u00e1 Raf\u00e1 (PRTB), secret\u00e1rio. As reuni\u00f5es ocorrem ordinariamente \u00e0s quintas-feiras, a partir das 9h30. Todas as delibera\u00e7\u00f5es s\u00e3o registradas em <a href=\"http:\/\/consulta.limeira.sp.leg.br\/Sessoes\/Documento\/346770\" rel=\"noopener\">ata<\/a>.<\/p>\n<p>O colegiado \u00e9 respons\u00e1vel por analisar proposituras voltadas \u00e0s tem\u00e1ticas abrangidas pelo colegiado, bem como acolher e investigar den\u00fancias de viola\u00e7\u00f5es de direitos e fiscalizar as a\u00e7\u00f5es voltadas \u00e0 prote\u00e7\u00e3o de direitos, sejam individuais, coletivos ou do consumidor.\u00a0<\/p>\n<p>\u00a0<\/p>\n<\/p><\/div>\n<p><br \/>\n<br \/><a href=\"https:\/\/www.limeira.sp.leg.br\/noticias\/view\/2024-05-23_comissao-de-direitos-humanos-reforca-pedido-de-esclarecimentos-sobre-servico-porta-a-porta\" rel=\"noopener\">Informa\u00e7\u00f5es CML<\/a><\/p>\n","protected":false},"excerpt":{"rendered":"<p>Na reuni\u00e3o desta quinta-feira, 23 de maio, a Comiss\u00e3o de Defesa dos Direitos Humanos e dos Direitos do Consumidor deliberou solicitar mais esclarecimentos da Prefeitura sobre a manuten\u00e7\u00e3o da frota do servi\u00e7o Porta a Porta, que faz o transporte gratuito de pessoas com defici\u00eancia. Os vereadores apuram den\u00fancia de mun\u00edcipe referente a problemas em um [&hellip;]<\/p>\n","protected":false},"author":1,"featured_media":0,"comment_status":"open","ping_status":"open","sticky":false,"template":"","format":"standard","meta":{"_jetpack_newsletter_access":"","_jetpack_dont_email_post_to_subs":false,"_jetpack_newsletter_tier_id":0,"_jetpack_memberships_contains_paywalled_content":false,"_mbp_banners":[],"_jetpack_feature_clip_id":0,"_jetpack_memberships_contains_paid_content":false,"footnotes":"","jetpack_publicize_message":"","jetpack_publicize_feature_enabled":true,"jetpack_social_post_already_shared":true,"jetpack_social_options":{"image_generator_settings":{"template":"highway","default_image_id":0,"font":"","enabled":false},"version":2},"jetpack_post_was_ever_published":false},"categories":[19],"tags":[],"class_list":["post-6095","post","type-post","status-publish","format-standard","category-politica"],"jetpack_publicize_connections":[],"jetpack-related-posts":[],"jetpack_shortlink":"https:\/\/wp.me\/p7Eq1F-1Aj","jetpack_sharing_enabled":true,"jetpack_featured_media_url":"","_links":{"self":[{"href":"https:\/\/guialimeira.com.br\/news\/wp-json\/wp\/v2\/posts\/6095","targetHints":{"allow":["GET"]}}],"collection":[{"href":"https:\/\/guialimeira.com.br\/news\/wp-json\/wp\/v2\/posts"}],"about":[{"href":"https:\/\/guialimeira.com.br\/news\/wp-json\/wp\/v2\/types\/post"}],"author":[{"embeddable":true,"href":"https:\/\/guialimeira.com.br\/news\/wp-json\/wp\/v2\/users\/1"}],"replies":[{"embeddable":true,"href":"https:\/\/guialimeira.com.br\/news\/wp-json\/wp\/v2\/comments?post=6095"}],"version-history":[{"count":0,"href":"https:\/\/guialimeira.com.br\/news\/wp-json\/wp\/v2\/posts\/6095\/revisions"}],"wp:attachment":[{"href":"https:\/\/guialimeira.com.br\/news\/wp-json\/wp\/v2\/media?parent=6095"}],"wp:term":[{"taxonomy":"category","embeddable":true,"href":"https:\/\/guialimeira.com.br\/news\/wp-json\/wp\/v2\/categories?post=6095"},{"taxonomy":"post_tag","embeddable":true,"href":"https:\/\/guialimeira.com.br\/news\/wp-json\/wp\/v2\/tags?post=6095"}],"curies":[{"name":"wp","href":"https:\/\/api.w.org\/{rel}","templated":true}]}}