{"id":60947,"date":"2026-04-09T13:20:20","date_gmt":"2026-04-09T16:20:20","guid":{"rendered":"https:\/\/guialimeira.com.br\/fila-de-espera-de-cirurgias-e-consultas-e-tema-de-reuniao-da-comissao-de-saude\/"},"modified":"2026-04-09T13:20:20","modified_gmt":"2026-04-09T16:20:20","slug":"fila-de-espera-de-cirurgias-e-consultas-e-tema-de-reuniao-da-comissao-de-saude","status":"publish","type":"post","link":"https:\/\/guialimeira.com.br\/news\/fila-de-espera-de-cirurgias-e-consultas-e-tema-de-reuniao-da-comissao-de-saude\/","title":{"rendered":"Fila de espera de cirurgias e consultas \u00e9 tema de reuni\u00e3o da Comiss\u00e3o de Sa\u00fade"},"content":{"rendered":"<p>Fila de espera de cirurgias e consultas \u00e9 tema de reuni\u00e3o da Comiss\u00e3o de Sa\u00fade<\/p>\n<p>A fila de espera por cirurgias e consultas na rede municipal foi tema da reuni\u00e3o da Comiss\u00e3o de Sa\u00fade da C\u00e2mara desta quinta-feira, 9 de abril. Representantes da Secretaria informaram dados sobre as demandas e a\u00e7\u00f5es j\u00e1 realizadas e previstas para aumentar a oferta de vagas. O andamento das obras de novas unidades de sa\u00fade tamb\u00e9m foi pautado no encontro, o v\u00eddeo na \u00edntegra est\u00e1 dispon\u00edvel neste link.<\/p>\n<p>Participaram da reuni\u00e3o, al\u00e9m dos membros da Comiss\u00e3o, os representantes da Secretaria de Sa\u00fade, o diretor de Gest\u00e3o Administrativa, Thiago Prada Dalla Costa; a diretora de Aten\u00e7\u00e3o Especializada, Andresa Cristina Medeiros; e a gestora executiva de Aten\u00e7\u00e3o Especializada, Mayra Antonieta Vasconcelos Araujo.<\/p>\n<p>Cirurgias eletivas<\/p>\n<p>O tempo geral de espera por cirurgias eletivas em Limeira \u00e9 de 5 meses, mas h\u00e1 especialidades com um prazo menor e tamb\u00e9m com prazos maiores, segundo a diretora de Aten\u00e7\u00e3o Especializada. Ela esclareceu que os procedimentos ortop\u00e9dicos t\u00eam incid\u00eancia mais elevada, principalmente em decorr\u00eancia de acidentes de tr\u00e2nsito, que acarreta no cancelamento de cirurgias eletivas devido \u00e0 falta de leitos.<\/p>\n<p>De acordo com ela, hoje h\u00e1 2.700 pacientes na fila aguardando por cirurgias ortop\u00e9dicas eletivas, a m\u00e9dia de cirurgias realizadas \u00e9 de 1.100 por m\u00eas, novas entradas chegam a 800 por m\u00eas e a m\u00e9dia de espera pela cirurgia \u00e9 de 8 meses.<\/p>\n<p>Em rela\u00e7\u00e3o \u00e0s cirurgias card\u00edacas, Andresa disse que, para as de alta complexidade, h\u00e1 oito pacientes na fila, que ser\u00e3o operados j\u00e1 no pr\u00f3ximo m\u00eas. Para angioplastia a m\u00e9dia de espera \u00e9 de 30 dias, para a coloca\u00e7\u00e3o de marca passo h\u00e1 tr\u00eas pacientes aguardando e para o cateterismo, que n\u00e3o \u00e9 considerado como uma cirurgia e sim um exame, n\u00e3o h\u00e1 fila.<\/p>\n<p>Medidas para aumentar a oferta<\/p>\n<p>Conforme Andresa, a maior demanda de cirurgias ortop\u00e9dicas eletivas \u00e9 para pacientes idosos ou com comorbidades, que precisam de UTI, mas com a entrada de pacientes feridos em acidentes que ocupam esses leitos, o cancelamento das cirurgias eletivas acaba acontecendo. \u201cA estrutura f\u00edsica de leitos \u00e9 que limita o n\u00famero de cirurgias\u201d.<\/p>\n<p>A diretora relatou que para aumentar a oferta, a Prefeitura, por meio do Hospital Humanit\u00e1ria, disponibiliza cirurgias de m\u00e9dia complexidade, e a partir do dia 1\u00aa de abril passou a ofertar mais dez vagas. Al\u00e9m disso, o Hospital Regional de Piracicaba quer se habilitar para a realiza\u00e7\u00e3o de cirurgias de alta complexidade, hoje j\u00e1 oferece cinco cirurgias por m\u00eas. A S\u00e3o Leopoldo Mandic em Araras tamb\u00e9m quer se habilitar para a m\u00e9dia complexidade. \u201cA ideia \u00e9 ampliar mais, conforme eles ampliarem as disponibilidades\u201d.<\/p>\n<p>Emendas impositivas<\/p>\n<p>Andresa destacou que as emendas impositivas enviadas pelos vereadores para o Hospital Humanit\u00e1ria ajudaram a ampliar a realiza\u00e7\u00e3o de cirurgias de m\u00e9dia complexidade e permitir\u00e3o aumentar o n\u00famero de cirurgias de endometriose profunda. Com elas tamb\u00e9m foi poss\u00edvel ampliar a equipe de ginecologia e as cirurgias gerais e pr\u00e9-operat\u00f3rios.<\/p>\n<p>Consultas e exames<\/p>\n<p>De acordo com a diretora, atualmente a fila por consultas com especialistas \u00e9 de 23.922 pacientes e mensalmente entram 6 mil novos pedidos para avalia\u00e7\u00f5es, com m\u00e9dia de espera de 5 meses.<\/p>\n<p>Para oftalmologia s\u00e3o 5 mil aguardando, com entrada de 980 novos pacientes por m\u00eas, m\u00e9dia de espera de 6 meses. Para a cardiologia o tempo na fila \u00e9 de 4 meses. A neuropediatria tem 87 pacientes aguardando.<\/p>\n<p>Andresa apontou que um dos maiores problemas da rede, atualmente, \u00e9 na especialidade endocrinologia, pois os dois m\u00e9dicos que trabalhavam na rede pediram exonera\u00e7\u00e3o e a Secretaria est\u00e1 com dificuldade de contrata\u00e7\u00e3o de novos profissionais, mesmo pelo Cismetro. Ela acrescentou que para adultos j\u00e1 h\u00e1 uma m\u00e9dica atendendo, por\u00e9m ela come\u00e7ou pela demanda reprimida dos m\u00e9dicos que sa\u00edram. A fila de espera para adultos nessa especialidade \u00e9 de 900 pacientes e 170 para crian\u00e7as.<\/p>\n<p>Os membros da Comiss\u00e3o, que realizaram visitas em unidades de sa\u00fade da cidade nas \u00faltimas semanas, relataram que t\u00eam encontrado problemas estruturais e falta de refrigera\u00e7\u00e3o nos ambientes, o que dificulta o trabalho dos servidores e gera desconforto aos pacientes. Diante disso, questionaram se h\u00e1 previs\u00e3o de implantar melhorias na rede.<\/p>\n<p>Thiago informou que existe uma frente de trabalho na Secretaria que busca sanar esses e outros problemas estruturais, que a pasta j\u00e1 adquiriu ventiladores para todas as unidades de sa\u00fade e que a entrega dos aparelhos j\u00e1 come\u00e7ou. Em rela\u00e7\u00e3o a aparelhos de ar condicionado, devido ao custo, a aquisi\u00e7\u00e3o ser\u00e1 feita aos poucos, mas primeiro ser\u00e1 necess\u00e1ria a abertura de uma licita\u00e7\u00e3o.<\/p>\n<p>Em rela\u00e7\u00e3o ao andamento das obras de duas novas unidades, Santa Eul\u00e1lia e Geada, comunicou que estas j\u00e1 foram conclu\u00eddas, faltando agora detalhes finais, como a amplia\u00e7\u00e3o da rede el\u00e9trica e a interliga\u00e7\u00e3o de esgoto. Ap\u00f3s a conclus\u00e3o dessa etapa, a Secretaria dever\u00e1 contratar e remanejar profissionais para realizar o atendimento. \u201cH\u00e1 desafios a serem cumpridos para entregar a unidade, n\u00e3o consigo precisar data pois h\u00e1 a\u00e7\u00f5es que n\u00e3o dependem da gente. Mas acredito que muito em breve ser\u00e1 entregue \u00e0 popula\u00e7\u00e3o da regi\u00e3o\u201d, disse o diretor em rela\u00e7\u00e3o \u00e0 UBS Geada.<\/p>\n<p>A Comiss\u00e3o<\/p>\n<p>A Comiss\u00e3o de Sa\u00fade \u00e9 respons\u00e1vel por tratar e fiscalizar todos os assuntos relacionados a hospitais p\u00fablicos e privados que atendem pacientes do SUS, bem como manifestar-se sobre assuntos ligados \u00e0 vigil\u00e2ncia sanit\u00e1ria, epidemiol\u00f3gica e nutricional, al\u00e9m de elaborar campanhas e a\u00e7\u00f5es preventivas sobre sa\u00fade e controle de epidemias.<\/p>\n<p>O colegiado \u00e9 formado pelos vereadores Dr. Marcelo Rossi (MDB), presidente; Z\u00e9 da Farm\u00e1cia (Solidariedade), vice-presidente, e Elias Barbosa (PRTB), secret\u00e1rio. Eles se re\u00fanem ordinariamente \u00e0s quintas-feiras, a partir das 10h. Todas as delibera\u00e7\u00f5es s\u00e3o registradas em ata.<\/p>\n<hr>\n<p><em>Fonte: <a href=\"https:\/\/www.limeira.sp.leg.br\/noticias\/view\/2026-04-09_fila-de-espera-de-cirurgias-e-consultas-e-tema-de-reuniao-da-comissao-de-saude\" target=\"_blank\" rel=\"noopener\">C\u00e2mara Municipal de Limeira<\/a><\/em><\/p>\n","protected":false},"excerpt":{"rendered":"<p>Fila de espera de cirurgias e consultas \u00e9 tema de reuni\u00e3o da Comiss\u00e3o de Sa\u00fade<\/p>\n<p>A fila de espera por cirurgias e consultas na rede municipal foi tema da reuni\u00e3o da Comiss\u00e3o de Sa\u00fade da C\u00e2mara desta quinta-feira, 9 de abril. Representantes da Secretaria informaram dados sobre as demandas e a\u00e7\u00f5es j\u00e1 r<\/p>\n","protected":false},"author":4,"featured_media":60946,"comment_status":"","ping_status":"open","sticky":false,"template":"","format":"standard","meta":{"_jetpack_newsletter_access":"","_jetpack_dont_email_post_to_subs":false,"_jetpack_newsletter_tier_id":0,"_jetpack_memberships_contains_paywalled_content":false,"_mbp_banners":[],"_jetpack_feature_clip_id":0,"_jetpack_memberships_contains_paid_content":false,"footnotes":"","jetpack_publicize_message":"","jetpack_publicize_feature_enabled":true,"jetpack_social_post_already_shared":true,"jetpack_social_options":{"image_generator_settings":{"template":"highway","default_image_id":0,"font":"","enabled":false},"version":2},"jetpack_post_was_ever_published":false},"categories":[19],"tags":[],"class_list":["post-60947","post","type-post","status-publish","format-standard","has-post-thumbnail","category-politica"],"jetpack_publicize_connections":[],"jetpack-related-posts":[],"jetpack_shortlink":"https:\/\/wp.me\/p7Eq1F-fR1","jetpack_sharing_enabled":true,"jetpack_featured_media_url":"https:\/\/i0.wp.com\/guialimeira.com.br\/news\/wp-content\/uploads\/2026\/04\/noticia-camara-56.jpg?fit=1280%2C640&ssl=1","_links":{"self":[{"href":"https:\/\/guialimeira.com.br\/news\/wp-json\/wp\/v2\/posts\/60947","targetHints":{"allow":["GET"]}}],"collection":[{"href":"https:\/\/guialimeira.com.br\/news\/wp-json\/wp\/v2\/posts"}],"about":[{"href":"https:\/\/guialimeira.com.br\/news\/wp-json\/wp\/v2\/types\/post"}],"author":[{"embeddable":true,"href":"https:\/\/guialimeira.com.br\/news\/wp-json\/wp\/v2\/users\/4"}],"replies":[{"embeddable":true,"href":"https:\/\/guialimeira.com.br\/news\/wp-json\/wp\/v2\/comments?post=60947"}],"version-history":[{"count":0,"href":"https:\/\/guialimeira.com.br\/news\/wp-json\/wp\/v2\/posts\/60947\/revisions"}],"wp:featuredmedia":[{"embeddable":true,"href":"https:\/\/guialimeira.com.br\/news\/wp-json\/wp\/v2\/media\/60946"}],"wp:attachment":[{"href":"https:\/\/guialimeira.com.br\/news\/wp-json\/wp\/v2\/media?parent=60947"}],"wp:term":[{"taxonomy":"category","embeddable":true,"href":"https:\/\/guialimeira.com.br\/news\/wp-json\/wp\/v2\/categories?post=60947"},{"taxonomy":"post_tag","embeddable":true,"href":"https:\/\/guialimeira.com.br\/news\/wp-json\/wp\/v2\/tags?post=60947"}],"curies":[{"name":"wp","href":"https:\/\/api.w.org\/{rel}","templated":true}]}}