{"id":60938,"date":"2026-04-09T12:15:05","date_gmt":"2026-04-09T15:15:05","guid":{"rendered":"https:\/\/guialimeira.com.br\/?p=60938"},"modified":"2026-04-09T12:15:05","modified_gmt":"2026-04-09T15:15:05","slug":"cordeiropolis-sedia-festa-nordestina-de-23-a-26-de-abril-prefeitura-municipal-de-cordeiropolis","status":"publish","type":"post","link":"https:\/\/guialimeira.com.br\/news\/cordeiropolis-sedia-festa-nordestina-de-23-a-26-de-abril-prefeitura-municipal-de-cordeiropolis\/","title":{"rendered":"Cordeir\u00f3polis sedia Festa Nordestina de 23 a 26 de abril \u2013 Prefeitura Municipal de Cordeir\u00f3polis"},"content":{"rendered":"<p> <br \/>\n<\/p>\n<div>\n<p>Cordeir\u00f3polis recebe, entre os dias 23 e 26 de abril, a Festa Nordestina. O evento acontece na Pra\u00e7a Central \u201cComendador Jamil Abrah\u00e3o Saad\u201d, com entrada gratuita e programa\u00e7\u00e3o voltada \u00e0 valoriza\u00e7\u00e3o da cultura nordestina. A realiza\u00e7\u00e3o \u00e9 da FK Produ\u00e7\u00f5es e Eventos e apoio da Prefeitura de Cordeir\u00f3polis.<\/p>\n<p>Durante os quatro dias, o p\u00fablico poder\u00e1 aproveitar uma variedade de comidas t\u00edpicas, bebidas e apresenta\u00e7\u00f5es musicais. Segundo a organiza\u00e7\u00e3o, o evento reunir\u00e1 elementos tradicionais da culin\u00e1ria e da cultura popular do Nordeste. Haver\u00e1 brinquedos gratuitos para as crian\u00e7as.<\/p>\n<p>\u201cO evento tem custo zero para a prefeitura, que disponibilizar\u00e1 os brinquedos gratuitamente. Toda a popula\u00e7\u00e3o est\u00e1 convidada, pois ser\u00e1 um evento com atra\u00e7\u00f5es para as fam\u00edlias de Cordeir\u00f3polis e regi\u00e3o\u201d, afirma o secret\u00e1rio de Cultura, Turismo e Eventos, Alex Olivato.<\/p>\n<p><strong>Servi\u00e7o \u2013 Festa Nordestina<\/strong><\/p>\n<p>Quando: 23 a 26 de abril<\/p>\n<p>Hor\u00e1rios: 23 e 24, a partir das 18h; 25 e 26, a partir das 15h<\/p>\n<p>Onde: Pra\u00e7a Central \u201cComendador Jamil Abrah\u00e3o Saad\u201d Entrada gratuita<\/p>\n<\/p><\/div>\n<p><br \/>\n<br \/><a href=\"https:\/\/www.cordeiropolis.sp.gov.br\/cordeiropolis-sedia-festa-nordestina-de-23-a-26-de-abril\/\" rel=\"noopener\">Informa\u00e7\u00f5es Cordeir\u00f3polis <\/a><\/p>\n","protected":false},"excerpt":{"rendered":"<p>Cordeir\u00f3polis recebe, entre os dias 23 e 26 de abril, a Festa Nordestina. O evento acontece na Pra\u00e7a Central \u201cComendador Jamil Abrah\u00e3o Saad\u201d, com entrada gratuita e programa\u00e7\u00e3o voltada \u00e0 valoriza\u00e7\u00e3o da cultura nordestina. A realiza\u00e7\u00e3o \u00e9 da FK Produ\u00e7\u00f5es e Eventos e apoio da Prefeitura de Cordeir\u00f3polis. Durante os quatro dias, o p\u00fablico poder\u00e1 [&hellip;]<\/p>\n","protected":false},"author":1,"featured_media":0,"comment_status":"closed","ping_status":"open","sticky":false,"template":"","format":"standard","meta":{"_jetpack_newsletter_access":"","_jetpack_dont_email_post_to_subs":false,"_jetpack_newsletter_tier_id":0,"_jetpack_memberships_contains_paywalled_content":false,"_mbp_banners":[],"_jetpack_feature_clip_id":0,"_jetpack_memberships_contains_paid_content":false,"footnotes":"","jetpack_publicize_message":"","jetpack_publicize_feature_enabled":true,"jetpack_social_post_already_shared":true,"jetpack_social_options":{"image_generator_settings":{"template":"highway","default_image_id":0,"font":"","enabled":false},"version":2},"jetpack_post_was_ever_published":false},"categories":[20],"tags":[],"class_list":["post-60938","post","type-post","status-publish","format-standard","category-regiao"],"jetpack_publicize_connections":[],"jetpack-related-posts":[],"jetpack_shortlink":"https:\/\/wp.me\/p7Eq1F-fQS","jetpack_sharing_enabled":true,"jetpack_featured_media_url":"","_links":{"self":[{"href":"https:\/\/guialimeira.com.br\/news\/wp-json\/wp\/v2\/posts\/60938","targetHints":{"allow":["GET"]}}],"collection":[{"href":"https:\/\/guialimeira.com.br\/news\/wp-json\/wp\/v2\/posts"}],"about":[{"href":"https:\/\/guialimeira.com.br\/news\/wp-json\/wp\/v2\/types\/post"}],"author":[{"embeddable":true,"href":"https:\/\/guialimeira.com.br\/news\/wp-json\/wp\/v2\/users\/1"}],"replies":[{"embeddable":true,"href":"https:\/\/guialimeira.com.br\/news\/wp-json\/wp\/v2\/comments?post=60938"}],"version-history":[{"count":1,"href":"https:\/\/guialimeira.com.br\/news\/wp-json\/wp\/v2\/posts\/60938\/revisions"}],"predecessor-version":[{"id":60939,"href":"https:\/\/guialimeira.com.br\/news\/wp-json\/wp\/v2\/posts\/60938\/revisions\/60939"}],"wp:attachment":[{"href":"https:\/\/guialimeira.com.br\/news\/wp-json\/wp\/v2\/media?parent=60938"}],"wp:term":[{"taxonomy":"category","embeddable":true,"href":"https:\/\/guialimeira.com.br\/news\/wp-json\/wp\/v2\/categories?post=60938"},{"taxonomy":"post_tag","embeddable":true,"href":"https:\/\/guialimeira.com.br\/news\/wp-json\/wp\/v2\/tags?post=60938"}],"curies":[{"name":"wp","href":"https:\/\/api.w.org\/{rel}","templated":true}]}}