{"id":60937,"date":"2026-04-09T11:50:22","date_gmt":"2026-04-09T14:50:22","guid":{"rendered":"https:\/\/guialimeira.com.br\/camara-realiza-sessao-solene-para-homenagear-personalidades-de-limeira\/"},"modified":"2026-04-09T11:50:22","modified_gmt":"2026-04-09T14:50:22","slug":"camara-realiza-sessao-solene-para-homenagear-personalidades-de-limeira","status":"publish","type":"post","link":"https:\/\/guialimeira.com.br\/news\/camara-realiza-sessao-solene-para-homenagear-personalidades-de-limeira\/","title":{"rendered":"C\u00e2mara realiza sess\u00e3o solene para homenagear personalidades de Limeira"},"content":{"rendered":"<p>C\u00e2mara realiza sess\u00e3o solene para homenagear personalidades de Limeira<\/p>\n<p>Em sess\u00e3o solene nesta quarta-feira, 8 de abril, a C\u00e2mara Municipal entregou t\u00edtulos de Cidad\u00e3o Limeirense a Roberto Gomes da Mata e Ros\u00e2ngela Maria de Souza. As homenagens foram propostas pelo vereador Costa Junior (Podemos) e aprovadas por todos os vereadores da Casa.<\/p>\n<p>Participaram da solenidade o presidente da C\u00e2mara, Everton Ferreira (PSD); o secret\u00e1rio-executivo do gabinete, Silvio Brito, representando o prefeito Murilo F\u00e9lix (Podemos); o autor da proposi\u00e7\u00e3o e segundo secret\u00e1rio da C\u00e2mara, vereador Costa Junior (Podemos); a segunda secret\u00e1ria da Casa, a vereadora Mara Isa Mattos Silveira (PL); o vereador H\u00e9lder do T\u00e1xi (PSD); e o vereador Nilton Santos (Republicanos).<\/p>\n<p>O evento pode ser conferido na \u00edntegra pelo link.<\/p>\n<p>Roberto Gomes da Mata<\/p>\n<p>Por meio do Decreto Legislativo N\u00ba 43\/2025, Roberto Gomes da Mata recebeu o T\u00edtulo de Cidad\u00e3o Limeirense pela atua\u00e7\u00e3o reconhecida na \u00e1rea de seguran\u00e7a p\u00fablica.<\/p>\n<p>Nascido em Goi\u00e2nia (GO) em 1970, mudou-se para Limeira em 1992, ap\u00f3s ter sido transferido do curso de forma\u00e7\u00e3o de soldados (CFSd) da Pol\u00edcia Militar Paulista (PMESP). Roberto galgou a promo\u00e7\u00e3o a Cabo da PM e mais tarde iniciou a faculdade de direito nas Faculdades Anhanguera em Leme (SP).<\/p>\n<p>Em 2002 integrou a modalidade de policiamento intitulada de \u201cFor\u00e7a T\u00e1tica\u201d, no 36\u00ba BPM\/I, al\u00e9m da gradua\u00e7\u00e3o na Escola Superior de Sargentos, formando-se como 3\u00ba sargento. O homenageado tamb\u00e9m atuou como comandante de Grupo Patrulha e retornou a Companhia de For\u00e7a T\u00e1tica, at\u00e9 a passagem da aposentadoria no ano de 2017.<\/p>\n<p>Ros\u00e2ngela Maria de Souza<\/p>\n<p>A servidora p\u00fablica concursada, Ros\u00e2ngela Maria de Souza, recebeu o T\u00edtulo de Cidad\u00e3 Limeirense por meio do Decreto Legislativo N\u00ba 30\/2025.<\/p>\n<p>Natural de Belo Horizonte (MG), Ros\u00e2ngela exerce a fun\u00e7\u00e3o desde 19 de novembro de 2001, na qual desempenha a preserva\u00e7\u00e3o do patrim\u00f4nio documental e museol\u00f3gico de Limeira (SP). Realizou cursos nas \u00e1reas de conserva\u00e7\u00e3o, acondicionamento e preserva\u00e7\u00e3o de acervos, gest\u00e3o e preserva\u00e7\u00e3o de arquivos, sistemas educativos em institui\u00e7\u00f5es culturais, higieniza\u00e7\u00e3o, conserva\u00e7\u00e3o preservativa de acervos e objetos hist\u00f3ricos pelo Sistema Estadual de Museus (Sisem) e oficinas culturais do Estado de S\u00e3o Paulo.<\/p>\n<p>Ros\u00e2ngela, atuou como membro do Conselho de Defesa do Patrim\u00f4nio Hist\u00f3rico e Arquitet\u00f4nico de Limeira (Condephali), representante suplente do Departamento de Mem\u00f3ria e Centro de Ci\u00eancias (gest\u00e3o 2024\u20132026) e do Conselho Consultivo do Museu Major Jos\u00e9 Levy Sobrinho (gest\u00e3o 2022\u20132024), como representante suplente da Secretaria de Cultura. Atualmente, continua atuando na Reserva T\u00e9cnica do Museu Major Jos\u00e9 Levy Sobrinho.<\/p>\n<hr>\n<p><em>Fonte: <a href=\"https:\/\/www.limeira.sp.leg.br\/noticias\/view\/2026-04-09_camara-realiza-sessao-solene-para-homenagear-personalidades-de-limeira\" target=\"_blank\" rel=\"noopener\">C\u00e2mara Municipal de Limeira<\/a><\/em><\/p>\n","protected":false},"excerpt":{"rendered":"<p>C\u00e2mara realiza sess\u00e3o solene para homenagear personalidades de Limeira<\/p>\n<p>Em sess\u00e3o solene nesta quarta-feira, 8 de abril, a C\u00e2mara Municipal entregou t\u00edtulos de Cidad\u00e3o Limeirense a Roberto Gomes da Mata e Ros\u00e2ngela Maria de Souza. As homenagens foram propostas pelo vereador Costa Junior (Podemos) e <\/p>\n","protected":false},"author":4,"featured_media":60936,"comment_status":"","ping_status":"open","sticky":false,"template":"","format":"standard","meta":{"_jetpack_newsletter_access":"","_jetpack_dont_email_post_to_subs":false,"_jetpack_newsletter_tier_id":0,"_jetpack_memberships_contains_paywalled_content":false,"_mbp_banners":[],"_jetpack_feature_clip_id":0,"_jetpack_memberships_contains_paid_content":false,"footnotes":"","jetpack_publicize_message":"","jetpack_publicize_feature_enabled":true,"jetpack_social_post_already_shared":true,"jetpack_social_options":{"image_generator_settings":{"template":"highway","default_image_id":0,"font":"","enabled":false},"version":2},"jetpack_post_was_ever_published":false},"categories":[19],"tags":[],"class_list":["post-60937","post","type-post","status-publish","format-standard","has-post-thumbnail","category-politica"],"jetpack_publicize_connections":[],"jetpack-related-posts":[],"jetpack_shortlink":"https:\/\/wp.me\/p7Eq1F-fQR","jetpack_sharing_enabled":true,"jetpack_featured_media_url":"https:\/\/i0.wp.com\/guialimeira.com.br\/news\/wp-content\/uploads\/2026\/04\/noticia-camara-55.jpg?fit=1280%2C640&ssl=1","_links":{"self":[{"href":"https:\/\/guialimeira.com.br\/news\/wp-json\/wp\/v2\/posts\/60937","targetHints":{"allow":["GET"]}}],"collection":[{"href":"https:\/\/guialimeira.com.br\/news\/wp-json\/wp\/v2\/posts"}],"about":[{"href":"https:\/\/guialimeira.com.br\/news\/wp-json\/wp\/v2\/types\/post"}],"author":[{"embeddable":true,"href":"https:\/\/guialimeira.com.br\/news\/wp-json\/wp\/v2\/users\/4"}],"replies":[{"embeddable":true,"href":"https:\/\/guialimeira.com.br\/news\/wp-json\/wp\/v2\/comments?post=60937"}],"version-history":[{"count":0,"href":"https:\/\/guialimeira.com.br\/news\/wp-json\/wp\/v2\/posts\/60937\/revisions"}],"wp:featuredmedia":[{"embeddable":true,"href":"https:\/\/guialimeira.com.br\/news\/wp-json\/wp\/v2\/media\/60936"}],"wp:attachment":[{"href":"https:\/\/guialimeira.com.br\/news\/wp-json\/wp\/v2\/media?parent=60937"}],"wp:term":[{"taxonomy":"category","embeddable":true,"href":"https:\/\/guialimeira.com.br\/news\/wp-json\/wp\/v2\/categories?post=60937"},{"taxonomy":"post_tag","embeddable":true,"href":"https:\/\/guialimeira.com.br\/news\/wp-json\/wp\/v2\/tags?post=60937"}],"curies":[{"name":"wp","href":"https:\/\/api.w.org\/{rel}","templated":true}]}}