{"id":60924,"date":"2026-04-09T09:40:22","date_gmt":"2026-04-09T12:40:22","guid":{"rendered":"https:\/\/guialimeira.com.br\/helder-do-taxi-vistoria-estradas-rurais-em-limeira\/"},"modified":"2026-04-09T09:40:22","modified_gmt":"2026-04-09T12:40:22","slug":"helder-do-taxi-vistoria-estradas-rurais-em-limeira","status":"publish","type":"post","link":"https:\/\/guialimeira.com.br\/news\/helder-do-taxi-vistoria-estradas-rurais-em-limeira\/","title":{"rendered":"Helder do T\u00e1xi vistoria estradas rurais em Limeira"},"content":{"rendered":"<p>Helder do T\u00e1xi vistoria estradas rurais em Limeira<\/p>\n<p>Na tarde desta quarta-feira, 8 de abril, o vereador Helder do T\u00e1xi (PSD) fiscalizou de perto as condi\u00e7\u00f5es das estradas rurais do Munic\u00edpio e acompanhou os servi\u00e7os de manuten\u00e7\u00e3o executados nas vias LIM 353 e LIM 357. Al\u00e9m disso, vistoriou as estradas LIM 432, LIM 326, LIM 137, LIM 454, LIM 344, LIM 346, LIM 377 e LIM 267, para avaliar as condi\u00e7\u00f5es de trafegabilidade e identificar as principais necessidades de interven\u00e7\u00e3o.<\/p>\n<p>Durante a a\u00e7\u00e3o, conforme o parlamentar, foi constatado que as estradas LIM 377, LIM 454 e LIM 346 s\u00e3o as que apresentam as piores condi\u00e7\u00f5es atualmente, necessitando de reparos urgentes. As demais vias tamb\u00e9m demandam reparos pontuais para garantir mais seguran\u00e7a e mobilidade aos usu\u00e1rios.<\/p>\n<p>O vereador refor\u00e7ou que seguir\u00e1 monitorando os servi\u00e7os, cobrando provid\u00eancias da Prefeitura e fiscalizando as a\u00e7\u00f5es realizadas. \u201cAl\u00e9m da vistoria nestes locais de hoje, \u00e9 necess\u00e1rio fazer as manuten\u00e7\u00f5es em outras estradas e regi\u00f5es, a exemplo da LIM 379, LIM 186, LIM 010, entre outras\u201d, destacou o parlamentar.<\/p>\n<p>Helder tamb\u00e9m protocolou a Indica\u00e7\u00e3o N\u00ba 1442\/2026 solicitando interven\u00e7\u00e3o do Poder Executivo em car\u00e1ter emergencial nas estradas. Para o vereador, a popula\u00e7\u00e3o tamb\u00e9m tem papel fundamental. \u201cA participa\u00e7\u00e3o de todos fortalece o trabalho e garante que as melhorias cheguem onde realmente s\u00e3o necess\u00e1rias&#8221;, disse.<\/p>\n<p>Do Gabinete Parlamentar \u2013 Vereador Helder do T\u00e1xi (PSD)<\/p>\n<p>Fotos do Gabinete Parlamentar<\/p>\n<p>As mat\u00e9rias de origem dos Gabinetes Parlamentares s\u00e3o de inteira\u00a0 responsabilidade dos parlamentares e de suas assessorias. S\u00e3o devidamente assinadas e n\u00e3o refletem, necessariamente, a opini\u00e3o institucional da C\u00e2mara Municipal de Limeira.<\/p>\n<hr>\n<p><em>Fonte: <a href=\"https:\/\/www.limeira.sp.leg.br\/noticias\/view\/2026-04-09_helder-do-taxi-vistoria-estradas-rurais-em-limeira\" target=\"_blank\" rel=\"noopener\">C\u00e2mara Municipal de Limeira<\/a><\/em><\/p>\n","protected":false},"excerpt":{"rendered":"<p>Helder do T\u00e1xi vistoria estradas rurais em Limeira<\/p>\n<p>Na tarde desta quarta-feira, 8 de abril, o vereador Helder do T\u00e1xi (PSD) fiscalizou de perto as condi\u00e7\u00f5es das estradas rurais do Munic\u00edpio e acompanhou os servi\u00e7os de manuten\u00e7\u00e3o executados nas vias LIM 353 e LIM 357. Al\u00e9m disso, vistoriou as estrad<\/p>\n","protected":false},"author":4,"featured_media":60923,"comment_status":"","ping_status":"open","sticky":false,"template":"","format":"standard","meta":{"_jetpack_newsletter_access":"","_jetpack_dont_email_post_to_subs":false,"_jetpack_newsletter_tier_id":0,"_jetpack_memberships_contains_paywalled_content":false,"_mbp_banners":[],"_jetpack_feature_clip_id":0,"_jetpack_memberships_contains_paid_content":false,"footnotes":"","jetpack_publicize_message":"","jetpack_publicize_feature_enabled":true,"jetpack_social_post_already_shared":true,"jetpack_social_options":{"image_generator_settings":{"template":"highway","default_image_id":0,"font":"","enabled":false},"version":2},"jetpack_post_was_ever_published":false},"categories":[19],"tags":[],"class_list":["post-60924","post","type-post","status-publish","format-standard","has-post-thumbnail","category-politica"],"jetpack_publicize_connections":[],"jetpack-related-posts":[],"jetpack_shortlink":"https:\/\/wp.me\/p7Eq1F-fQE","jetpack_sharing_enabled":true,"jetpack_featured_media_url":"https:\/\/i0.wp.com\/guialimeira.com.br\/news\/wp-content\/uploads\/2026\/04\/noticia-camara-54.jpg?fit=1280%2C640&ssl=1","_links":{"self":[{"href":"https:\/\/guialimeira.com.br\/news\/wp-json\/wp\/v2\/posts\/60924","targetHints":{"allow":["GET"]}}],"collection":[{"href":"https:\/\/guialimeira.com.br\/news\/wp-json\/wp\/v2\/posts"}],"about":[{"href":"https:\/\/guialimeira.com.br\/news\/wp-json\/wp\/v2\/types\/post"}],"author":[{"embeddable":true,"href":"https:\/\/guialimeira.com.br\/news\/wp-json\/wp\/v2\/users\/4"}],"replies":[{"embeddable":true,"href":"https:\/\/guialimeira.com.br\/news\/wp-json\/wp\/v2\/comments?post=60924"}],"version-history":[{"count":0,"href":"https:\/\/guialimeira.com.br\/news\/wp-json\/wp\/v2\/posts\/60924\/revisions"}],"wp:featuredmedia":[{"embeddable":true,"href":"https:\/\/guialimeira.com.br\/news\/wp-json\/wp\/v2\/media\/60923"}],"wp:attachment":[{"href":"https:\/\/guialimeira.com.br\/news\/wp-json\/wp\/v2\/media?parent=60924"}],"wp:term":[{"taxonomy":"category","embeddable":true,"href":"https:\/\/guialimeira.com.br\/news\/wp-json\/wp\/v2\/categories?post=60924"},{"taxonomy":"post_tag","embeddable":true,"href":"https:\/\/guialimeira.com.br\/news\/wp-json\/wp\/v2\/tags?post=60924"}],"curies":[{"name":"wp","href":"https:\/\/api.w.org\/{rel}","templated":true}]}}