{"id":6090,"date":"2024-05-23T10:24:51","date_gmt":"2024-05-23T13:24:51","guid":{"rendered":"https:\/\/guialimeira.com.br\/2024\/05\/23\/sp-na-direcao-certa-governo-define-diretrizes-para-ampliar-investimentos-e-eficiencia\/"},"modified":"2024-05-23T10:24:51","modified_gmt":"2024-05-23T13:24:51","slug":"sp-na-direcao-certa-governo-define-diretrizes-para-ampliar-investimentos-e-eficiencia","status":"publish","type":"post","link":"https:\/\/guialimeira.com.br\/news\/sp-na-direcao-certa-governo-define-diretrizes-para-ampliar-investimentos-e-eficiencia\/","title":{"rendered":"SP na Dire\u00e7\u00e3o Certa: Governo define diretrizes para ampliar investimentos e efici\u00eancia"},"content":{"rendered":"<p> <br \/>\n<\/p>\n<div id=\"\">&#13;<br \/>\n                                <!-- Title -->&#13;<br \/>\n                                &#13;<br \/>\n&#13;<br \/>\n                                <!-- Excerpt -->&#13;<\/p>\n<p class=\"excerpt\">Entre medidas est\u00e3o moderniza\u00e7\u00e3o da administra\u00e7\u00e3o, otimiza\u00e7\u00e3o do gasto p\u00fablico e melhoria do ambiente de neg\u00f3cios em S\u00e3o Paulo<\/p>\n<p>&#13;<br \/>\n&#13;<br \/>\n                                &#13;\n                            <\/p><\/div>\n<div id=\"\">&#13;<\/p>\n<p>O Governo de SP avan\u00e7a no processo de moderniza\u00e7\u00e3o administrativa e de melhoria do gasto p\u00fablico com o lan\u00e7amento do plano \u201cS\u00e3o Paulo na Dire\u00e7\u00e3o Certa\u201d. As diretrizes gerais da iniciativa, publicadas nesta quinta-feira (23) no Di\u00e1rio Oficial, apontam o caminho a ser seguido para tornar o Estado mais eficiente, com maior capacidade de atra\u00e7\u00e3o de investimentos e gera\u00e7\u00e3o de oportunidades.<\/p>\n<p>\u201cO \u2018S\u00e3o Paulo na Dire\u00e7\u00e3o Certa\u2019 \u00e9 o farol que guiar\u00e1 todas as mudan\u00e7as e melhorias em prol da efici\u00eancia na gest\u00e3o, da otimiza\u00e7\u00e3o do gasto p\u00fablico e da promo\u00e7\u00e3o de investimentos. Vamos rever incentivos e estruturas ineficientes e acionar todas as alavancas necess\u00e1rias para tornar o Estado mais competitivo e indutor do desenvolvimento\u201d, afirmou o governador Tarc\u00edsio de Freitas.<\/p>\n<p>Estruturado em tr\u00eas eixos centrais \u2013 Expans\u00e3o de Investimentos; Melhoria e Efetividade do Gasto e Redu\u00e7\u00e3o de Despesas Correntes; e Moderniza\u00e7\u00e3o da Administra\u00e7\u00e3o P\u00fablica -, o plano prev\u00ea um prazo de 90 dias para que todos os \u00f3rg\u00e3os da administra\u00e7\u00e3o direta apresentem um plano para a redu\u00e7\u00e3o de despesas correntes e a revis\u00e3o de contratos.<\/p>\n<p>O texto tamb\u00e9m define fun\u00e7\u00f5es espec\u00edficas para determinadas \u00e1reas do Governo. A <a href=\"https:\/\/www.saopaulo.sp.gov.br\/orgaos-e-entidades\/secretarias\/gestao-e-governo-digital\/\" rel=\"noopener\">Secretaria de Gest\u00e3o e Governo Digital<\/a>, por exemplo, ser\u00e1 respons\u00e1vel pela revis\u00e3o das pol\u00edticas de pessoal do Estado, auditoria na folha de pagamento e institui\u00e7\u00e3o de uma Central de Compras. A <a href=\"https:\/\/www.casacivil.sp.gov.br\/\" rel=\"noopener\">Casa Civil<\/a> ter\u00e1 30 dias para elaborar um anteprojeto sobre a reestrutura\u00e7\u00e3o das ag\u00eancias reguladoras, estabelecendo normas de autonomia e independ\u00eancia para a gest\u00e3o e seus respectivos gestores.<\/p>\n<p>A elabora\u00e7\u00e3o de estudos para a amplia\u00e7\u00e3o dos programas de transa\u00e7\u00e3o tribut\u00e1ria tamb\u00e9m est\u00e1 prevista no plano e ser\u00e1 executada pela<a href=\"http:\/\/www.portal.pge.sp.gov.br\/\" rel=\"noopener\"> Procuradoria Geral do Estado (PGE).<\/a> A <a href=\"https:\/\/portal.fazenda.sp.gov.br\/\" rel=\"noopener\">Secretaria de Fazenda e Planejamento<\/a>, por sua vez, ser\u00e1 respons\u00e1vel pela renegocia\u00e7\u00e3o da d\u00edvida do Estado com a Uni\u00e3o e ter\u00e1 90 dias para apresentar ao governador um plano que modernize a rela\u00e7\u00e3o do Fisco com os contribuintes e avalie os benef\u00edcios fiscais e tribut\u00e1rios. A meta do Governo de SP \u00e9 garantir a continuidade das isen\u00e7\u00f5es que efetivamente contribuam ao desenvolvimento dos setores produtivos, gerando investimentos, empregos e renda.<\/p>\n<p>A coordena\u00e7\u00e3o e o monitoramento do cumprimento das diretrizes do \u201cS\u00e3o Paulo na Dire\u00e7\u00e3o Certa\u201d ficar\u00e3o a cargo do Conselho Gestor da Pol\u00edtica Estadual de Ajuste Fiscal. Este \u00f3rg\u00e3o deliberativo ser\u00e1 composto pelos secret\u00e1rios da Casa Civil, Fazenda e Planejamento, Gest\u00e3o e Governo Digital, Desenvolvimento Econ\u00f4mico e pela Procuradoria Geral do Estado (PGE).<\/p>\n<p>Veja o decreto publicado sobre o \u201cS\u00e3o Paulo na Dire\u00e7\u00e3o Certa\u201d em Di\u00e1rio Oficial do Estado: <a href=\"https:\/\/www.doe.sp.gov.br\/executivo\/decretos\/decreto-n-68538-de-22-de-maio-de-2024-20240522117202332000\" rel=\"noopener\">https:\/\/www.doe.sp.gov.br\/executivo\/decretos\/decreto-n-68538-de-22-de-maio-de-2024-20240522117202332000<\/a><\/p>\n<\/p><\/div>\n<p><br \/>\n<br \/><a href=\"https:\/\/www.saopaulo.sp.gov.br\/spnoticias\/ultimas-noticias\/sp-na-direcao-certa-governo-define-diretrizes-para-ampliar-investimentos-e-eficiencia\/\" rel=\"noopener\">Informa\u00e7\u00f5es GOV.SP<\/a><\/p>\n","protected":false},"excerpt":{"rendered":"<p>&#13; &#13; &#13; &#13; &#13; Entre medidas est\u00e3o moderniza\u00e7\u00e3o da administra\u00e7\u00e3o, otimiza\u00e7\u00e3o do gasto p\u00fablico e melhoria do ambiente de neg\u00f3cios em S\u00e3o Paulo &#13; &#13; &#13; &#13; O Governo de SP avan\u00e7a no processo de moderniza\u00e7\u00e3o administrativa e de melhoria do gasto p\u00fablico com o lan\u00e7amento do plano \u201cS\u00e3o Paulo na Dire\u00e7\u00e3o Certa\u201d. As [&hellip;]<\/p>\n","protected":false},"author":1,"featured_media":238,"comment_status":"open","ping_status":"open","sticky":false,"template":"","format":"standard","meta":{"_jetpack_newsletter_access":"","_jetpack_dont_email_post_to_subs":false,"_jetpack_newsletter_tier_id":0,"_jetpack_memberships_contains_paywalled_content":false,"_mbp_banners":[],"_jetpack_feature_clip_id":0,"_jetpack_memberships_contains_paid_content":false,"footnotes":"","jetpack_publicize_message":"","jetpack_publicize_feature_enabled":true,"jetpack_social_post_already_shared":true,"jetpack_social_options":{"image_generator_settings":{"template":"highway","default_image_id":0,"font":"","enabled":false},"version":2},"jetpack_post_was_ever_published":false},"categories":[21],"tags":[],"class_list":["post-6090","post","type-post","status-publish","format-standard","has-post-thumbnail","category-sp-news"],"jetpack_publicize_connections":[],"jetpack-related-posts":[],"jetpack_shortlink":"https:\/\/wp.me\/p7Eq1F-1Ae","jetpack_sharing_enabled":true,"jetpack_featured_media_url":"https:\/\/i0.wp.com\/guialimeira.com.br\/news\/wp-content\/uploads\/2024\/03\/cover.png?fit=650%2C650&ssl=1","_links":{"self":[{"href":"https:\/\/guialimeira.com.br\/news\/wp-json\/wp\/v2\/posts\/6090","targetHints":{"allow":["GET"]}}],"collection":[{"href":"https:\/\/guialimeira.com.br\/news\/wp-json\/wp\/v2\/posts"}],"about":[{"href":"https:\/\/guialimeira.com.br\/news\/wp-json\/wp\/v2\/types\/post"}],"author":[{"embeddable":true,"href":"https:\/\/guialimeira.com.br\/news\/wp-json\/wp\/v2\/users\/1"}],"replies":[{"embeddable":true,"href":"https:\/\/guialimeira.com.br\/news\/wp-json\/wp\/v2\/comments?post=6090"}],"version-history":[{"count":0,"href":"https:\/\/guialimeira.com.br\/news\/wp-json\/wp\/v2\/posts\/6090\/revisions"}],"wp:featuredmedia":[{"embeddable":true,"href":"https:\/\/guialimeira.com.br\/news\/wp-json\/wp\/v2\/media\/238"}],"wp:attachment":[{"href":"https:\/\/guialimeira.com.br\/news\/wp-json\/wp\/v2\/media?parent=6090"}],"wp:term":[{"taxonomy":"category","embeddable":true,"href":"https:\/\/guialimeira.com.br\/news\/wp-json\/wp\/v2\/categories?post=6090"},{"taxonomy":"post_tag","embeddable":true,"href":"https:\/\/guialimeira.com.br\/news\/wp-json\/wp\/v2\/tags?post=6090"}],"curies":[{"name":"wp","href":"https:\/\/api.w.org\/{rel}","templated":true}]}}