{"id":60859,"date":"2026-04-08T17:54:29","date_gmt":"2026-04-08T20:54:29","guid":{"rendered":"https:\/\/guialimeira.com.br\/?p=60859"},"modified":"2026-04-08T17:54:29","modified_gmt":"2026-04-08T20:54:29","slug":"domingo-na-praca-tera-edicao-com-rock-no-coreto-em-cordeiropolis-prefeitura-municipal-de-cordeiropolis","status":"publish","type":"post","link":"https:\/\/guialimeira.com.br\/news\/domingo-na-praca-tera-edicao-com-rock-no-coreto-em-cordeiropolis-prefeitura-municipal-de-cordeiropolis\/","title":{"rendered":"Domingo na Pra\u00e7a ter\u00e1 edi\u00e7\u00e3o com Rock no Coreto em Cordeir\u00f3polis \u2013 Prefeitura Municipal de Cordeir\u00f3polis"},"content":{"rendered":"<p> <br \/>\n<\/p>\n<div>\n<p>A Prefeitura de Cordeir\u00f3polis promove, neste domingo (12), mais uma edi\u00e7\u00e3o do \u201cDomingo na Pra\u00e7a\u201d, desta vez com uma programa\u00e7\u00e3o especial voltada ao rock. O \u201cRock no Coreto\u201d acontece a partir das 16h, na Pra\u00e7a Central \u201cComendador Jamil Abrah\u00e3o Saad\u201d.<\/p>\n<p>O evento ter\u00e1 shows das bandas Surf\u00eanix e Braza, que levar\u00e3o um repert\u00f3rio voltado \u00e0 jovem guarda e ao rock nacional e internacional. Al\u00e9m das apresenta\u00e7\u00f5es musicais gratuitas, o espa\u00e7o contar\u00e1 com pra\u00e7a de alimenta\u00e7\u00e3o com diversas op\u00e7\u00f5es para a popula\u00e7\u00e3o.<\/p>\n<p><strong>Servi\u00e7o \u2013 Domingo na Pra\u00e7a \u201cRock no Coreto\u201d<\/strong><\/p>\n<p>Quando: domingo, 12 de abril, \u00e0s 16h<\/p>\n<p>Onde: Pra\u00e7a Central \u201cComendador Jamil Abrah\u00e3o Saad\u201d<\/p>\n<p>Entrada gratuita<\/p>\n<\/p><\/div>\n<p><br \/>\n<br \/><a href=\"https:\/\/www.cordeiropolis.sp.gov.br\/domingo-na-praca-tera-edicao-com-rock-no-coreto-em-cordeiropolis\/\" rel=\"noopener\">Informa\u00e7\u00f5es Cordeir\u00f3polis <\/a><\/p>\n","protected":false},"excerpt":{"rendered":"<p>A Prefeitura de Cordeir\u00f3polis promove, neste domingo (12), mais uma edi\u00e7\u00e3o do \u201cDomingo na Pra\u00e7a\u201d, desta vez com uma programa\u00e7\u00e3o especial voltada ao rock. O \u201cRock no Coreto\u201d acontece a partir das 16h, na Pra\u00e7a Central \u201cComendador Jamil Abrah\u00e3o Saad\u201d. O evento ter\u00e1 shows das bandas Surf\u00eanix e Braza, que levar\u00e3o um repert\u00f3rio voltado \u00e0 [&hellip;]<\/p>\n","protected":false},"author":1,"featured_media":0,"comment_status":"closed","ping_status":"open","sticky":false,"template":"","format":"standard","meta":{"_jetpack_newsletter_access":"","_jetpack_dont_email_post_to_subs":false,"_jetpack_newsletter_tier_id":0,"_jetpack_memberships_contains_paywalled_content":false,"_mbp_banners":[],"_jetpack_feature_clip_id":0,"_jetpack_memberships_contains_paid_content":false,"footnotes":"","jetpack_publicize_message":"","jetpack_publicize_feature_enabled":true,"jetpack_social_post_already_shared":true,"jetpack_social_options":{"image_generator_settings":{"template":"highway","default_image_id":0,"font":"","enabled":false},"version":2},"jetpack_post_was_ever_published":false},"categories":[20],"tags":[],"class_list":["post-60859","post","type-post","status-publish","format-standard","category-regiao"],"jetpack_publicize_connections":[],"jetpack-related-posts":[],"jetpack_shortlink":"https:\/\/wp.me\/p7Eq1F-fPB","jetpack_sharing_enabled":true,"jetpack_featured_media_url":"","_links":{"self":[{"href":"https:\/\/guialimeira.com.br\/news\/wp-json\/wp\/v2\/posts\/60859","targetHints":{"allow":["GET"]}}],"collection":[{"href":"https:\/\/guialimeira.com.br\/news\/wp-json\/wp\/v2\/posts"}],"about":[{"href":"https:\/\/guialimeira.com.br\/news\/wp-json\/wp\/v2\/types\/post"}],"author":[{"embeddable":true,"href":"https:\/\/guialimeira.com.br\/news\/wp-json\/wp\/v2\/users\/1"}],"replies":[{"embeddable":true,"href":"https:\/\/guialimeira.com.br\/news\/wp-json\/wp\/v2\/comments?post=60859"}],"version-history":[{"count":1,"href":"https:\/\/guialimeira.com.br\/news\/wp-json\/wp\/v2\/posts\/60859\/revisions"}],"predecessor-version":[{"id":60860,"href":"https:\/\/guialimeira.com.br\/news\/wp-json\/wp\/v2\/posts\/60859\/revisions\/60860"}],"wp:attachment":[{"href":"https:\/\/guialimeira.com.br\/news\/wp-json\/wp\/v2\/media?parent=60859"}],"wp:term":[{"taxonomy":"category","embeddable":true,"href":"https:\/\/guialimeira.com.br\/news\/wp-json\/wp\/v2\/categories?post=60859"},{"taxonomy":"post_tag","embeddable":true,"href":"https:\/\/guialimeira.com.br\/news\/wp-json\/wp\/v2\/tags?post=60859"}],"curies":[{"name":"wp","href":"https:\/\/api.w.org\/{rel}","templated":true}]}}