{"id":6085,"date":"2024-05-23T10:12:45","date_gmt":"2024-05-23T13:12:45","guid":{"rendered":"https:\/\/guialimeira.com.br\/2024\/05\/23\/casos-de-sindrome-respiratoria-atingem-criancas-de-ate-4-anos-no-rio\/"},"modified":"2024-05-23T10:12:45","modified_gmt":"2024-05-23T13:12:45","slug":"casos-de-sindrome-respiratoria-atingem-criancas-de-ate-4-anos-no-rio","status":"publish","type":"post","link":"https:\/\/guialimeira.com.br\/news\/casos-de-sindrome-respiratoria-atingem-criancas-de-ate-4-anos-no-rio\/","title":{"rendered":"Casos de s\u00edndrome respirat\u00f3ria atingem crian\u00e7as de at\u00e9 4 anos no Rio"},"content":{"rendered":"<p> <br \/>\n<\/p>\n<div>\n<p>Os casos de S\u00edndrome Respirat\u00f3ria Aguda Grave (SRAG) e V\u00edrus Respirat\u00f3rio, divulgados nesta quarta-feira (22) pela Secretaria de Estado de Sa\u00fade (SES-RJ), mostram que as interna\u00e7\u00f5es por SRAG n\u00e3o causadas por covid-19 est\u00e3o em alta, atingindo principalmente as crian\u00e7as com at\u00e9 4 anos. A an\u00e1lise estima que o n\u00famero de interna\u00e7\u00f5es seja ainda maior quando levados em considera\u00e7\u00e3o os casos que n\u00e3o foram registrados no sistema. O Panorama SRAG analisou as semanas epidemiol\u00f3gicas que correspondem ao per\u00edodo entre 21 de abril e 11 de maio.<img data-recalc-dims=\"1\" decoding=\"async\" src=\"https:\/\/i0.wp.com\/agenciabrasil.ebc.com.br\/ebc.png?w=696&#038;ssl=1\" style=\"width:1px; height:1px; display:inline;\"\/><img data-recalc-dims=\"1\" decoding=\"async\" src=\"https:\/\/i0.wp.com\/agenciabrasil.ebc.com.br\/ebc.gif?w=696&#038;ssl=1\" style=\"width:1px; height:1px; display:inline;\"\/><\/p>\n<p>A equipe de Vigil\u00e2ncia do Centro de Intelig\u00eancia em Sa\u00fade utiliza um modelo estat\u00edstico chamado <em>nowcasting<\/em>, que leva em considera\u00e7\u00e3o os casos com atraso de notifica\u00e7\u00e3o para estimar o total esperado para um determinado per\u00edodo.\u00a0A estimativa para a semana epidemiol\u00f3gica (SE) 17 foi 519 casos, com 406 j\u00e1 registrados no sistema; para a (SES-RJ) 18, a estimativa foi 540 casos, com 343 j\u00e1 registrados; para a SE 19, o modelo apontou 505 casos estimados, com 277 registrados.<\/p>\n<p>\u201c\u00c9 um momento de alerta e aten\u00e7\u00e3o redobrada. Embora o n\u00famero de registros n\u00e3o ultrapasse o limite m\u00e1ximo de casos esperados para o momento, o modelo <em>nowcasting<\/em>\u00a0indica que podemos estar perto deste limite, que chamamos de canal end\u00eamico. \u00c9 importante que a popula\u00e7\u00e3o se vacine contra a Influenza, que \u00e9 um dos principais v\u00edrus que levam aos casos graves de s\u00edndrome respirat\u00f3ria\u201d, alerta Luciane Velasque, superintendente de Informa\u00e7\u00e3o Estrat\u00e9gica em Vigil\u00e2ncia em Sa\u00fade da secretaria.<\/p>\n<h2>An\u00e1lise<\/h2>\n<p>O programa tamb\u00e9m analisa os tipos de v\u00edrus que predominam nas diversas faixas et\u00e1rias dos pacientes internados e as solicita\u00e7\u00f5es de leitos feitas por meio do Sistema Estadual de Regula\u00e7\u00e3o.\u00a0As crian\u00e7as com idade at\u00e9 4 anos seguem como a faixa et\u00e1ria com maior n\u00famero de interna\u00e7\u00f5es. Entre elas, os principais agentes infecciosos s\u00e3o o V\u00edrus Sincicial Respirat\u00f3rio (34,96%) e o Rinov\u00edrus (17,55%). Entretanto, as solicita\u00e7\u00f5es de leitos para este p\u00fablico est\u00e3o em queda, passando de 304 na semana epidemiol\u00f3gica 17,\u00a0 para 292 na semana 18, e chegando a \u00a0250 na semana 19.<\/p>\n<p>Para quem tem 80 anos ou mais o percentual de interna\u00e7\u00f5es por SRAG tamb\u00e9m est\u00e1 em decl\u00ednio, com a perman\u00eancia do v\u00edrus Influenza do tipo A (14,39%) e do Rinov\u00edrus (14,05%).<\/p>\n<\/p><\/div>\n<p><br \/>\n<br \/><a href=\"https:\/\/agenciabrasil.ebc.com.br\/saude\/noticia\/2024-05\/casos-de-sindrome-respiratoria-atingem-criancas-de-ate-4-anos-no-rio\" rel=\"noopener\">Ag\u00eancia Brasil <\/a><\/p>\n","protected":false},"excerpt":{"rendered":"<p>Os casos de S\u00edndrome Respirat\u00f3ria Aguda Grave (SRAG) e V\u00edrus Respirat\u00f3rio, divulgados nesta quarta-feira (22) pela Secretaria de Estado de Sa\u00fade (SES-RJ), mostram que as interna\u00e7\u00f5es por SRAG n\u00e3o causadas por covid-19 est\u00e3o em alta, atingindo principalmente as crian\u00e7as com at\u00e9 4 anos. A an\u00e1lise estima que o n\u00famero de interna\u00e7\u00f5es seja ainda maior quando [&hellip;]<\/p>\n","protected":false},"author":1,"featured_media":6086,"comment_status":"open","ping_status":"open","sticky":false,"template":"","format":"standard","meta":{"_jetpack_newsletter_access":"","_jetpack_dont_email_post_to_subs":false,"_jetpack_newsletter_tier_id":0,"_jetpack_memberships_contains_paywalled_content":false,"_mbp_banners":[],"_jetpack_feature_clip_id":0,"_jetpack_memberships_contains_paid_content":false,"footnotes":"","jetpack_publicize_message":"","jetpack_publicize_feature_enabled":true,"jetpack_social_post_already_shared":true,"jetpack_social_options":{"image_generator_settings":{"template":"highway","default_image_id":0,"font":"","enabled":false},"version":2},"jetpack_post_was_ever_published":false},"categories":[15],"tags":[],"class_list":["post-6085","post","type-post","status-publish","format-standard","has-post-thumbnail","category-saude"],"jetpack_publicize_connections":[],"jetpack-related-posts":[],"jetpack_shortlink":"https:\/\/wp.me\/p7Eq1F-1A9","jetpack_sharing_enabled":true,"jetpack_featured_media_url":"https:\/\/i0.wp.com\/guialimeira.com.br\/news\/wp-content\/uploads\/2024\/05\/dsc8088.jpg?fit=1600%2C800&ssl=1","_links":{"self":[{"href":"https:\/\/guialimeira.com.br\/news\/wp-json\/wp\/v2\/posts\/6085","targetHints":{"allow":["GET"]}}],"collection":[{"href":"https:\/\/guialimeira.com.br\/news\/wp-json\/wp\/v2\/posts"}],"about":[{"href":"https:\/\/guialimeira.com.br\/news\/wp-json\/wp\/v2\/types\/post"}],"author":[{"embeddable":true,"href":"https:\/\/guialimeira.com.br\/news\/wp-json\/wp\/v2\/users\/1"}],"replies":[{"embeddable":true,"href":"https:\/\/guialimeira.com.br\/news\/wp-json\/wp\/v2\/comments?post=6085"}],"version-history":[{"count":0,"href":"https:\/\/guialimeira.com.br\/news\/wp-json\/wp\/v2\/posts\/6085\/revisions"}],"wp:featuredmedia":[{"embeddable":true,"href":"https:\/\/guialimeira.com.br\/news\/wp-json\/wp\/v2\/media\/6086"}],"wp:attachment":[{"href":"https:\/\/guialimeira.com.br\/news\/wp-json\/wp\/v2\/media?parent=6085"}],"wp:term":[{"taxonomy":"category","embeddable":true,"href":"https:\/\/guialimeira.com.br\/news\/wp-json\/wp\/v2\/categories?post=6085"},{"taxonomy":"post_tag","embeddable":true,"href":"https:\/\/guialimeira.com.br\/news\/wp-json\/wp\/v2\/tags?post=6085"}],"curies":[{"name":"wp","href":"https:\/\/api.w.org\/{rel}","templated":true}]}}