{"id":60847,"date":"2026-04-08T16:52:18","date_gmt":"2026-04-08T19:52:18","guid":{"rendered":"https:\/\/guialimeira.com.br\/?p=60847"},"modified":"2026-04-08T16:52:18","modified_gmt":"2026-04-08T19:52:18","slug":"jardim-cordeiro-recebe-iluminacao-em-led-prefeitura-municipal-de-cordeiropolis","status":"publish","type":"post","link":"https:\/\/guialimeira.com.br\/news\/jardim-cordeiro-recebe-iluminacao-em-led-prefeitura-municipal-de-cordeiropolis\/","title":{"rendered":"Jardim Cordeiro recebe ilumina\u00e7\u00e3o em LED \u2013 Prefeitura Municipal de Cordeir\u00f3polis"},"content":{"rendered":"<p> <br \/>\n<\/p>\n<div>\n<p>As ruas do Jardim Cordeiro passaram a receber nesta quarta-feira (8) nova ilumina\u00e7\u00e3o em LED. A troca \u00e9 realizada pela Prefeitura de Cordeir\u00f3polis, que recebeu 1 mil l\u00e2mpadas de LED da Neoenergia Elektro para substituir as lumin\u00e1rias antigas de vapor de s\u00f3dio. A prefeita Cristina Saad e o chefe de Gabinete, Denis Suidedos, acompanharam o in\u00edcio da troca.<\/p>\n<p>\u201cA prefeitura pagou, ao longo de 2025, mais de R$ 2 milh\u00f5es em d\u00edvidas de 2024 \u00e0 Elektro. As contas, agora, est\u00e3o todas em dia. Gra\u00e7as a esse bom relacionamento com a concession\u00e1ria, fomos contemplados com esse projeto que vai trazer economia para o munic\u00edpio e maior seguran\u00e7a para a popula\u00e7\u00e3o. Fruto de um trabalho de todo nosso time\u201d, afirmou a prefeita Cristina Saad.<\/p>\n<p>A iniciativa integra o Programa de Efici\u00eancia Energ\u00e9tica da concession\u00e1ria de energia, regulado pela Ag\u00eancia Nacional de Energia El\u00e9trica (ANEEL). O projeto, que n\u00e3o tem custos para o munic\u00edpio, garante a moderniza\u00e7\u00e3o do parque de ilumina\u00e7\u00e3o p\u00fablica, trazendo tecnologia mais eficiente, econ\u00f4mica e sustent\u00e1vel.<\/p>\n<p>Outros bairros tamb\u00e9m v\u00e3o receber a nova ilumina\u00e7\u00e3o. Ap\u00f3s o Jardim Cordeiro, ser\u00e1 a vez do Jardim Eldorado. \u201cCom as novas lumin\u00e1rias, teremos uma redu\u00e7\u00e3o significativa no consumo de energia, al\u00e9m de ampliar a sensa\u00e7\u00e3o de seguran\u00e7a para quem circula pelas vias p\u00fablicas\u201d, pontuou o vice-prefeito Anderson Hespanhol Pique.<\/p>\n<figure class=\"wp-block-image size-large\"><\/figure>\n<\/p><\/div>\n<p><br \/>\n<br \/><a href=\"https:\/\/www.cordeiropolis.sp.gov.br\/jardim-cordeiro-recebe-iluminacao-em-led\/\" rel=\"noopener\">Informa\u00e7\u00f5es Cordeir\u00f3polis <\/a><\/p>\n","protected":false},"excerpt":{"rendered":"<p>As ruas do Jardim Cordeiro passaram a receber nesta quarta-feira (8) nova ilumina\u00e7\u00e3o em LED. A troca \u00e9 realizada pela Prefeitura de Cordeir\u00f3polis, que recebeu 1 mil l\u00e2mpadas de LED da Neoenergia Elektro para substituir as lumin\u00e1rias antigas de vapor de s\u00f3dio. A prefeita Cristina Saad e o chefe de Gabinete, Denis Suidedos, acompanharam o [&hellip;]<\/p>\n","protected":false},"author":1,"featured_media":60848,"comment_status":"closed","ping_status":"open","sticky":false,"template":"","format":"standard","meta":{"_jetpack_newsletter_access":"","_jetpack_dont_email_post_to_subs":false,"_jetpack_newsletter_tier_id":0,"_jetpack_memberships_contains_paywalled_content":false,"_mbp_banners":[],"_jetpack_feature_clip_id":0,"_jetpack_memberships_contains_paid_content":false,"footnotes":"","jetpack_publicize_message":"","jetpack_publicize_feature_enabled":true,"jetpack_social_post_already_shared":true,"jetpack_social_options":{"image_generator_settings":{"template":"highway","default_image_id":0,"font":"","enabled":false},"version":2},"jetpack_post_was_ever_published":false},"categories":[20],"tags":[],"class_list":["post-60847","post","type-post","status-publish","format-standard","has-post-thumbnail","category-regiao"],"jetpack_publicize_connections":[],"jetpack-related-posts":[],"jetpack_shortlink":"https:\/\/wp.me\/p7Eq1F-fPp","jetpack_sharing_enabled":true,"jetpack_featured_media_url":"https:\/\/i0.wp.com\/guialimeira.com.br\/news\/wp-content\/uploads\/2026\/04\/Jardim-Cordeiro-recebe-iluminacao-em-LED-%E2%80%93-Prefeitura-Municipal-de.jpeg?fit=1024%2C576&ssl=1","_links":{"self":[{"href":"https:\/\/guialimeira.com.br\/news\/wp-json\/wp\/v2\/posts\/60847","targetHints":{"allow":["GET"]}}],"collection":[{"href":"https:\/\/guialimeira.com.br\/news\/wp-json\/wp\/v2\/posts"}],"about":[{"href":"https:\/\/guialimeira.com.br\/news\/wp-json\/wp\/v2\/types\/post"}],"author":[{"embeddable":true,"href":"https:\/\/guialimeira.com.br\/news\/wp-json\/wp\/v2\/users\/1"}],"replies":[{"embeddable":true,"href":"https:\/\/guialimeira.com.br\/news\/wp-json\/wp\/v2\/comments?post=60847"}],"version-history":[{"count":1,"href":"https:\/\/guialimeira.com.br\/news\/wp-json\/wp\/v2\/posts\/60847\/revisions"}],"predecessor-version":[{"id":60849,"href":"https:\/\/guialimeira.com.br\/news\/wp-json\/wp\/v2\/posts\/60847\/revisions\/60849"}],"wp:featuredmedia":[{"embeddable":true,"href":"https:\/\/guialimeira.com.br\/news\/wp-json\/wp\/v2\/media\/60848"}],"wp:attachment":[{"href":"https:\/\/guialimeira.com.br\/news\/wp-json\/wp\/v2\/media?parent=60847"}],"wp:term":[{"taxonomy":"category","embeddable":true,"href":"https:\/\/guialimeira.com.br\/news\/wp-json\/wp\/v2\/categories?post=60847"},{"taxonomy":"post_tag","embeddable":true,"href":"https:\/\/guialimeira.com.br\/news\/wp-json\/wp\/v2\/tags?post=60847"}],"curies":[{"name":"wp","href":"https:\/\/api.w.org\/{rel}","templated":true}]}}