{"id":60837,"date":"2026-04-08T15:30:20","date_gmt":"2026-04-08T18:30:20","guid":{"rendered":"https:\/\/guialimeira.com.br\/transporte-escolar-comissao-de-educacao-solicita-novamente-minuta-do-convenio-com-governo-do-estado\/"},"modified":"2026-04-08T15:30:20","modified_gmt":"2026-04-08T18:30:20","slug":"transporte-escolar-comissao-de-educacao-solicita-novamente-minuta-do-convenio-com-governo-do-estado","status":"publish","type":"post","link":"https:\/\/guialimeira.com.br\/news\/transporte-escolar-comissao-de-educacao-solicita-novamente-minuta-do-convenio-com-governo-do-estado\/","title":{"rendered":"Transporte escolar: Comiss\u00e3o de Educa\u00e7\u00e3o solicita novamente minuta do conv\u00eanio com Governo do Estado"},"content":{"rendered":"<p>Transporte escolar: Comiss\u00e3o de Educa\u00e7\u00e3o solicita novamente minuta do conv\u00eanio com Governo do Estado<\/p>\n<p>O transporte escolar foi pauta da reuni\u00e3o da Comiss\u00e3o de Educa\u00e7\u00e3o na tarde desta quarta-feira, 8 de abril. Os vereadores reiteraram pedido de c\u00f3pia da minuta de conv\u00eanio firmado entre a Prefeitura e o Governo Estadual para o transporte dos alunos das duas redes e tamb\u00e9m questionaram sobre uma suposta interrup\u00e7\u00e3o do transporte escolar na zona rural de Limeira. As delibera\u00e7\u00f5es foram registradas em ata.<\/p>\n<p>O conv\u00eanio entre a Prefeitura e o Governo do Estado de S\u00e3o Paulo para a realiza\u00e7\u00e3o do transporte escolar dos alunos das duas redes (municipal e estadual) foi anunciado no fim de 2025 e confirmado pelo secret\u00e1rio de Educa\u00e7\u00e3o, Antonio Montesano Neto, na reuni\u00e3o da Comiss\u00e3o do dia 11 de fevereiro. Na ocasi\u00e3o, o titular da pasta explicou que a minuta do contrato teria ficado pronta no dia 29 de janeiro e que ainda estava tramitando internamente entre os dois \u00f3rg\u00e3os.<\/p>\n<p>O pedido formal da c\u00f3pia do documento foi feito pelo colegiado na mesma reuni\u00e3o, no entanto, a resposta encaminhada pela Secretaria no dia 26 de mar\u00e7o informou apenas que a minuta estava em fase de assinatura, sem encaminhar a c\u00f3pia. Diante disso, a Comiss\u00e3o reiterou a solicita\u00e7\u00e3o.<\/p>\n<p>Em rela\u00e7\u00e3o ao transporte escolar rural, a presidente do colegiado, vereadora Mariana Calsa (PSB) informou que tem recebido reclama\u00e7\u00f5es de m\u00e3es que relatam que os filhos est\u00e3o faltando nas aulas porque os \u00f4nibus n\u00e3o est\u00e3o passando para buscar as crian\u00e7as em algumas \u00e1reas da zona rural da cidade. Os vereadores pediram esclarecimentos \u00e0 Prefeitura sobre essa suposta interrup\u00e7\u00e3o do transporte.<\/p>\n<p>Tamb\u00e9m foi agendada a data da reuni\u00e3o mensal para presta\u00e7\u00e3o de contas sobre os assuntos da rede municipal com o secret\u00e1rio de Educa\u00e7\u00e3o Ant\u00f4nio Montesano Neto para o dia 29 de abril, \u00e0s 14h, no Plen\u00e1rio da C\u00e2mara Municipal. O encontro ser\u00e1 transmitido ao vivo pelos canais de comunica\u00e7\u00e3o do Legislativo\u00a0 no Youtube, Facebook e site.<\/p>\n<p>A Comiss\u00e3o<\/p>\n<p>A Comiss\u00e3o de Educa\u00e7\u00e3o e Ci\u00eancias \u00e9 composta pelos vereadores Mariana Calsa (PSB), presidente; Nilton Santos (Republicanos), vice-presidente; e Waguinho de Santa Luzia (PP), secret\u00e1rio; e tem como compet\u00eancia a fiscaliza\u00e7\u00e3o de assuntos relacionados \u00e0 educa\u00e7\u00e3o e ao ensino. Os membros tamb\u00e9m s\u00e3o respons\u00e1veis por abordar a pol\u00edtica e sistema educacional nos aspectos institucionais, estruturais, funcionais e legais, al\u00e9m de opinarem acerca de projetos da rede municipal de ensino, programas e pol\u00edticas p\u00fablicas que tratem do ambiente escolar, dos professores e estudantes, bem como servidores da rede de ensino, servi\u00e7os, equipamentos e programas educacionais.<\/p>\n<hr>\n<p><em>Fonte: <a href=\"https:\/\/www.limeira.sp.leg.br\/noticias\/view\/2026-04-08_transporte-escolar-comissao-de-educacao-solicita-novamente-minuta-do-convenio-com-governo-do-estado\" target=\"_blank\" rel=\"noopener\">C\u00e2mara Municipal de Limeira<\/a><\/em><\/p>\n","protected":false},"excerpt":{"rendered":"<p>Transporte escolar: Comiss\u00e3o de Educa\u00e7\u00e3o solicita novamente minuta do conv\u00eanio com Governo do Estado<\/p>\n<p>O transporte escolar foi pauta da reuni\u00e3o da Comiss\u00e3o de Educa\u00e7\u00e3o na tarde desta quarta-feira, 8 de abril. Os vereadores reiteraram pedido de c\u00f3pia da minuta de conv\u00eanio firmado entre a Prefeitura e<\/p>\n","protected":false},"author":4,"featured_media":60836,"comment_status":"","ping_status":"open","sticky":false,"template":"","format":"standard","meta":{"_jetpack_newsletter_access":"","_jetpack_dont_email_post_to_subs":false,"_jetpack_newsletter_tier_id":0,"_jetpack_memberships_contains_paywalled_content":false,"_mbp_banners":[],"_jetpack_feature_clip_id":0,"_jetpack_memberships_contains_paid_content":false,"footnotes":"","jetpack_publicize_message":"","jetpack_publicize_feature_enabled":true,"jetpack_social_post_already_shared":true,"jetpack_social_options":{"image_generator_settings":{"template":"highway","default_image_id":0,"font":"","enabled":false},"version":2},"jetpack_post_was_ever_published":false},"categories":[19],"tags":[],"class_list":["post-60837","post","type-post","status-publish","format-standard","has-post-thumbnail","category-politica"],"jetpack_publicize_connections":[],"jetpack-related-posts":[],"jetpack_shortlink":"https:\/\/wp.me\/p7Eq1F-fPf","jetpack_sharing_enabled":true,"jetpack_featured_media_url":"https:\/\/i0.wp.com\/guialimeira.com.br\/news\/wp-content\/uploads\/2026\/04\/noticia-camara-52.jpg?fit=1280%2C640&ssl=1","_links":{"self":[{"href":"https:\/\/guialimeira.com.br\/news\/wp-json\/wp\/v2\/posts\/60837","targetHints":{"allow":["GET"]}}],"collection":[{"href":"https:\/\/guialimeira.com.br\/news\/wp-json\/wp\/v2\/posts"}],"about":[{"href":"https:\/\/guialimeira.com.br\/news\/wp-json\/wp\/v2\/types\/post"}],"author":[{"embeddable":true,"href":"https:\/\/guialimeira.com.br\/news\/wp-json\/wp\/v2\/users\/4"}],"replies":[{"embeddable":true,"href":"https:\/\/guialimeira.com.br\/news\/wp-json\/wp\/v2\/comments?post=60837"}],"version-history":[{"count":0,"href":"https:\/\/guialimeira.com.br\/news\/wp-json\/wp\/v2\/posts\/60837\/revisions"}],"wp:featuredmedia":[{"embeddable":true,"href":"https:\/\/guialimeira.com.br\/news\/wp-json\/wp\/v2\/media\/60836"}],"wp:attachment":[{"href":"https:\/\/guialimeira.com.br\/news\/wp-json\/wp\/v2\/media?parent=60837"}],"wp:term":[{"taxonomy":"category","embeddable":true,"href":"https:\/\/guialimeira.com.br\/news\/wp-json\/wp\/v2\/categories?post=60837"},{"taxonomy":"post_tag","embeddable":true,"href":"https:\/\/guialimeira.com.br\/news\/wp-json\/wp\/v2\/tags?post=60837"}],"curies":[{"name":"wp","href":"https:\/\/api.w.org\/{rel}","templated":true}]}}