{"id":6083,"date":"2024-05-23T09:33:47","date_gmt":"2024-05-23T12:33:47","guid":{"rendered":"https:\/\/guialimeira.com.br\/2024\/05\/23\/clube-do-livro-conversa-sobre-torrente-neste-sabado-25\/"},"modified":"2024-05-23T09:33:47","modified_gmt":"2024-05-23T12:33:47","slug":"clube-do-livro-conversa-sobre-torrente-neste-sabado-25","status":"publish","type":"post","link":"https:\/\/guialimeira.com.br\/news\/clube-do-livro-conversa-sobre-torrente-neste-sabado-25\/","title":{"rendered":"Clube do Livro conversa sobre \u201cTorrente\u201d neste s\u00e1bado (25)"},"content":{"rendered":"<p> <br \/>\n<\/p>\n<div>\n            <main class=\"\">&#13;<br \/>\n                &#13;<br \/>\n&#13;<br \/>\n&#13;<br \/>\n&#13;<br \/>\n    <img data-recalc-dims=\"1\" decoding=\"async\" src=\"https:\/\/i0.wp.com\/ecrie.com.br\/sistema\/conteudos\/imagem\/m_137_0_1_23052024090716.jpg?w=696&#038;ssl=1\" alt=\"Clube do Livro conversa sobre \u201cTorrente\u201d neste s\u00e1bado (25)\"\/>&#13;<br \/>\n&#13;<\/p>\n<p dir=\"ltr\" style=\"text-align: justify;\">O clube do livro \u201cLeia Mulheres\u201d se re\u00fane neste s\u00e1bado (25), no audit\u00f3rio da Biblioteca Municipal Professor Jo\u00e3o de Sousa Ferraz, \u00e0s 16h. O bate-papo ser\u00e1 sobre o livro \u201cTorrente\u201d de Vanessa Malag\u00f3, que estar\u00e1 presente. A realiza\u00e7\u00e3o \u00e9 de Leia Mulheres, com apoio da Prefeitura de Limeira, por meio da Secretaria de Cultura.<\/p>\n<p>&#13;<\/p>\n<p dir=\"ltr\" style=\"text-align: justify;\">\u201cTorrente\u201d \u00e9 um livro que fala sobre o amor, mas que ningu\u00e9m se engane com a aparente simplicidade dessa defini\u00e7\u00e3o. O romance-tempestade apresenta as rela\u00e7\u00f5es amorosas a partir daquilo que elas t\u00eam de mais desafiador: a imposs\u00edvel compreens\u00e3o total do outro. A media\u00e7\u00e3o \u00e9 por Denise Ap. da Silva, Let\u00edcia Reis e Nayara M. Pires.<\/p>\n<p>&#13;<\/p>\n<p dir=\"ltr\" style=\"text-align: justify;\">O clube \u00e9 gratuito e para toda a comunidade, sendo voltado para a leitura e discuss\u00e3o de obras escritas por mulheres. Mais informa\u00e7\u00f5es podem ser obtidas pelo Instagram\u00a0<a href=\"https:\/\/www.instagram.com\/leiamulhereslimeira\/\" target=\"_blank\" rel=\"noopener noreferrer\" data-saferedirecturl=\"https:\/\/www.google.com\/url?q=https:\/\/www.instagram.com\/leiamulhereslimeira\/&amp;source=gmail&amp;ust=1716552139452000&amp;usg=AOvVaw111Kg643ZTBMcpCybg4UCy\">https:\/\/www.<wbr\/>instagram.com\/leiamulhereslime<wbr\/>ira\/<\/a>. Refor\u00e7a-se que a participa\u00e7\u00e3o n\u00e3o \u00e9 restrita apenas \u00e0s mulheres.<\/p>\n<p>&#13;<\/p>\n<p dir=\"ltr\" style=\"text-align: justify;\">A Biblioteca Municipal fica no Parque Cidade.<\/p>\n<p>&#13;<br \/>\n&#13;<br \/>\n&#13;<br \/>\n&#13;<\/p>\n<aside class=\"list-related no-print\">&#13;<br \/>\n        &#13;<br \/>\n&#13;<\/p>\n<article class=\"list-item noticias \">&#13;<br \/>\n                    <a class=\"list-item__img\" href=\"https:\/\/limeira.sp.gov.br\/imprensa\/noticias\/cultura\/retreta-com-corporacao-musical-arthur-giambelli-e-neste-domingo-26-1\" tabindex=\"-1\" aria-hidden=\"true\" rel=\"noopener\">&#13;<br \/>\n                        <img data-recalc-dims=\"1\" decoding=\"async\" src=\"https:\/\/i0.wp.com\/ecrie.com.br\/sistema\/conteudos\/imagem\/m_137_0_1_22062023114351.jpeg?w=696&#038;ssl=1\" alt=\"Retreta com Corpora\u00e7\u00e3o Musical Arthur Giambelli \u00e9 neste domingo (26)\"\/>&#13;<br \/>\n                    <\/a>&#13;<br \/>\n&#13;<br \/>\n                &#13;<br \/>\n            <\/article>\n<p>&#13;<\/p>\n<article class=\"list-item noticias \">&#13;<br \/>\n                    <a class=\"list-item__img\" href=\"https:\/\/limeira.sp.gov.br\/imprensa\/noticias\/cultura\/biblioteca-municipal-realiza-hora-do-conto-para-as-criancas-nesta-sexta-5-1\" tabindex=\"-1\" aria-hidden=\"true\" rel=\"noopener\">&#13;<br \/>\n                        <img data-recalc-dims=\"1\" decoding=\"async\" src=\"https:\/\/i0.wp.com\/ecrie.com.br\/sistema\/conteudos\/imagem\/m_137_0_1_22052024130805.jpeg?w=696&#038;ssl=1\" alt=\"Biblioteca Municipal realiza \u201cHora do Conto\u201d para as crian\u00e7as, nesta sexta (5)\"\/>&#13;<br \/>\n                    <\/a>&#13;<br \/>\n&#13;<br \/>\n                &#13;<br \/>\n            <\/article>\n<p>&#13;<\/p>\n<article class=\"list-item noticias \">&#13;<br \/>\n                    <a class=\"list-item__img\" href=\"https:\/\/limeira.sp.gov.br\/imprensa\/noticias\/cultura\/mabe-cultural-exibe-curta-metragem-popolocas\" tabindex=\"-1\" aria-hidden=\"true\" rel=\"noopener\">&#13;<br \/>\n                        <img data-recalc-dims=\"1\" decoding=\"async\" src=\"https:\/\/i0.wp.com\/ecrie.com.br\/sistema\/conteudos\/imagem\/m_137_0_1_22052024115239.jpg?w=696&#038;ssl=1\" alt=\"MaB\u00ea Cultural exibe curta-metragem \u201cPopolocas\u201d\"\/>&#13;<br \/>\n                    <\/a>&#13;<br \/>\n&#13;<br \/>\n                &#13;<br \/>\n            <\/article>\n<p>&#13;<br \/>\n    <\/aside>\n<p>&#13;<br \/>\n&#13;<br \/>\n            <\/main><\/p><\/div>\n<p><script async src=\"\/\/www.instagram.com\/embed.js\"><\/script><br \/>\n<br \/><br \/>\n<br \/><a href=\"https:\/\/limeira.sp.gov.br\/clube-do-livro-conversa-sobre-torrente-neste-sabado-25\" rel=\"noopener\">Informa\u00e7\u00f5es da PML <\/a><\/p>\n","protected":false},"excerpt":{"rendered":"<p>&#13; &#13; &#13; &#13; &#13; &#13; &#13; O clube do livro \u201cLeia Mulheres\u201d se re\u00fane neste s\u00e1bado (25), no audit\u00f3rio da Biblioteca Municipal Professor Jo\u00e3o de Sousa Ferraz, \u00e0s 16h. O bate-papo ser\u00e1 sobre o livro \u201cTorrente\u201d de Vanessa Malag\u00f3, que estar\u00e1 presente. A realiza\u00e7\u00e3o \u00e9 de Leia Mulheres, com apoio da Prefeitura de Limeira, [&hellip;]<\/p>\n","protected":false},"author":1,"featured_media":6084,"comment_status":"open","ping_status":"open","sticky":false,"template":"","format":"standard","meta":{"_jetpack_newsletter_access":"","_jetpack_dont_email_post_to_subs":false,"_jetpack_newsletter_tier_id":0,"_jetpack_memberships_contains_paywalled_content":false,"_mbp_banners":[],"_jetpack_feature_clip_id":0,"_jetpack_memberships_contains_paid_content":false,"footnotes":"","jetpack_publicize_message":"","jetpack_publicize_feature_enabled":true,"jetpack_social_post_already_shared":true,"jetpack_social_options":{"image_generator_settings":{"template":"highway","default_image_id":0,"font":"","enabled":false},"version":2},"jetpack_post_was_ever_published":false},"categories":[16],"tags":[],"class_list":["post-6083","post","type-post","status-publish","format-standard","has-post-thumbnail","category-local"],"jetpack_publicize_connections":[],"jetpack-related-posts":[],"jetpack_shortlink":"https:\/\/wp.me\/p7Eq1F-1A7","jetpack_sharing_enabled":true,"jetpack_featured_media_url":"https:\/\/i0.wp.com\/guialimeira.com.br\/news\/wp-content\/uploads\/2024\/05\/m_137_0_1_23052024090716.jpg?fit=900%2C900&ssl=1","_links":{"self":[{"href":"https:\/\/guialimeira.com.br\/news\/wp-json\/wp\/v2\/posts\/6083","targetHints":{"allow":["GET"]}}],"collection":[{"href":"https:\/\/guialimeira.com.br\/news\/wp-json\/wp\/v2\/posts"}],"about":[{"href":"https:\/\/guialimeira.com.br\/news\/wp-json\/wp\/v2\/types\/post"}],"author":[{"embeddable":true,"href":"https:\/\/guialimeira.com.br\/news\/wp-json\/wp\/v2\/users\/1"}],"replies":[{"embeddable":true,"href":"https:\/\/guialimeira.com.br\/news\/wp-json\/wp\/v2\/comments?post=6083"}],"version-history":[{"count":0,"href":"https:\/\/guialimeira.com.br\/news\/wp-json\/wp\/v2\/posts\/6083\/revisions"}],"wp:featuredmedia":[{"embeddable":true,"href":"https:\/\/guialimeira.com.br\/news\/wp-json\/wp\/v2\/media\/6084"}],"wp:attachment":[{"href":"https:\/\/guialimeira.com.br\/news\/wp-json\/wp\/v2\/media?parent=6083"}],"wp:term":[{"taxonomy":"category","embeddable":true,"href":"https:\/\/guialimeira.com.br\/news\/wp-json\/wp\/v2\/categories?post=6083"},{"taxonomy":"post_tag","embeddable":true,"href":"https:\/\/guialimeira.com.br\/news\/wp-json\/wp\/v2\/tags?post=6083"}],"curies":[{"name":"wp","href":"https:\/\/api.w.org\/{rel}","templated":true}]}}