{"id":60826,"date":"2026-04-08T13:25:22","date_gmt":"2026-04-08T16:25:22","guid":{"rendered":"https:\/\/guialimeira.com.br\/felipe-penedo-visita-bairro-jose-cortez-e-ouve-demandas-de-municipes\/"},"modified":"2026-04-08T13:25:22","modified_gmt":"2026-04-08T16:25:22","slug":"felipe-penedo-visita-bairro-jose-cortez-e-ouve-demandas-de-municipes","status":"publish","type":"post","link":"https:\/\/guialimeira.com.br\/news\/felipe-penedo-visita-bairro-jose-cortez-e-ouve-demandas-de-municipes\/","title":{"rendered":"Felipe Penedo visita bairro Jos\u00e9 Cortez e ouve demandas de mun\u00edcipes"},"content":{"rendered":"<p>Felipe Penedo visita bairro Jos\u00e9 Cortez e ouve demandas de mun\u00edcipes<\/p>\n<p>O vereador Felipe Penedo (PL) esteve no final da tarde desta ter\u00e7a-feira, 7 de abril, no bairro Jos\u00e9 Cortez, para acompanhar de perto as principais necessidades da comunidade local. Durante a visita, o parlamentar foi recepcionado pelo morador Jo\u00e3o Viana de Oliveira, que reside no bairro h\u00e1 mais de 20 anos, al\u00e9m de outros populares que aproveitaram a oportunidade para apresentar reivindica\u00e7\u00f5es.<\/p>\n<p>Segundo o vereador, entre as demandas apontadas pelos mun\u00edcipes est\u00e3o a necessidade urgente de limpeza de \u00e1reas verdes, que atualmente se encontram tomadas pelo mato alto, al\u00e9m de problemas na infraestrutura vi\u00e1ria, como buracos no asfalto. Tamb\u00e9m foram relatadas falhas na ilumina\u00e7\u00e3o p\u00fablica, com diversas l\u00e2mpadas queimadas, comprometendo a seguran\u00e7a dos moradores.<\/p>\n<p>Outro ponto de preocupa\u00e7\u00e3o destacado pela popula\u00e7\u00e3o \u00e9 o excesso de velocidade de motoristas, especialmente na rua \u00c1ustria, principal via de liga\u00e7\u00e3o do bairro. Segundo os moradores, o desrespeito aos limites de velocidade aumenta o risco de acidentes e atropelamentos, sobretudo devido \u00e0 presen\u00e7a de muitas crian\u00e7as na regi\u00e3o.<\/p>\n<p>Felipe Penedo refor\u00e7ou seu compromisso em encaminhar as demandas aos setores respons\u00e1veis da Prefeitura e acompanhar as provid\u00eancias necess\u00e1rias para garantir mais seguran\u00e7a, qualidade de vida e bem-estar aos moradores do bairro Jos\u00e9 Cortez.<\/p>\n<p>Do Gabinete Parlamentar \u2013 Vereador Felipe Penedo (PL)<\/p>\n<p>*Fotos do Gabinete Parlamentar<\/p>\n<p>As mat\u00e9rias de origem dos Gabinetes Parlamentares s\u00e3o de inteira\u00a0 responsabilidade dos parlamentares e de suas assessorias. S\u00e3o devidamente assinadas e n\u00e3o refletem, necessariamente, a opini\u00e3o institucional da C\u00e2mara Municipal de Limeira.<\/p>\n<hr>\n<p><em>Fonte: <a href=\"https:\/\/www.limeira.sp.leg.br\/noticias\/view\/2026-04-08_felipe-penedo-visita-bairro-jose-cortez-e-ouve-demandas-de-municipes\" target=\"_blank\" rel=\"noopener\">C\u00e2mara Municipal de Limeira<\/a><\/em><\/p>\n","protected":false},"excerpt":{"rendered":"<p>Felipe Penedo visita bairro Jos\u00e9 Cortez e ouve demandas de mun\u00edcipes<\/p>\n<p>O vereador Felipe Penedo (PL) esteve no final da tarde desta ter\u00e7a-feira, 7 de abril, no bairro Jos\u00e9 Cortez, para acompanhar de perto as principais necessidades da comunidade local. Durante a visita, o parlamentar foi recepcionado<\/p>\n","protected":false},"author":4,"featured_media":60825,"comment_status":"","ping_status":"open","sticky":false,"template":"","format":"standard","meta":{"_jetpack_newsletter_access":"","_jetpack_dont_email_post_to_subs":false,"_jetpack_newsletter_tier_id":0,"_jetpack_memberships_contains_paywalled_content":false,"_mbp_banners":[],"_jetpack_feature_clip_id":0,"_jetpack_memberships_contains_paid_content":false,"footnotes":"","jetpack_publicize_message":"","jetpack_publicize_feature_enabled":true,"jetpack_social_post_already_shared":true,"jetpack_social_options":{"image_generator_settings":{"template":"highway","default_image_id":0,"font":"","enabled":false},"version":2},"jetpack_post_was_ever_published":false},"categories":[19],"tags":[],"class_list":["post-60826","post","type-post","status-publish","format-standard","has-post-thumbnail","category-politica"],"jetpack_publicize_connections":[],"jetpack-related-posts":[],"jetpack_shortlink":"https:\/\/wp.me\/p7Eq1F-fP4","jetpack_sharing_enabled":true,"jetpack_featured_media_url":"https:\/\/i0.wp.com\/guialimeira.com.br\/news\/wp-content\/uploads\/2026\/04\/noticia-camara-51.jpg?fit=1280%2C640&ssl=1","_links":{"self":[{"href":"https:\/\/guialimeira.com.br\/news\/wp-json\/wp\/v2\/posts\/60826","targetHints":{"allow":["GET"]}}],"collection":[{"href":"https:\/\/guialimeira.com.br\/news\/wp-json\/wp\/v2\/posts"}],"about":[{"href":"https:\/\/guialimeira.com.br\/news\/wp-json\/wp\/v2\/types\/post"}],"author":[{"embeddable":true,"href":"https:\/\/guialimeira.com.br\/news\/wp-json\/wp\/v2\/users\/4"}],"replies":[{"embeddable":true,"href":"https:\/\/guialimeira.com.br\/news\/wp-json\/wp\/v2\/comments?post=60826"}],"version-history":[{"count":0,"href":"https:\/\/guialimeira.com.br\/news\/wp-json\/wp\/v2\/posts\/60826\/revisions"}],"wp:featuredmedia":[{"embeddable":true,"href":"https:\/\/guialimeira.com.br\/news\/wp-json\/wp\/v2\/media\/60825"}],"wp:attachment":[{"href":"https:\/\/guialimeira.com.br\/news\/wp-json\/wp\/v2\/media?parent=60826"}],"wp:term":[{"taxonomy":"category","embeddable":true,"href":"https:\/\/guialimeira.com.br\/news\/wp-json\/wp\/v2\/categories?post=60826"},{"taxonomy":"post_tag","embeddable":true,"href":"https:\/\/guialimeira.com.br\/news\/wp-json\/wp\/v2\/tags?post=60826"}],"curies":[{"name":"wp","href":"https:\/\/api.w.org\/{rel}","templated":true}]}}