{"id":60821,"date":"2026-04-08T13:05:21","date_gmt":"2026-04-08T16:05:21","guid":{"rendered":"https:\/\/guialimeira.com.br\/comissao-de-orcamento-emite-parecer-favoravel-as-contas-municipais-de-2023\/"},"modified":"2026-04-08T13:05:21","modified_gmt":"2026-04-08T16:05:21","slug":"comissao-de-orcamento-emite-parecer-favoravel-as-contas-municipais-de-2023","status":"publish","type":"post","link":"https:\/\/guialimeira.com.br\/news\/comissao-de-orcamento-emite-parecer-favoravel-as-contas-municipais-de-2023\/","title":{"rendered":"Comiss\u00e3o de Or\u00e7amento emite parecer favor\u00e1vel \u00e0s contas municipais de 2023"},"content":{"rendered":"<p>Comiss\u00e3o de Or\u00e7amento emite parecer favor\u00e1vel \u00e0s contas municipais de 2023<\/p>\n<p>A Comiss\u00e3o de Or\u00e7amento, Finan\u00e7as e Contabilidade da C\u00e2mara Municipal de Limeira exarou, em reuni\u00e3o nesta quarta-feira, 8 de abril, parecer favor\u00e1vel \u00e0s contas municipais do exerc\u00edcio de 2023. Conforme o Regimento Interno, cabe agora ao presidente do Legislativo, Everton Ferreira (PSD), incluir o parecer do colegiado acompanhado do parecer pr\u00e9vio do Tribunal de Contas do Estado de S\u00e3o Paulo (TCESP) na Ordem do Dia da pr\u00f3xima sess\u00e3o ordin\u00e1ria, 13 de abril, para discuss\u00e3o e vota\u00e7\u00e3o \u00fanica.<\/p>\n<p>\u00c9 de compet\u00eancia da C\u00e2mara julgar as contas do prefeito. Para isso, antes da vota\u00e7\u00e3o em Plen\u00e1rio, a Comiss\u00e3o elabora parecer em an\u00e1lise ao parecer pr\u00e9vio do TCESP. Sobre o exerc\u00edcio de 2023, no Processo TC-004582.989.23-2, o Tribunal recomendou a aprova\u00e7\u00e3o das contas do prefeito Mario Botion. A relatoria ficou sob responsabilidade do vereador Elias Barbosa (PRTB), que emitiu o documento nos termos do art. 295, \u00a7 1\u00ba, do Regimento Interno da Casa.<\/p>\n<hr>\n<p><em>Fonte: <a href=\"https:\/\/www.limeira.sp.leg.br\/noticias\/view\/2026-04-08_comissao-de-orcamento-emite-parecer-favoravel-as-contas-municipais-de-2023\" target=\"_blank\" rel=\"noopener\">C\u00e2mara Municipal de Limeira<\/a><\/em><\/p>\n","protected":false},"excerpt":{"rendered":"<p>Comiss\u00e3o de Or\u00e7amento emite parecer favor\u00e1vel \u00e0s contas municipais de 2023<\/p>\n<p>A Comiss\u00e3o de Or\u00e7amento, Finan\u00e7as e Contabilidade da C\u00e2mara Municipal de Limeira exarou, em reuni\u00e3o nesta quarta-feira, 8 de abril, parecer favor\u00e1vel \u00e0s contas municipais do exerc\u00edcio de 2023. Conforme o Regimento Interno, c<\/p>\n","protected":false},"author":4,"featured_media":60820,"comment_status":"","ping_status":"open","sticky":false,"template":"","format":"standard","meta":{"_jetpack_newsletter_access":"","_jetpack_dont_email_post_to_subs":false,"_jetpack_newsletter_tier_id":0,"_jetpack_memberships_contains_paywalled_content":false,"_mbp_banners":[],"_jetpack_feature_clip_id":0,"_jetpack_memberships_contains_paid_content":false,"footnotes":"","jetpack_publicize_message":"","jetpack_publicize_feature_enabled":true,"jetpack_social_post_already_shared":true,"jetpack_social_options":{"image_generator_settings":{"template":"highway","default_image_id":0,"font":"","enabled":false},"version":2},"jetpack_post_was_ever_published":false},"categories":[19],"tags":[],"class_list":["post-60821","post","type-post","status-publish","format-standard","has-post-thumbnail","category-politica"],"jetpack_publicize_connections":[],"jetpack-related-posts":[],"jetpack_shortlink":"https:\/\/wp.me\/p7Eq1F-fOZ","jetpack_sharing_enabled":true,"jetpack_featured_media_url":"https:\/\/i0.wp.com\/guialimeira.com.br\/news\/wp-content\/uploads\/2026\/04\/noticia-camara-50.jpg?fit=1280%2C640&ssl=1","_links":{"self":[{"href":"https:\/\/guialimeira.com.br\/news\/wp-json\/wp\/v2\/posts\/60821","targetHints":{"allow":["GET"]}}],"collection":[{"href":"https:\/\/guialimeira.com.br\/news\/wp-json\/wp\/v2\/posts"}],"about":[{"href":"https:\/\/guialimeira.com.br\/news\/wp-json\/wp\/v2\/types\/post"}],"author":[{"embeddable":true,"href":"https:\/\/guialimeira.com.br\/news\/wp-json\/wp\/v2\/users\/4"}],"replies":[{"embeddable":true,"href":"https:\/\/guialimeira.com.br\/news\/wp-json\/wp\/v2\/comments?post=60821"}],"version-history":[{"count":0,"href":"https:\/\/guialimeira.com.br\/news\/wp-json\/wp\/v2\/posts\/60821\/revisions"}],"wp:featuredmedia":[{"embeddable":true,"href":"https:\/\/guialimeira.com.br\/news\/wp-json\/wp\/v2\/media\/60820"}],"wp:attachment":[{"href":"https:\/\/guialimeira.com.br\/news\/wp-json\/wp\/v2\/media?parent=60821"}],"wp:term":[{"taxonomy":"category","embeddable":true,"href":"https:\/\/guialimeira.com.br\/news\/wp-json\/wp\/v2\/categories?post=60821"},{"taxonomy":"post_tag","embeddable":true,"href":"https:\/\/guialimeira.com.br\/news\/wp-json\/wp\/v2\/tags?post=60821"}],"curies":[{"name":"wp","href":"https:\/\/api.w.org\/{rel}","templated":true}]}}