{"id":60742,"date":"2026-04-07T17:45:25","date_gmt":"2026-04-07T20:45:25","guid":{"rendered":"https:\/\/guialimeira.com.br\/marcia-lia-e-isabelly-carvalho-viabilizam-melhorias-na-etec-trajano-camargo\/"},"modified":"2026-04-07T17:45:25","modified_gmt":"2026-04-07T20:45:25","slug":"marcia-lia-e-isabelly-carvalho-viabilizam-melhorias-na-etec-trajano-camargo","status":"publish","type":"post","link":"https:\/\/guialimeira.com.br\/news\/marcia-lia-e-isabelly-carvalho-viabilizam-melhorias-na-etec-trajano-camargo\/","title":{"rendered":"M\u00e1rcia Lia e Isabelly Carvalho viabilizam melhorias na ETEC Trajano Camargo"},"content":{"rendered":"<p>M\u00e1rcia Lia e Isabelly Carvalho viabilizam melhorias na ETEC Trajano Camargo<\/p>\n<p>A deputada estadual M\u00e1rcia Lia (PT), em parceria com a vereadora Isabelly Carvalho (PT), destinou uma emenda no valor de R$ 120 mil para a Escola T\u00e9cnica Estadual (ETEC) Trajano Camargo, em Limeira. Segundo Isabelly, a a\u00e7\u00e3o j\u00e1 resultou em melhorias significativas na estrutura da unidade.<\/p>\n<p>Conforme relatou a vereadora, com o recurso foram realizadas a cobertura de uma \u00e1rea de conviv\u00eancia, proporcionando mais conforto e prote\u00e7\u00e3o aos estudantes, al\u00e9m da adequa\u00e7\u00e3o das instala\u00e7\u00f5es el\u00e9tricas para viabilizar o uso de aparelhos de ar-condicionado nas salas de aula.<\/p>\n<p>\u201cAs interven\u00e7\u00f5es j\u00e1 conclu\u00eddas garantem um ambiente mais adequado ao processo de ensino e aprendizagem, beneficiando diretamente alunos, professores e toda a comunidade escolar. A iniciativa refor\u00e7a o compromisso com a qualidade da educa\u00e7\u00e3o p\u00fablica e com o bem-estar dos estudantes\u201d, afirmou Isabelly.<\/p>\n<p>A deputada M\u00e1rcia Lia destacou a import\u00e2ncia de investir na estrutura das escolas: \u201cQuando melhoramos o espa\u00e7o escolar, estamos criando condi\u00e7\u00f5es mais dignas para o aprendizado e valorizando nossos jovens\u201d.<\/p>\n<p>J\u00e1 Isabelly Carvalho ressaltou o impacto direto da conquista: \u201cEsse recurso j\u00e1 est\u00e1 fazendo a diferen\u00e7a na vida dos estudantes. Seguimos trabalhando para trazer mais investimentos que transformem a realidade da nossa educa\u00e7\u00e3o em Limeira\u201d, declarou a vereadora, enfatizando que a a\u00e7\u00e3o evidencia o resultado do trabalho conjunto entre os mandatos, promovendo avan\u00e7os concretos e duradouros para a educa\u00e7\u00e3o no Munic\u00edpio.<\/p>\n<p>Do Gabinete Parlamentar \u2013 Vereadora Isabelly Carvalho (PT)<\/p>\n<p>*Fotos do Gabinete Parlamentar<\/p>\n<p>As mat\u00e9rias de origem dos Gabinetes Parlamentares s\u00e3o de inteira\u00a0 responsabilidade dos parlamentares e de suas assessorias. S\u00e3o devidamente assinadas e n\u00e3o refletem, necessariamente, a opini\u00e3o institucional da C\u00e2mara Municipal de Limeira.<\/p>\n<hr>\n<p><em>Fonte: <a href=\"https:\/\/www.limeira.sp.leg.br\/noticias\/view\/2026-04-07_marcia-lia-e-isabelly-carvalho-viabilizam-melhorias-na-etec-trajano-camargo\" target=\"_blank\" rel=\"noopener\">C\u00e2mara Municipal de Limeira<\/a><\/em><\/p>\n","protected":false},"excerpt":{"rendered":"<p>M\u00e1rcia Lia e Isabelly Carvalho viabilizam melhorias na ETEC Trajano Camargo<\/p>\n<p>A deputada estadual M\u00e1rcia Lia (PT), em parceria com a vereadora Isabelly Carvalho (PT), destinou uma emenda no valor de R$ 120 mil para a Escola T\u00e9cnica Estadual (ETEC) Trajano Camargo, em Limeira. Segundo Isabelly, a a\u00e7\u00e3o<\/p>\n","protected":false},"author":4,"featured_media":60741,"comment_status":"","ping_status":"open","sticky":false,"template":"","format":"standard","meta":{"_jetpack_newsletter_access":"","_jetpack_dont_email_post_to_subs":false,"_jetpack_newsletter_tier_id":0,"_jetpack_memberships_contains_paywalled_content":false,"_mbp_banners":[],"_jetpack_feature_clip_id":0,"_jetpack_memberships_contains_paid_content":false,"footnotes":"","jetpack_publicize_message":"","jetpack_publicize_feature_enabled":true,"jetpack_social_post_already_shared":true,"jetpack_social_options":{"image_generator_settings":{"template":"highway","default_image_id":0,"font":"","enabled":false},"version":2},"jetpack_post_was_ever_published":false},"categories":[19],"tags":[],"class_list":["post-60742","post","type-post","status-publish","format-standard","has-post-thumbnail","category-politica"],"jetpack_publicize_connections":[],"jetpack-related-posts":[],"jetpack_shortlink":"https:\/\/wp.me\/p7Eq1F-fNI","jetpack_sharing_enabled":true,"jetpack_featured_media_url":"https:\/\/i0.wp.com\/guialimeira.com.br\/news\/wp-content\/uploads\/2026\/04\/noticia-camara-48.jpg?fit=1280%2C640&ssl=1","_links":{"self":[{"href":"https:\/\/guialimeira.com.br\/news\/wp-json\/wp\/v2\/posts\/60742","targetHints":{"allow":["GET"]}}],"collection":[{"href":"https:\/\/guialimeira.com.br\/news\/wp-json\/wp\/v2\/posts"}],"about":[{"href":"https:\/\/guialimeira.com.br\/news\/wp-json\/wp\/v2\/types\/post"}],"author":[{"embeddable":true,"href":"https:\/\/guialimeira.com.br\/news\/wp-json\/wp\/v2\/users\/4"}],"replies":[{"embeddable":true,"href":"https:\/\/guialimeira.com.br\/news\/wp-json\/wp\/v2\/comments?post=60742"}],"version-history":[{"count":0,"href":"https:\/\/guialimeira.com.br\/news\/wp-json\/wp\/v2\/posts\/60742\/revisions"}],"wp:featuredmedia":[{"embeddable":true,"href":"https:\/\/guialimeira.com.br\/news\/wp-json\/wp\/v2\/media\/60741"}],"wp:attachment":[{"href":"https:\/\/guialimeira.com.br\/news\/wp-json\/wp\/v2\/media?parent=60742"}],"wp:term":[{"taxonomy":"category","embeddable":true,"href":"https:\/\/guialimeira.com.br\/news\/wp-json\/wp\/v2\/categories?post=60742"},{"taxonomy":"post_tag","embeddable":true,"href":"https:\/\/guialimeira.com.br\/news\/wp-json\/wp\/v2\/tags?post=60742"}],"curies":[{"name":"wp","href":"https:\/\/api.w.org\/{rel}","templated":true}]}}