{"id":60734,"date":"2026-04-07T17:15:24","date_gmt":"2026-04-07T20:15:24","guid":{"rendered":"https:\/\/guialimeira.com.br\/em-reuniao-comissao-de-constituicao-justica-e-redacao-analisa-quatro-proposicoes\/"},"modified":"2026-04-07T17:15:24","modified_gmt":"2026-04-07T20:15:24","slug":"em-reuniao-comissao-de-constituicao-justica-e-redacao-analisa-quatro-proposicoes","status":"publish","type":"post","link":"https:\/\/guialimeira.com.br\/news\/em-reuniao-comissao-de-constituicao-justica-e-redacao-analisa-quatro-proposicoes\/","title":{"rendered":"Em reuni\u00e3o, Comiss\u00e3o de Constitui\u00e7\u00e3o, Justi\u00e7a e Reda\u00e7\u00e3o analisa quatro proposi\u00e7\u00f5es"},"content":{"rendered":"<p>Em reuni\u00e3o, Comiss\u00e3o de Constitui\u00e7\u00e3o, Justi\u00e7a e Reda\u00e7\u00e3o analisa quatro proposi\u00e7\u00f5es<\/p>\n<p>Na reuni\u00e3o desta ter\u00e7a-feira, 7 de abril, a Comiss\u00e3o de Constitui\u00e7\u00e3o, Justi\u00e7a e Reda\u00e7\u00e3o (CCJR) analisou quatro proposituras. Todas receberam pareceres favor\u00e1veis\u00a0 e tramitam para as demais comiss\u00f5es permanentes da Casa, conforme registro em ata.<\/p>\n<p>A CCJR analisa os aspectos constitucional, legal, regimental, gramatical e l\u00f3gico de todas as proposi\u00e7\u00f5es que tramitam na C\u00e2mara. Fazem parte da Comiss\u00e3o as vereadoras Mara Isa Mattos Silveira (PL), presidente; Mariana Calsa (PSB), vice-presidente; e Joyce Dias (PSD), secret\u00e1ria.<\/p>\n<p>Confira as proposituras com pareceres favor\u00e1veis:<\/p>\n<p>Projeto de Lei N\u00ba 40\/2026, do vereador Helder do T\u00e1xi (PSD), institui e inclui no Calend\u00e1rio Oficial de Eventos do Munic\u00edpio de Limeira a festividade ao Padroeiro S\u00e3o Jos\u00e9 \u2013 Centro Rural do Pinhal, e a tradicional Romaria de Tratores (Tratorada) em sua homenagem, a serem comemoradas anualmente em mar\u00e7o.<\/p>\n<p>Projeto de Lei Complementar N\u00ba 7\/2026 + Substitutivo N\u00ba 8, dos vereadores Everton Ferreira (PSD), Waguinho da Santa Luzia (PP) e Mariana Calsa (PSB), revoga o art. 10 da Lei Complementar N\u00ba 1014\/2026, que disp\u00f5e sobre a revis\u00e3o geral anual dos vencimentos dos servidores p\u00fablicos de Limeira.<\/p>\n<p>Projeto de Lei N\u00ba 38\/2026, da Prefeitura, institui a Pol\u00edtica Municipal de Destina\u00e7\u00e3o Ambientalmente Adequada de Corpos de Animais Dom\u00e9sticos e Domestic\u00e1veis, bem como cria o Programa Municipal &#8220;Pet Anjo&#8221;.<\/p>\n<p>Emenda N\u00ba 1 ao Substitutivo N\u00ba 71\u00a0 ao Projeto de Lei N\u00ba 196\/2025, da vereadora Mara Isa Mattos Silveira (PL), institui o Programa de Conscientiza\u00e7\u00e3o e Combate \u00e0 Adultiza\u00e7\u00e3o a ser implementado pela Prefeitura, por meio das secretarias competentes.<\/p>\n<hr>\n<p><em>Fonte: <a href=\"https:\/\/www.limeira.sp.leg.br\/noticias\/view\/2026-04-07_em-reuniao-comissao-de-constituicao-justica-e-redacao-analisa-quatro-proposicoes\" target=\"_blank\" rel=\"noopener\">C\u00e2mara Municipal de Limeira<\/a><\/em><\/p>\n","protected":false},"excerpt":{"rendered":"<p>Em reuni\u00e3o, Comiss\u00e3o de Constitui\u00e7\u00e3o, Justi\u00e7a e Reda\u00e7\u00e3o analisa quatro proposi\u00e7\u00f5es<\/p>\n<p>Na reuni\u00e3o desta ter\u00e7a-feira, 7 de abril, a Comiss\u00e3o de Constitui\u00e7\u00e3o, Justi\u00e7a e Reda\u00e7\u00e3o (CCJR) analisou quatro proposituras. Todas receberam pareceres favor\u00e1veis\u00a0 e tramitam para as demais comiss\u00f5es permanentes da Ca<\/p>\n","protected":false},"author":4,"featured_media":60733,"comment_status":"","ping_status":"open","sticky":false,"template":"","format":"standard","meta":{"_jetpack_newsletter_access":"","_jetpack_dont_email_post_to_subs":false,"_jetpack_newsletter_tier_id":0,"_jetpack_memberships_contains_paywalled_content":false,"_mbp_banners":[],"_jetpack_feature_clip_id":0,"_jetpack_memberships_contains_paid_content":false,"footnotes":"","jetpack_publicize_message":"","jetpack_publicize_feature_enabled":true,"jetpack_social_post_already_shared":true,"jetpack_social_options":{"image_generator_settings":{"template":"highway","default_image_id":0,"font":"","enabled":false},"version":2},"jetpack_post_was_ever_published":false},"categories":[19],"tags":[],"class_list":["post-60734","post","type-post","status-publish","format-standard","has-post-thumbnail","category-politica"],"jetpack_publicize_connections":[],"jetpack-related-posts":[],"jetpack_shortlink":"https:\/\/wp.me\/p7Eq1F-fNA","jetpack_sharing_enabled":true,"jetpack_featured_media_url":"https:\/\/i0.wp.com\/guialimeira.com.br\/news\/wp-content\/uploads\/2026\/04\/noticia-camara-47.jpg?fit=1280%2C640&ssl=1","_links":{"self":[{"href":"https:\/\/guialimeira.com.br\/news\/wp-json\/wp\/v2\/posts\/60734","targetHints":{"allow":["GET"]}}],"collection":[{"href":"https:\/\/guialimeira.com.br\/news\/wp-json\/wp\/v2\/posts"}],"about":[{"href":"https:\/\/guialimeira.com.br\/news\/wp-json\/wp\/v2\/types\/post"}],"author":[{"embeddable":true,"href":"https:\/\/guialimeira.com.br\/news\/wp-json\/wp\/v2\/users\/4"}],"replies":[{"embeddable":true,"href":"https:\/\/guialimeira.com.br\/news\/wp-json\/wp\/v2\/comments?post=60734"}],"version-history":[{"count":0,"href":"https:\/\/guialimeira.com.br\/news\/wp-json\/wp\/v2\/posts\/60734\/revisions"}],"wp:featuredmedia":[{"embeddable":true,"href":"https:\/\/guialimeira.com.br\/news\/wp-json\/wp\/v2\/media\/60733"}],"wp:attachment":[{"href":"https:\/\/guialimeira.com.br\/news\/wp-json\/wp\/v2\/media?parent=60734"}],"wp:term":[{"taxonomy":"category","embeddable":true,"href":"https:\/\/guialimeira.com.br\/news\/wp-json\/wp\/v2\/categories?post=60734"},{"taxonomy":"post_tag","embeddable":true,"href":"https:\/\/guialimeira.com.br\/news\/wp-json\/wp\/v2\/tags?post=60734"}],"curies":[{"name":"wp","href":"https:\/\/api.w.org\/{rel}","templated":true}]}}