{"id":60722,"date":"2026-04-07T15:45:17","date_gmt":"2026-04-07T18:45:17","guid":{"rendered":"https:\/\/guialimeira.com.br\/tatiane-lopes-solicita-esclarecimentos-sobre-recolha-e-destinacao-de-cavalos-mortos-no-municipio\/"},"modified":"2026-04-07T15:45:17","modified_gmt":"2026-04-07T18:45:17","slug":"tatiane-lopes-solicita-esclarecimentos-sobre-recolha-e-destinacao-de-cavalos-mortos-no-municipio","status":"publish","type":"post","link":"https:\/\/guialimeira.com.br\/news\/tatiane-lopes-solicita-esclarecimentos-sobre-recolha-e-destinacao-de-cavalos-mortos-no-municipio\/","title":{"rendered":"Tatiane Lopes solicita esclarecimentos sobre recolha e destina\u00e7\u00e3o de cavalos mortos no Munic\u00edpio"},"content":{"rendered":"<p>Tatiane Lopes solicita esclarecimentos sobre recolha e destina\u00e7\u00e3o de cavalos mortos no Munic\u00edpio<\/p>\n<p>A vereadora Tatiane Lopes (Avante) protocolou nesta segunda-feira, 6 de abril, o Requerimento N\u00b0 280\/2026, solicitando informa\u00e7\u00f5es detalhadas \u00e0 Prefeitura sobre os procedimentos de recolha, transporte e destina\u00e7\u00e3o de corpos de cavalos e outros animais de grande porte encontrados em vias p\u00fablicas e \u00e1reas urbanas e rurais do Munic\u00edpio.<\/p>\n<p>De acordo com a vereadora, a iniciativa surgiu diante de preocupa\u00e7\u00f5es relacionadas \u00e0 sa\u00fade p\u00fablica, j\u00e1 que o descarte inadequado desses animais pode contribuir para a prolifera\u00e7\u00e3o de doen\u00e7as, al\u00e9m de causar impactos ambientais significativos, como a contamina\u00e7\u00e3o do solo e de recursos h\u00eddricos.<\/p>\n<p>Segundo Tatiane Lopes, tamb\u00e9m \u00e9 fundamental refor\u00e7ar a responsabilidade dos tutores quanto \u00e0 destina\u00e7\u00e3o correta dos animais ap\u00f3s a morte, bem como assegurar que o Poder Executivo esteja atuando de forma eficaz na fiscaliza\u00e7\u00e3o e na preven\u00e7\u00e3o de pr\u00e1ticas irregulares.<\/p>\n<p>\u201cTemos recebido relatos preocupantes da popula\u00e7\u00e3o sobre a presen\u00e7a de carca\u00e7as de cavalos em diferentes regi\u00f5es da cidade. Isso n\u00e3o \u00e9 apenas uma quest\u00e3o de bem-estar animal, mas tamb\u00e9m de sa\u00fade p\u00fablica e de respeito ao meio ambiente. Precisamos de respostas claras e a\u00e7\u00f5es efetivas\u201d, destacou Tatiane Lopes.<\/p>\n<p>No requerimento, a parlamentar questiona qual \u00f3rg\u00e3o municipal \u00e9 respons\u00e1vel pela recolha desses animais, como s\u00e3o realizados os procedimentos de remo\u00e7\u00e3o e destina\u00e7\u00e3o final, e se h\u00e1 contrata\u00e7\u00e3o de empresa terceirizada para a execu\u00e7\u00e3o do servi\u00e7o.<\/p>\n<p>Al\u00e9m disso, Tatiane Lopes busca esclarecimentos sobre as provid\u00eancias adotadas quando \u00e9 identificado o tutor respons\u00e1vel pelo descarte irregular, incluindo a aplica\u00e7\u00e3o de multas e penalidades previstas na legisla\u00e7\u00e3o municipal.<\/p>\n<p>O documento tamb\u00e9m solicita informa\u00e7\u00f5es sobre o n\u00famero de den\u00fancias registradas nos \u00faltimos 12 meses, a exist\u00eancia de fiscaliza\u00e7\u00e3o espec\u00edfica para coibir esse tipo de pr\u00e1tica e quais \u00f3rg\u00e3os s\u00e3o respons\u00e1veis por essa atua\u00e7\u00e3o.<\/p>\n<p>Outro ponto levantado pela vereadora \u00e9 a necessidade de campanhas de orienta\u00e7\u00e3o \u00e0 popula\u00e7\u00e3o e aos propriet\u00e1rios de animais de grande porte, al\u00e9m da exist\u00eancia de locais adequados e regulamentados para a destina\u00e7\u00e3o correta desses corpos.<\/p>\n<p>A vereadora destacou que o objetivo do requerimento \u00e9 garantir transpar\u00eancia, efici\u00eancia na presta\u00e7\u00e3o dos servi\u00e7os p\u00fablicos e a prote\u00e7\u00e3o da sa\u00fade coletiva e do meio ambiente.<\/p>\n<p>Do Gabinete Parlamentar \u2013 Vereadora Tatiane Lopes (Avante)<\/p>\n<p>*Fotos do Gabinete Parlamentar<\/p>\n<p>As mat\u00e9rias de origem dos Gabinetes Parlamentares s\u00e3o de inteira\u00a0 responsabilidade dos parlamentares e de suas assessorias. S\u00e3o devidamente assinadas e n\u00e3o refletem, necessariamente, a opini\u00e3o institucional da C\u00e2mara Municipal de Limeira.<\/p>\n<hr>\n<p><em>Fonte: <a href=\"https:\/\/www.limeira.sp.leg.br\/noticias\/view\/2026-04-07_tatiane-lopes-solicita-esclarecimentos-sobre-recolha-e-destinacao-de-cavalos-mortos-no-municipio\" target=\"_blank\" rel=\"noopener\">C\u00e2mara Municipal de Limeira<\/a><\/em><\/p>\n","protected":false},"excerpt":{"rendered":"<p>Tatiane Lopes solicita esclarecimentos sobre recolha e destina\u00e7\u00e3o de cavalos mortos no Munic\u00edpio<\/p>\n<p>A vereadora Tatiane Lopes (Avante) protocolou nesta segunda-feira, 6 de abril, o Requerimento N\u00b0 280\/2026, solicitando informa\u00e7\u00f5es detalhadas \u00e0 Prefeitura sobre os procedimentos de recolha, transporte e<\/p>\n","protected":false},"author":4,"featured_media":60721,"comment_status":"","ping_status":"open","sticky":false,"template":"","format":"standard","meta":{"_jetpack_newsletter_access":"","_jetpack_dont_email_post_to_subs":false,"_jetpack_newsletter_tier_id":0,"_jetpack_memberships_contains_paywalled_content":false,"_mbp_banners":[],"_jetpack_feature_clip_id":0,"_jetpack_memberships_contains_paid_content":false,"footnotes":"","jetpack_publicize_message":"","jetpack_publicize_feature_enabled":true,"jetpack_social_post_already_shared":true,"jetpack_social_options":{"image_generator_settings":{"template":"highway","default_image_id":0,"font":"","enabled":false},"version":2},"jetpack_post_was_ever_published":false},"categories":[19],"tags":[],"class_list":["post-60722","post","type-post","status-publish","format-standard","has-post-thumbnail","category-politica"],"jetpack_publicize_connections":[],"jetpack-related-posts":[],"jetpack_shortlink":"https:\/\/wp.me\/p7Eq1F-fNo","jetpack_sharing_enabled":true,"jetpack_featured_media_url":"https:\/\/i0.wp.com\/guialimeira.com.br\/news\/wp-content\/uploads\/2026\/04\/noticia-camara-46.jpg?fit=1280%2C640&ssl=1","_links":{"self":[{"href":"https:\/\/guialimeira.com.br\/news\/wp-json\/wp\/v2\/posts\/60722","targetHints":{"allow":["GET"]}}],"collection":[{"href":"https:\/\/guialimeira.com.br\/news\/wp-json\/wp\/v2\/posts"}],"about":[{"href":"https:\/\/guialimeira.com.br\/news\/wp-json\/wp\/v2\/types\/post"}],"author":[{"embeddable":true,"href":"https:\/\/guialimeira.com.br\/news\/wp-json\/wp\/v2\/users\/4"}],"replies":[{"embeddable":true,"href":"https:\/\/guialimeira.com.br\/news\/wp-json\/wp\/v2\/comments?post=60722"}],"version-history":[{"count":0,"href":"https:\/\/guialimeira.com.br\/news\/wp-json\/wp\/v2\/posts\/60722\/revisions"}],"wp:featuredmedia":[{"embeddable":true,"href":"https:\/\/guialimeira.com.br\/news\/wp-json\/wp\/v2\/media\/60721"}],"wp:attachment":[{"href":"https:\/\/guialimeira.com.br\/news\/wp-json\/wp\/v2\/media?parent=60722"}],"wp:term":[{"taxonomy":"category","embeddable":true,"href":"https:\/\/guialimeira.com.br\/news\/wp-json\/wp\/v2\/categories?post=60722"},{"taxonomy":"post_tag","embeddable":true,"href":"https:\/\/guialimeira.com.br\/news\/wp-json\/wp\/v2\/tags?post=60722"}],"curies":[{"name":"wp","href":"https:\/\/api.w.org\/{rel}","templated":true}]}}