{"id":60720,"date":"2026-04-07T15:40:20","date_gmt":"2026-04-07T18:40:20","guid":{"rendered":"https:\/\/guialimeira.com.br\/everton-ferreira-participa-de-evento-de-conscientizacao-sobre-o-autismo-em-limeira\/"},"modified":"2026-04-07T15:40:20","modified_gmt":"2026-04-07T18:40:20","slug":"everton-ferreira-participa-de-evento-de-conscientizacao-sobre-o-autismo-em-limeira","status":"publish","type":"post","link":"https:\/\/guialimeira.com.br\/news\/everton-ferreira-participa-de-evento-de-conscientizacao-sobre-o-autismo-em-limeira\/","title":{"rendered":"Everton Ferreira participa de evento de conscientiza\u00e7\u00e3o sobre o autismo em Limeira"},"content":{"rendered":"<p>Everton Ferreira participa de evento de conscientiza\u00e7\u00e3o sobre o autismo em Limeira<\/p>\n<p>O vereador Everton Ferreira (PSD) participou, na tarde do \u00faltimo s\u00e1bado, 4 de abril, da quinta edi\u00e7\u00e3o do evento em comemora\u00e7\u00e3o ao Dia Mundial da Conscientiza\u00e7\u00e3o do Autismo, realizado no Parque Cidade. A atividade reuniu fam\u00edlias, profissionais da \u00e1rea, institui\u00e7\u00f5es e moradores em uma programa\u00e7\u00e3o voltada \u00e0 informa\u00e7\u00e3o, conviv\u00eancia e fortalecimento da inclus\u00e3o.<\/p>\n<p>Segundo o vereador, a iniciativa buscou ampliar o di\u00e1logo sobre o Transtorno do Espectro Autista (TEA) e promover um espa\u00e7o de encontro entre comunidade, especialistas e fam\u00edlias, destacando a import\u00e2ncia do apoio coletivo para garantir mais qualidade de vida e participa\u00e7\u00e3o social \u00e0s pessoas autistas.<\/p>\n<p>Durante o evento, Everton conversou com fam\u00edlias, organizadores e profissionais que atuam na \u00e1rea e destacou a relev\u00e2ncia de momentos que aproximam a popula\u00e7\u00e3o do tema. \u201cQuando a cidade abre espa\u00e7o para discutir o autismo de forma aberta e acess\u00edvel, a gente ajuda a construir mais entendimento e menos barreiras no dia a dia das fam\u00edlias\u201d, afirmou.<\/p>\n<p>O vereador tamb\u00e9m ressaltou a import\u00e2ncia de iniciativas comunit\u00e1rias que contribuem para ampliar a conscientiza\u00e7\u00e3o. \u201cOuvir quem vive essa realidade \u00e9 essencial. S\u00e3o essas experi\u00eancias que mostram onde precisamos avan\u00e7ar para garantir mais inclus\u00e3o, respeito e oportunidades\u201d, destacou.<\/p>\n<p>A programa\u00e7\u00e3o integrou as a\u00e7\u00f5es de conscientiza\u00e7\u00e3o realizadas no Munic\u00edpio em alus\u00e3o \u00e0 data, que busca ampliar o conhecimento da sociedade sobre o autismo e incentivar ambientes mais acolhedores e preparados para a diversidade.<\/p>\n<p>Do Gabinete Parlamentar \u2013 Vereador Everton Ferreira (PSD)<\/p>\n<p>*Fotos do Gabinete Parlamentar<\/p>\n<p>As mat\u00e9rias de origem dos Gabinetes Parlamentares s\u00e3o de inteira\u00a0 responsabilidade dos parlamentares e de suas assessorias. S\u00e3o devidamente assinadas e n\u00e3o refletem, necessariamente, a opini\u00e3o institucional da C\u00e2mara Municipal de Limeira.<\/p>\n<hr>\n<p><em>Fonte: <a href=\"https:\/\/www.limeira.sp.leg.br\/noticias\/view\/2026-04-07_everton-ferreira-participa-de-evento-de-conscientizacao-sobre-o-autismo-em-limeira\" target=\"_blank\" rel=\"noopener\">C\u00e2mara Municipal de Limeira<\/a><\/em><\/p>\n","protected":false},"excerpt":{"rendered":"<p>Everton Ferreira participa de evento de conscientiza\u00e7\u00e3o sobre o autismo em Limeira<\/p>\n<p>O vereador Everton Ferreira (PSD) participou, na tarde do \u00faltimo s\u00e1bado, 4 de abril, da quinta edi\u00e7\u00e3o do evento em comemora\u00e7\u00e3o ao Dia Mundial da Conscientiza\u00e7\u00e3o do Autismo, realizado no Parque Cidade. A atividade reu<\/p>\n","protected":false},"author":4,"featured_media":60719,"comment_status":"","ping_status":"open","sticky":false,"template":"","format":"standard","meta":{"_jetpack_newsletter_access":"","_jetpack_dont_email_post_to_subs":false,"_jetpack_newsletter_tier_id":0,"_jetpack_memberships_contains_paywalled_content":false,"_mbp_banners":[],"_jetpack_feature_clip_id":0,"_jetpack_memberships_contains_paid_content":false,"footnotes":"","jetpack_publicize_message":"","jetpack_publicize_feature_enabled":true,"jetpack_social_post_already_shared":true,"jetpack_social_options":{"image_generator_settings":{"template":"highway","default_image_id":0,"font":"","enabled":false},"version":2},"jetpack_post_was_ever_published":false},"categories":[19],"tags":[],"class_list":["post-60720","post","type-post","status-publish","format-standard","has-post-thumbnail","category-politica"],"jetpack_publicize_connections":[],"jetpack-related-posts":[],"jetpack_shortlink":"https:\/\/wp.me\/p7Eq1F-fNm","jetpack_sharing_enabled":true,"jetpack_featured_media_url":"https:\/\/i0.wp.com\/guialimeira.com.br\/news\/wp-content\/uploads\/2026\/04\/noticia-camara-45.jpg?fit=1280%2C640&ssl=1","_links":{"self":[{"href":"https:\/\/guialimeira.com.br\/news\/wp-json\/wp\/v2\/posts\/60720","targetHints":{"allow":["GET"]}}],"collection":[{"href":"https:\/\/guialimeira.com.br\/news\/wp-json\/wp\/v2\/posts"}],"about":[{"href":"https:\/\/guialimeira.com.br\/news\/wp-json\/wp\/v2\/types\/post"}],"author":[{"embeddable":true,"href":"https:\/\/guialimeira.com.br\/news\/wp-json\/wp\/v2\/users\/4"}],"replies":[{"embeddable":true,"href":"https:\/\/guialimeira.com.br\/news\/wp-json\/wp\/v2\/comments?post=60720"}],"version-history":[{"count":0,"href":"https:\/\/guialimeira.com.br\/news\/wp-json\/wp\/v2\/posts\/60720\/revisions"}],"wp:featuredmedia":[{"embeddable":true,"href":"https:\/\/guialimeira.com.br\/news\/wp-json\/wp\/v2\/media\/60719"}],"wp:attachment":[{"href":"https:\/\/guialimeira.com.br\/news\/wp-json\/wp\/v2\/media?parent=60720"}],"wp:term":[{"taxonomy":"category","embeddable":true,"href":"https:\/\/guialimeira.com.br\/news\/wp-json\/wp\/v2\/categories?post=60720"},{"taxonomy":"post_tag","embeddable":true,"href":"https:\/\/guialimeira.com.br\/news\/wp-json\/wp\/v2\/tags?post=60720"}],"curies":[{"name":"wp","href":"https:\/\/api.w.org\/{rel}","templated":true}]}}