{"id":60714,"date":"2026-04-07T14:50:22","date_gmt":"2026-04-07T17:50:22","guid":{"rendered":"https:\/\/guialimeira.com.br\/camara-de-limeira-apoia-feirao-emprega-ja-da-acil-que-acontece-nesta-quinta-feira-9-4\/"},"modified":"2026-04-07T14:50:22","modified_gmt":"2026-04-07T17:50:22","slug":"camara-de-limeira-apoia-feirao-emprega-ja-da-acil-que-acontece-nesta-quinta-feira-9-4","status":"publish","type":"post","link":"https:\/\/guialimeira.com.br\/news\/camara-de-limeira-apoia-feirao-emprega-ja-da-acil-que-acontece-nesta-quinta-feira-9-4\/","title":{"rendered":"C\u00e2mara de Limeira apoia Feir\u00e3o Emprega J\u00e1 da Acil, que acontece nesta quinta-feira (9\/4)"},"content":{"rendered":"<p>C\u00e2mara de Limeira apoia Feir\u00e3o Emprega J\u00e1 da Acil, que acontece nesta quinta-feira (9\/4)<\/p>\n<p>Com apoio da C\u00e2mara Municipal de Limeira e da Prefeitura, a Associa\u00e7\u00e3o Comercial e Industrial de Limeira (Acil) realiza nesta quinta-feira, 9 de abril, o Feir\u00e3o Emprega J\u00e1, com mais de 150 vagas de emprego dispon\u00edveis e oportunidades de est\u00e1gio em diversos setores.<\/p>\n<p>A a\u00e7\u00e3o, que acontece na sede da Associa\u00e7\u00e3o, na rua Santa Cruz, 647, no Centro, das 9h \u00e0s 13h do dia 9 de abril, \u00e9 realizada pelo N\u00facleo de Jovens Empreendedores da Acil em parceria com o Centro das Ind\u00fastrias do Estado de S\u00e3o Paulo (Ciesp) Limeira, e promete conectar candidatos e empresas de forma direta, pr\u00e1tica e com grandes chances de contrata\u00e7\u00e3o.<\/p>\n<p>Conforme divulgado pela Acil, 26 empresas j\u00e1 est\u00e3o confirmadas, representando diversos setores da economia, como ind\u00fastria, com\u00e9rcio e presta\u00e7\u00e3o de servi\u00e7os. \u201cJuntas, elas somam mais de 150 vagas dispon\u00edveis, ampliando as oportunidades para quem deseja ingressar ou se recolocar no mercado de trabalho\u201d, destacam os organizadores da a\u00e7\u00e3o. O Feir\u00e3o tamb\u00e9m contar\u00e1 com oportunidades de est\u00e1gio, oferecendo portas de entrada para estudantes que desejam iniciar a trajet\u00f3ria profissional.<\/p>\n<p>A participa\u00e7\u00e3o \u00e9 gratuita e a orienta\u00e7\u00e3o \u00e9 que os candidatos levem curr\u00edculos atualizados, que poder\u00e3o ser entregues diretamente aos recrutadores, e estejam preparados para aproveitar as oportunidades.<\/p>\n<p>Servi\u00e7o:<\/p>\n<p>Quem: Acil, com apoio da C\u00e2mara Municipal de Limeira e da Prefeitura<\/p>\n<p>Quando: 9 de abril, das 9h \u00e0s 13h<\/p>\n<p>Onde: Sede da Acil, localizada na rua Santa Cruz, 647 \u2013 Centro de Limeira<\/p>\n<p>Vagas dispon\u00edveis:<\/p>\n<p>Agente imobili\u00e1rio<\/p>\n<p>Ajudante de pintura<\/p>\n<p>Ajudante geral<\/p>\n<p>Ajudante manuten\u00e7\u00e3o purificadores<\/p>\n<p>Almoxarife<\/p>\n<p>Analista de custos<\/p>\n<p>Analista de neg\u00f3cios de minera\u00e7\u00e3o jr<\/p>\n<p>Assistente administrativo<\/p>\n<p>Assistente comercial<\/p>\n<p>Assistente de marketing<\/p>\n<p>Assistente de pcp<\/p>\n<p>Assistente t\u00e9cnico internacional<\/p>\n<p>Atendente<\/p>\n<p>Auxiliar acabamentista<\/p>\n<p>Auxiliar administrativo<\/p>\n<p>Auxiliar de caldeiraria<\/p>\n<p>Auxiliar de ferramentaria<\/p>\n<p>Auxiliar de galvanoplastia<\/p>\n<p>Auxiliar de laborat\u00f3rio<\/p>\n<p>Auxiliar de limpeza<\/p>\n<p>Auxiliar de log\u00edstica<\/p>\n<p>Auxiliar de manuten\u00e7\u00e3o<\/p>\n<p>Auxiliar de montagem<\/p>\n<p>Auxiliar de produ\u00e7\u00e3o<\/p>\n<p>Auxiliar mec\u00e2nico<\/p>\n<p>Balconista<\/p>\n<p>Caldeireiro<\/p>\n<p>Captador de im\u00f3veis<\/p>\n<p>Comprador<\/p>\n<p>Consultor de vendas<\/p>\n<p>Cozinheira<\/p>\n<p>Dobrador<\/p>\n<p>Eletricista de manuten\u00e7\u00e3o<\/p>\n<p>Est\u00e1gio &#8211; adm<\/p>\n<p>Est\u00e1gio financeiro<\/p>\n<p>Est\u00e1gio ppcp<\/p>\n<p>Gerente de loja<\/p>\n<p>Lider de ppcp<\/p>\n<p>Marketing<\/p>\n<p>Mec\u00e2nico<\/p>\n<p>Montador<\/p>\n<p>Montador de m\u00e1quinas<\/p>\n<p>Montador e ajudante geral<\/p>\n<p>Operador de aciaria jr<\/p>\n<p>Operador de log\u00edstica<\/p>\n<p>Operador de m\u00e1quinas b<\/p>\n<p>operador de processos de pintura<\/p>\n<p>Operador de rob\u00f4 de solda<\/p>\n<p>Operador de rob\u00f4 de solda cnc<\/p>\n<p>Operador de solda<\/p>\n<p>Operador de tratamento<\/p>\n<p>Operador moldagem jr<\/p>\n<p>Operador montagem<\/p>\n<p>Pintor industrial<\/p>\n<p>Rebarbador<\/p>\n<p>Sequenciador<\/p>\n<p>Serralheiro industrial<\/p>\n<p>Soldador montador<\/p>\n<p>Tecnico metallurgico jr<\/p>\n<p>Telemarketing<\/p>\n<p>Torneiro<\/p>\n<p>Vendedor &#8211; com\u00e9rcio<\/p>\n<p>Vendedor j\u00fanior<\/p>\n<p>Vendedor material el\u00e9trico<\/p>\n<p>Vendedor(a) \u2013 ag\u00eancia de turismo<\/p>\n<p>*Com informa\u00e7\u00f5es da Associa\u00e7\u00e3o Comercial e Industrial de Limeira (Acil)<\/p>\n<hr>\n<p><em>Fonte: <a href=\"https:\/\/www.limeira.sp.leg.br\/noticias\/view\/2026-04-07_camara-de-limeira-apoia-feirao-emprega-ja-da-acil-que-acontece-nesta-quintafeira-94\" target=\"_blank\" rel=\"noopener\">C\u00e2mara Municipal de Limeira<\/a><\/em><\/p>\n","protected":false},"excerpt":{"rendered":"<p>C\u00e2mara de Limeira apoia Feir\u00e3o Emprega J\u00e1 da Acil, que acontece nesta quinta-feira (9\/4)<\/p>\n<p>Com apoio da C\u00e2mara Municipal de Limeira e da Prefeitura, a Associa\u00e7\u00e3o Comercial e Industrial de Limeira (Acil) realiza nesta quinta-feira, 9 de abril, o Feir\u00e3o Emprega J\u00e1, com mais de 150 vagas de emprego disp<\/p>\n","protected":false},"author":4,"featured_media":60713,"comment_status":"","ping_status":"open","sticky":false,"template":"","format":"standard","meta":{"_jetpack_newsletter_access":"","_jetpack_dont_email_post_to_subs":false,"_jetpack_newsletter_tier_id":0,"_jetpack_memberships_contains_paywalled_content":false,"_mbp_banners":[],"_jetpack_feature_clip_id":0,"_jetpack_memberships_contains_paid_content":false,"footnotes":"","jetpack_publicize_message":"","jetpack_publicize_feature_enabled":true,"jetpack_social_post_already_shared":true,"jetpack_social_options":{"image_generator_settings":{"template":"highway","default_image_id":0,"font":"","enabled":false},"version":2},"jetpack_post_was_ever_published":false},"categories":[19],"tags":[],"class_list":["post-60714","post","type-post","status-publish","format-standard","has-post-thumbnail","category-politica"],"jetpack_publicize_connections":[],"jetpack-related-posts":[],"jetpack_shortlink":"https:\/\/wp.me\/p7Eq1F-fNg","jetpack_sharing_enabled":true,"jetpack_featured_media_url":"https:\/\/i0.wp.com\/guialimeira.com.br\/news\/wp-content\/uploads\/2026\/04\/noticia-camara-44.jpg?fit=1280%2C640&ssl=1","_links":{"self":[{"href":"https:\/\/guialimeira.com.br\/news\/wp-json\/wp\/v2\/posts\/60714","targetHints":{"allow":["GET"]}}],"collection":[{"href":"https:\/\/guialimeira.com.br\/news\/wp-json\/wp\/v2\/posts"}],"about":[{"href":"https:\/\/guialimeira.com.br\/news\/wp-json\/wp\/v2\/types\/post"}],"author":[{"embeddable":true,"href":"https:\/\/guialimeira.com.br\/news\/wp-json\/wp\/v2\/users\/4"}],"replies":[{"embeddable":true,"href":"https:\/\/guialimeira.com.br\/news\/wp-json\/wp\/v2\/comments?post=60714"}],"version-history":[{"count":0,"href":"https:\/\/guialimeira.com.br\/news\/wp-json\/wp\/v2\/posts\/60714\/revisions"}],"wp:featuredmedia":[{"embeddable":true,"href":"https:\/\/guialimeira.com.br\/news\/wp-json\/wp\/v2\/media\/60713"}],"wp:attachment":[{"href":"https:\/\/guialimeira.com.br\/news\/wp-json\/wp\/v2\/media?parent=60714"}],"wp:term":[{"taxonomy":"category","embeddable":true,"href":"https:\/\/guialimeira.com.br\/news\/wp-json\/wp\/v2\/categories?post=60714"},{"taxonomy":"post_tag","embeddable":true,"href":"https:\/\/guialimeira.com.br\/news\/wp-json\/wp\/v2\/tags?post=60714"}],"curies":[{"name":"wp","href":"https:\/\/api.w.org\/{rel}","templated":true}]}}