{"id":60698,"date":"2026-04-07T12:15:24","date_gmt":"2026-04-07T15:15:24","guid":{"rendered":"https:\/\/guialimeira.com.br\/cpi-do-contrato-entre-a-prefeitura-e-a-hapvida-define-leitura-e-votacao-do-relatorio-final-para-12-de-maio\/"},"modified":"2026-04-07T12:15:24","modified_gmt":"2026-04-07T15:15:24","slug":"cpi-do-contrato-entre-a-prefeitura-e-a-hapvida-define-leitura-e-votacao-do-relatorio-final-para-12-de-maio","status":"publish","type":"post","link":"https:\/\/guialimeira.com.br\/news\/cpi-do-contrato-entre-a-prefeitura-e-a-hapvida-define-leitura-e-votacao-do-relatorio-final-para-12-de-maio\/","title":{"rendered":"CPI do contrato entre a Prefeitura e a Hapvida define leitura e vota\u00e7\u00e3o do relat\u00f3rio final para 12 de maio"},"content":{"rendered":"<p>CPI do contrato entre a Prefeitura e a Hapvida define leitura e vota\u00e7\u00e3o do relat\u00f3rio final para 12 de maio<\/p>\n<p>A Comiss\u00e3o Parlamentar de Inqu\u00e9rito (CPI) da C\u00e2mara Municipal de Limeira, que apura eventuais irregularidades no contrato entre a Prefeitura e o Hospital Hapvida, definiu nesta ter\u00e7a-feira, 7 de abril, o cronograma para encaminhamentos finais dos trabalhos.<\/p>\n<p>Durante a reuni\u00e3o, ficou estabelecido o prazo de 15 dias corridos para as alega\u00e7\u00f5es finais da Prefeitura e da Hapvida, contado a partir de quarta-feira, 8 de abril, at\u00e9 o dia 22 de abril. Na sequ\u00eancia, a partir de 23 de abril, ter\u00e1 in\u00edcio o prazo de 15 dias para que o relator da CPI, vereador Nilton Santos (Republicanos), elabore o relat\u00f3rio final at\u00e9 7 de maio.<\/p>\n<p>A leitura e vota\u00e7\u00e3o do relat\u00f3rio da CPI ser\u00e1 dia 12 de maio, \u00e0s 10h, no Plen\u00e1rio, com transmiss\u00e3o ao vivo nos canais de comunica\u00e7\u00e3o do Legislativo no Youtube, Facebook e site. Eventuais pareceres em apartado tamb\u00e9m podem ser protocolados.<\/p>\n<p>A presidente Isabelly Carvalho ressaltou que \u201ctodos os intervalos mencionados s\u00e3o contados de forma cont\u00ednua e corrida, n\u00e3o sofrendo interrup\u00e7\u00e3o, totalizando o ciclo processual entre 8 de abril e o desfecho final em 12 de maio de 2026\u201d, descreveu. As delibera\u00e7\u00f5es est\u00e3o registradas em ata. O v\u00eddeo da reuni\u00e3o desta semana est\u00e1 dispon\u00edvel neste link.<\/p>\n<p>O proponente da CPI, vereador Z\u00e9 da Farm\u00e1cia, ressaltou que a finalidade da investiga\u00e7\u00e3o \u00e9 garantir a qualidade constante da assist\u00eancia prestada pela Hapvida aos servidores municipais. Ele contextualizou que a Comiss\u00e3o surgiu diante da quantidade de reclama\u00e7\u00f5es sobre falhas na comunica\u00e7\u00e3o com a empresa e dificuldade apontada por usu\u00e1rios de acessarem alguns servi\u00e7os previstos no contrato.<\/p>\n<p>Sobre a CPI<\/p>\n<p>A CPI tem como objeto a investiga\u00e7\u00e3o de supostas irregularidades, falhas contratuais, neglig\u00eancias e omiss\u00f5es na presta\u00e7\u00e3o de servi\u00e7os hospitalares aos servidores conveniados. Fazem parte da CPI Isabelly Carvalho (PT), presidente; Nilton Santos (Republicanos), relator; Lu Bogo (PL), secret\u00e1ria; Z\u00e9 da Farm\u00e1cia (Solidariedade), que \u00e9 o autor do Requerimento de CPI N\u00ba 1\/2025 de instaura\u00e7\u00e3o da Comiss\u00e3o, e Joyce Dias (PSD).<\/p>\n<p>Representando o Poder Executivo estavam presentes na reuni\u00e3o desta semana os procuradores Flaviana Moreira Moretti e Paulo Roberto Barcellos.<\/p>\n<hr>\n<p><em>Fonte: <a href=\"https:\/\/www.limeira.sp.leg.br\/noticias\/view\/2026-04-07_cpi-do-contrato-entre-a-prefeitura-e-a-hapvida-define-leitura-e-votacao-do-relatorio-final-para-12-de-maio\" target=\"_blank\" rel=\"noopener\">C\u00e2mara Municipal de Limeira<\/a><\/em><\/p>\n","protected":false},"excerpt":{"rendered":"<p>CPI do contrato entre a Prefeitura e a Hapvida define leitura e vota\u00e7\u00e3o do relat\u00f3rio final para 12 de maio<\/p>\n<p>A Comiss\u00e3o Parlamentar de Inqu\u00e9rito (CPI) da C\u00e2mara Municipal de Limeira, que apura eventuais irregularidades no contrato entre a Prefeitura e o Hospital Hapvida, definiu nesta ter\u00e7a-feira, 7 <\/p>\n","protected":false},"author":4,"featured_media":60697,"comment_status":"","ping_status":"open","sticky":false,"template":"","format":"standard","meta":{"_jetpack_newsletter_access":"","_jetpack_dont_email_post_to_subs":false,"_jetpack_newsletter_tier_id":0,"_jetpack_memberships_contains_paywalled_content":false,"_mbp_banners":[],"_jetpack_feature_clip_id":0,"_jetpack_memberships_contains_paid_content":false,"footnotes":"","jetpack_publicize_message":"","jetpack_publicize_feature_enabled":true,"jetpack_social_post_already_shared":true,"jetpack_social_options":{"image_generator_settings":{"template":"highway","default_image_id":0,"font":"","enabled":false},"version":2},"jetpack_post_was_ever_published":false},"categories":[19],"tags":[],"class_list":["post-60698","post","type-post","status-publish","format-standard","has-post-thumbnail","category-politica"],"jetpack_publicize_connections":[],"jetpack-related-posts":[],"jetpack_shortlink":"https:\/\/wp.me\/p7Eq1F-fN0","jetpack_sharing_enabled":true,"jetpack_featured_media_url":"https:\/\/i0.wp.com\/guialimeira.com.br\/news\/wp-content\/uploads\/2026\/04\/noticia-camara-43.jpg?fit=1280%2C640&ssl=1","_links":{"self":[{"href":"https:\/\/guialimeira.com.br\/news\/wp-json\/wp\/v2\/posts\/60698","targetHints":{"allow":["GET"]}}],"collection":[{"href":"https:\/\/guialimeira.com.br\/news\/wp-json\/wp\/v2\/posts"}],"about":[{"href":"https:\/\/guialimeira.com.br\/news\/wp-json\/wp\/v2\/types\/post"}],"author":[{"embeddable":true,"href":"https:\/\/guialimeira.com.br\/news\/wp-json\/wp\/v2\/users\/4"}],"replies":[{"embeddable":true,"href":"https:\/\/guialimeira.com.br\/news\/wp-json\/wp\/v2\/comments?post=60698"}],"version-history":[{"count":0,"href":"https:\/\/guialimeira.com.br\/news\/wp-json\/wp\/v2\/posts\/60698\/revisions"}],"wp:featuredmedia":[{"embeddable":true,"href":"https:\/\/guialimeira.com.br\/news\/wp-json\/wp\/v2\/media\/60697"}],"wp:attachment":[{"href":"https:\/\/guialimeira.com.br\/news\/wp-json\/wp\/v2\/media?parent=60698"}],"wp:term":[{"taxonomy":"category","embeddable":true,"href":"https:\/\/guialimeira.com.br\/news\/wp-json\/wp\/v2\/categories?post=60698"},{"taxonomy":"post_tag","embeddable":true,"href":"https:\/\/guialimeira.com.br\/news\/wp-json\/wp\/v2\/tags?post=60698"}],"curies":[{"name":"wp","href":"https:\/\/api.w.org\/{rel}","templated":true}]}}