{"id":60671,"date":"2026-04-07T09:15:32","date_gmt":"2026-04-07T12:15:32","guid":{"rendered":"https:\/\/guialimeira.com.br\/sinalizacao-para-identificar-vagas-reservadas-a-motoristas-por-aplicativo-devera-ser-instalada-em-limeira\/"},"modified":"2026-04-07T09:15:32","modified_gmt":"2026-04-07T12:15:32","slug":"sinalizacao-para-identificar-vagas-reservadas-a-motoristas-por-aplicativo-devera-ser-instalada-em-limeira","status":"publish","type":"post","link":"https:\/\/guialimeira.com.br\/news\/sinalizacao-para-identificar-vagas-reservadas-a-motoristas-por-aplicativo-devera-ser-instalada-em-limeira\/","title":{"rendered":"Sinaliza\u00e7\u00e3o para identificar vagas reservadas a motoristas por aplicativo dever\u00e1 ser instalada em Limeira"},"content":{"rendered":"<p>Sinaliza\u00e7\u00e3o para identificar vagas reservadas a motoristas por aplicativo dever\u00e1 ser instalada em Limeira<\/p>\n<p>Limeira dever\u00e1 ter sinaliza\u00e7\u00e3o de vagas de embarque e desembarque de passageiros reservadas a motoristas por aplicativo. \u00c9 o que determina o Projeto de Lei N\u00ba 96\/2024, de autoria da vereadora Lu Bogo (PL), aprovado na sess\u00e3o ordin\u00e1ria desta segunda-feira, 6 de abril, por meio do Substitutivo N\u00ba 22.<\/p>\n<p>A proposta\u00a0 renumera o par\u00e1grafo \u00fanico e acrescenta o par\u00e1grafo 2\u00ba ambos no art. 1\u00ba da Lei N\u00ba 6813\/2022, que disp\u00f5e sobre a cria\u00e7\u00e3o de vagas de embarque e desembarque para motoristas que realizam o servi\u00e7o de transporte individual de passageiros oferecido e solicitado exclusivamente por aplicativos.<\/p>\n<p>A mudan\u00e7a determina que, ap\u00f3s a cria\u00e7\u00e3o da vaga de embarque e desembarque pr\u00f3ximas a terminais rodovi\u00e1rios, supermercados, shopping centers, hospitais e na \u00e1rea central da cidade, caber\u00e1 ao departamento respons\u00e1vel a coloca\u00e7\u00e3o de placa indicativa e a sinaliza\u00e7\u00e3o de solo. \u201cCom a sinaliza\u00e7\u00e3o de solo vamos dar maior visibilidade aos locais onde est\u00e3o instaladas as placas que autorizam o embarque e desembarque dos motoristas de aplicativo\u201d, justificou Lu Bogo.<\/p>\n<p>O projeto segue para aprecia\u00e7\u00e3o do prefeito Murilo F\u00e9lix (Podemos) para san\u00e7\u00e3o ou veto. Se sancionado, ser\u00e1 promulgado e publicado no Jornal Oficial do Munic\u00edpio e passa a ser lei, cabendo ao Executivo a regulamenta\u00e7\u00e3o da norma em at\u00e9 90 dias da publica\u00e7\u00e3o.<\/p>\n<hr>\n<p><em>Fonte: <a href=\"https:\/\/www.limeira.sp.leg.br\/noticias\/view\/2026-04-07_sinalizacao-para-identificar-vagas-reservadas-a-motoristas-por-aplicativo-devera-ser-instalada-em-limeira\" target=\"_blank\" rel=\"noopener\">C\u00e2mara Municipal de Limeira<\/a><\/em><\/p>\n","protected":false},"excerpt":{"rendered":"<p>Sinaliza\u00e7\u00e3o para identificar vagas reservadas a motoristas por aplicativo dever\u00e1 ser instalada em Limeira<\/p>\n<p>Limeira dever\u00e1 ter sinaliza\u00e7\u00e3o de vagas de embarque e desembarque de passageiros reservadas a motoristas por aplicativo. \u00c9 o que determina o Projeto de Lei N\u00ba 96\/2024, de autoria da vereadora L<\/p>\n","protected":false},"author":4,"featured_media":60670,"comment_status":"","ping_status":"open","sticky":false,"template":"","format":"standard","meta":{"_jetpack_newsletter_access":"","_jetpack_dont_email_post_to_subs":false,"_jetpack_newsletter_tier_id":0,"_jetpack_memberships_contains_paywalled_content":false,"_mbp_banners":[],"_jetpack_feature_clip_id":0,"_jetpack_memberships_contains_paid_content":false,"footnotes":"","jetpack_publicize_message":"","jetpack_publicize_feature_enabled":true,"jetpack_social_post_already_shared":true,"jetpack_social_options":{"image_generator_settings":{"template":"highway","default_image_id":0,"font":"","enabled":false},"version":2},"jetpack_post_was_ever_published":false},"categories":[19],"tags":[],"class_list":["post-60671","post","type-post","status-publish","format-standard","has-post-thumbnail","category-politica"],"jetpack_publicize_connections":[],"jetpack-related-posts":[],"jetpack_shortlink":"https:\/\/wp.me\/p7Eq1F-fMz","jetpack_sharing_enabled":true,"jetpack_featured_media_url":"https:\/\/i0.wp.com\/guialimeira.com.br\/news\/wp-content\/uploads\/2026\/04\/noticia-camara-40.jpg?fit=1280%2C640&ssl=1","_links":{"self":[{"href":"https:\/\/guialimeira.com.br\/news\/wp-json\/wp\/v2\/posts\/60671","targetHints":{"allow":["GET"]}}],"collection":[{"href":"https:\/\/guialimeira.com.br\/news\/wp-json\/wp\/v2\/posts"}],"about":[{"href":"https:\/\/guialimeira.com.br\/news\/wp-json\/wp\/v2\/types\/post"}],"author":[{"embeddable":true,"href":"https:\/\/guialimeira.com.br\/news\/wp-json\/wp\/v2\/users\/4"}],"replies":[{"embeddable":true,"href":"https:\/\/guialimeira.com.br\/news\/wp-json\/wp\/v2\/comments?post=60671"}],"version-history":[{"count":0,"href":"https:\/\/guialimeira.com.br\/news\/wp-json\/wp\/v2\/posts\/60671\/revisions"}],"wp:featuredmedia":[{"embeddable":true,"href":"https:\/\/guialimeira.com.br\/news\/wp-json\/wp\/v2\/media\/60670"}],"wp:attachment":[{"href":"https:\/\/guialimeira.com.br\/news\/wp-json\/wp\/v2\/media?parent=60671"}],"wp:term":[{"taxonomy":"category","embeddable":true,"href":"https:\/\/guialimeira.com.br\/news\/wp-json\/wp\/v2\/categories?post=60671"},{"taxonomy":"post_tag","embeddable":true,"href":"https:\/\/guialimeira.com.br\/news\/wp-json\/wp\/v2\/tags?post=60671"}],"curies":[{"name":"wp","href":"https:\/\/api.w.org\/{rel}","templated":true}]}}