{"id":60618,"date":"2026-04-06T18:15:24","date_gmt":"2026-04-06T21:15:24","guid":{"rendered":"https:\/\/guialimeira.com.br\/apoio-institucional-da-camara-concurso-de-redacao-e-desenho-da-ustl-tera-lancamento-na-quarta-8-4\/"},"modified":"2026-04-06T18:15:24","modified_gmt":"2026-04-06T21:15:24","slug":"apoio-institucional-da-camara-concurso-de-redacao-e-desenho-da-ustl-tera-lancamento-na-quarta-8-4","status":"publish","type":"post","link":"https:\/\/guialimeira.com.br\/news\/apoio-institucional-da-camara-concurso-de-redacao-e-desenho-da-ustl-tera-lancamento-na-quarta-8-4\/","title":{"rendered":"Apoio institucional da C\u00e2mara: Concurso de Reda\u00e7\u00e3o e Desenho da USTL ter\u00e1 lan\u00e7amento na quarta (8\/4)"},"content":{"rendered":"<p>Apoio institucional da C\u00e2mara: Concurso de Reda\u00e7\u00e3o e Desenho da USTL ter\u00e1 lan\u00e7amento na quarta (8\/4)<\/p>\n<p>H\u00e1 tr\u00eas anos, a USTL \u2013 Uni\u00e3o Sindical dos Trabalhadores de Limeira lan\u00e7ava a primeira edi\u00e7\u00e3o do concurso de reda\u00e7\u00e3o para estudantes da rede p\u00fablica de Limeira, uma iniciativa educativa ousada e aglutinadora. Foi um sucesso que se repetiu nos anos subsequentes, sempre com ades\u00e3o cada vez maior por parte de alunos, professores e diretores das escolas, e com mais pr\u00eamios, brindes e incentivos. No ano passado foram mais de 1.200 trabalhos inscritos, entre desenhos e reda\u00e7\u00f5es, com mais de 100 pr\u00eamios distribu\u00eddos.<\/p>\n<p>A edi\u00e7\u00e3o desse ano promete ser ainda maior, mais estruturada e mais importante. O lan\u00e7amento acontece na quarta-feira, dia 8, no Teatro Nair Bello, \u00e0s 15h30. Tendo como tema a viol\u00eancia contra a mulher, o concurso relembra a jovem Ingrid Correa, v\u00edtima de feminic\u00eddio em 30 de dezembro de 2024, na regi\u00e3o central de Limeira.<\/p>\n<p>\u201cSabemos que o tema \u00e9 complexo e sens\u00edvel, mas n\u00e3o podemos fugir desse debate\u201d, diz Artur Bueno J\u00fanior, idealizador do concurso e presidente da USTL. \u201cCreio que desenvolvemos um \u00f3timo material para divulga\u00e7\u00e3o, contando com o apoio de coletivos de mulheres da cidade e da participa\u00e7\u00e3o da dona Solange, m\u00e3e da Ingrid, tudo para dar seguran\u00e7a para que os professores e professoras se sintam seguros para trabalhar o tema em sala de aula. Creio que o concurso desse ano vai ser um marco para a cidade!\u201d<\/p>\n<p>Para o lan\u00e7amento, foram convidados todos os professores das redes municipais e estaduais, bem como diretores de escolas. Na ocasi\u00e3o, haver\u00e1 uma prele\u00e7\u00e3o sobre o tema, \u00e0 cargo da ex-Coordenadora da Rede Elza Tank, especialista em Pol\u00edticas P\u00fablicas e Direitos das Mulheres, Mariana Alencar.<\/p>\n<p>O concurso \u00e9 uma realiza\u00e7\u00e3o da USTL e sindicatos parceiros, com apoio da Prefeitura de Limeira atrav\u00e9s das Secretarias de Educa\u00e7\u00e3o e Cultura; da C\u00e2mara Municipal e da Escola Legislativa Paulo Freire; da URELIM \u2013 Unidade Regional de Ensino de Limeira; OAB Limeira; CPP \u2013 Centro do Professorado Paulista, subse\u00e7\u00e3o Limeira; SOLL \u2013 Sociedade Liter\u00e1ria de Limeira e ALLE \u2013 Academia Limeirense de Letras.<\/p>\n<p>*Informa\u00e7\u00f5es da Uni\u00e3o Sindical dos Trabalhadores de Limeira &#8211; USTL<\/p>\n<hr>\n<p><em>Fonte: <a href=\"https:\/\/www.limeira.sp.leg.br\/noticias\/view\/2026-04-06_apoio-institucional-da-camara-concurso-de-redacao-e-desenho-da-ustl-tera-lancamento-na-quarta-84\" target=\"_blank\" rel=\"noopener\">C\u00e2mara Municipal de Limeira<\/a><\/em><\/p>\n","protected":false},"excerpt":{"rendered":"<p>Apoio institucional da C\u00e2mara: Concurso de Reda\u00e7\u00e3o e Desenho da USTL ter\u00e1 lan\u00e7amento na quarta (8\/4)<\/p>\n<p>H\u00e1 tr\u00eas anos, a USTL \u2013 Uni\u00e3o Sindical dos Trabalhadores de Limeira lan\u00e7ava a primeira edi\u00e7\u00e3o do concurso de reda\u00e7\u00e3o para estudantes da rede p\u00fablica de Limeira, uma iniciativa educativa ousada e aglu<\/p>\n","protected":false},"author":4,"featured_media":60617,"comment_status":"","ping_status":"open","sticky":false,"template":"","format":"standard","meta":{"_jetpack_newsletter_access":"","_jetpack_dont_email_post_to_subs":false,"_jetpack_newsletter_tier_id":0,"_jetpack_memberships_contains_paywalled_content":false,"_mbp_banners":[],"_jetpack_feature_clip_id":0,"_jetpack_memberships_contains_paid_content":false,"footnotes":"","jetpack_publicize_message":"","jetpack_publicize_feature_enabled":true,"jetpack_social_post_already_shared":true,"jetpack_social_options":{"image_generator_settings":{"template":"highway","default_image_id":0,"font":"","enabled":false},"version":2},"jetpack_post_was_ever_published":false},"categories":[19],"tags":[],"class_list":["post-60618","post","type-post","status-publish","format-standard","has-post-thumbnail","category-politica"],"jetpack_publicize_connections":[],"jetpack-related-posts":[],"jetpack_shortlink":"https:\/\/wp.me\/p7Eq1F-fLI","jetpack_sharing_enabled":true,"jetpack_featured_media_url":"https:\/\/i0.wp.com\/guialimeira.com.br\/news\/wp-content\/uploads\/2026\/04\/noticia-camara-38.jpg?fit=1280%2C640&ssl=1","_links":{"self":[{"href":"https:\/\/guialimeira.com.br\/news\/wp-json\/wp\/v2\/posts\/60618","targetHints":{"allow":["GET"]}}],"collection":[{"href":"https:\/\/guialimeira.com.br\/news\/wp-json\/wp\/v2\/posts"}],"about":[{"href":"https:\/\/guialimeira.com.br\/news\/wp-json\/wp\/v2\/types\/post"}],"author":[{"embeddable":true,"href":"https:\/\/guialimeira.com.br\/news\/wp-json\/wp\/v2\/users\/4"}],"replies":[{"embeddable":true,"href":"https:\/\/guialimeira.com.br\/news\/wp-json\/wp\/v2\/comments?post=60618"}],"version-history":[{"count":0,"href":"https:\/\/guialimeira.com.br\/news\/wp-json\/wp\/v2\/posts\/60618\/revisions"}],"wp:featuredmedia":[{"embeddable":true,"href":"https:\/\/guialimeira.com.br\/news\/wp-json\/wp\/v2\/media\/60617"}],"wp:attachment":[{"href":"https:\/\/guialimeira.com.br\/news\/wp-json\/wp\/v2\/media?parent=60618"}],"wp:term":[{"taxonomy":"category","embeddable":true,"href":"https:\/\/guialimeira.com.br\/news\/wp-json\/wp\/v2\/categories?post=60618"},{"taxonomy":"post_tag","embeddable":true,"href":"https:\/\/guialimeira.com.br\/news\/wp-json\/wp\/v2\/tags?post=60618"}],"curies":[{"name":"wp","href":"https:\/\/api.w.org\/{rel}","templated":true}]}}