{"id":60591,"date":"2026-04-06T14:10:23","date_gmt":"2026-04-06T17:10:23","guid":{"rendered":"https:\/\/guialimeira.com.br\/numero-de-aparelhos-auditivos-entregues-por-meio-de-emenda-do-dr-marcelo-rossi-supera-media-anual-enviada-pelo-governo\/"},"modified":"2026-04-06T14:10:23","modified_gmt":"2026-04-06T17:10:23","slug":"numero-de-aparelhos-auditivos-entregues-por-meio-de-emenda-do-dr-marcelo-rossi-supera-media-anual-enviada-pelo-governo","status":"publish","type":"post","link":"https:\/\/guialimeira.com.br\/news\/numero-de-aparelhos-auditivos-entregues-por-meio-de-emenda-do-dr-marcelo-rossi-supera-media-anual-enviada-pelo-governo\/","title":{"rendered":"N\u00famero de aparelhos auditivos entregues por meio de emenda do Dr. Marcelo Rossi supera m\u00e9dia anual enviada pelo governo"},"content":{"rendered":"<p>N\u00famero de aparelhos auditivos entregues por meio de emenda do Dr. Marcelo Rossi supera m\u00e9dia anual enviada pelo governo<\/p>\n<p>O n\u00famero de aparelhos auditivos entregues \u00e0 popula\u00e7\u00e3o por meio da emenda impositiva de R$ 892 mil do or\u00e7amento municipal destinada pelo vereador Dr. Marcelo Rossi (MDB) superou, em apenas tr\u00eas meses, a m\u00e9dia anual enviada pelo Governo Estadual \u00e0 cidade. De acordo com o parlamentar, a a\u00e7\u00e3o iniciada em 20 de janeiro pela Prefeitura, por meio de conv\u00eanio com a Santa Casa, resultou em 127 triagens de pacientes da fila aptos a receber o acess\u00f3rio.<\/p>\n<p>Segundo o vereador, o \u00edndice j\u00e1 supera os 108 enviados por ano \u00e0 cidade, quando chegavam nove aparelhos por m\u00eas. \u201cPor isso, trabalho para zerar essa fila desde o meu primeiro mandato. Al\u00e9m de garantir um direito dos pacientes, a maioria idosos, estamos prevenindo tudo o que a falta do aparelho auditivo acarreta na vida das pessoas\u201d, enfatizou Dr. Marcelo.<\/p>\n<p>O vereador referiu-se desde a exclus\u00e3o social, quadros de isolamento e depress\u00e3o at\u00e9 o agravamento de doen\u00e7as cognitivas \u2013 como a doen\u00e7a de Alzheimer \u2013 e risco de acidentes pela falta ou audi\u00e7\u00e3o insuficiente. Para alcan\u00e7ar as 500 pessoas, o mutir\u00e3o ser\u00e1 realizado at\u00e9 outubro tamb\u00e9m aos s\u00e1bados, sendo que os pr\u00f3ximos j\u00e1 est\u00e3o agendados \u2013 25 de abril e 23 de maio. \u201c\u00c9 importante manter os contatos telef\u00f4nicos atualizados. Quem mudou o n\u00famero precisa atualizar o cadastro na Unidade B\u00e1sica de Sa\u00fade mais pr\u00f3xima para que a Secretaria de Sa\u00fade consiga de fato fazer o agendamento\u201d, orientou o parlamentar.<\/p>\n<p>Dr. Marcelo Rossi ressaltou que os pacientes interessados em receber o aparelho auditivo, que n\u00e3o estejam na fila, devem procurar a UBS de refer\u00eancia e passar pelo cl\u00ednico geral. Se constatada a necessidade, o m\u00e9dico far\u00e1 encaminhamento para o otorrinolaringologista para posterior emiss\u00e3o de laudo e entrada na fila.<\/p>\n<p>Do Gabinete Parlamentar \u2013 Vereador\u00a0 Dr. Marcelo Rossi (MDB)<\/p>\n<p>As mat\u00e9rias de origem dos Gabinetes Parlamentares s\u00e3o de inteira\u00a0 responsabilidade dos parlamentares e de suas assessorias. S\u00e3o devidamente assinadas e n\u00e3o refletem, necessariamente, a opini\u00e3o institucional da C\u00e2mara Municipal de Limeira.<\/p>\n<hr>\n<p><em>Fonte: <a href=\"https:\/\/www.limeira.sp.leg.br\/noticias\/view\/2026-04-06_numero-de-aparelhos-auditivos-entregues-por-meio-de-emenda-do-dr-marcelo-rossi-supera-media-anual-enviada-pelo-governo\" target=\"_blank\" rel=\"noopener\">C\u00e2mara Municipal de Limeira<\/a><\/em><\/p>\n","protected":false},"excerpt":{"rendered":"<p>N\u00famero de aparelhos auditivos entregues por meio de emenda do Dr. Marcelo Rossi supera m\u00e9dia anual enviada pelo governo<\/p>\n<p>O n\u00famero de aparelhos auditivos entregues \u00e0 popula\u00e7\u00e3o por meio da emenda impositiva de R$ 892 mil do or\u00e7amento municipal destinada pelo vereador Dr. Marcelo Rossi (MDB) superou, e<\/p>\n","protected":false},"author":4,"featured_media":60590,"comment_status":"","ping_status":"open","sticky":false,"template":"","format":"standard","meta":{"_jetpack_newsletter_access":"","_jetpack_dont_email_post_to_subs":false,"_jetpack_newsletter_tier_id":0,"_jetpack_memberships_contains_paywalled_content":false,"_mbp_banners":[],"_jetpack_feature_clip_id":0,"_jetpack_memberships_contains_paid_content":false,"footnotes":"","jetpack_publicize_message":"","jetpack_publicize_feature_enabled":true,"jetpack_social_post_already_shared":true,"jetpack_social_options":{"image_generator_settings":{"template":"highway","default_image_id":0,"font":"","enabled":false},"version":2},"jetpack_post_was_ever_published":false},"categories":[19],"tags":[],"class_list":["post-60591","post","type-post","status-publish","format-standard","has-post-thumbnail","category-politica"],"jetpack_publicize_connections":[],"jetpack-related-posts":[],"jetpack_shortlink":"https:\/\/wp.me\/p7Eq1F-fLh","jetpack_sharing_enabled":true,"jetpack_featured_media_url":"https:\/\/i0.wp.com\/guialimeira.com.br\/news\/wp-content\/uploads\/2026\/04\/noticia-camara-37.jpg?fit=1280%2C640&ssl=1","_links":{"self":[{"href":"https:\/\/guialimeira.com.br\/news\/wp-json\/wp\/v2\/posts\/60591","targetHints":{"allow":["GET"]}}],"collection":[{"href":"https:\/\/guialimeira.com.br\/news\/wp-json\/wp\/v2\/posts"}],"about":[{"href":"https:\/\/guialimeira.com.br\/news\/wp-json\/wp\/v2\/types\/post"}],"author":[{"embeddable":true,"href":"https:\/\/guialimeira.com.br\/news\/wp-json\/wp\/v2\/users\/4"}],"replies":[{"embeddable":true,"href":"https:\/\/guialimeira.com.br\/news\/wp-json\/wp\/v2\/comments?post=60591"}],"version-history":[{"count":0,"href":"https:\/\/guialimeira.com.br\/news\/wp-json\/wp\/v2\/posts\/60591\/revisions"}],"wp:featuredmedia":[{"embeddable":true,"href":"https:\/\/guialimeira.com.br\/news\/wp-json\/wp\/v2\/media\/60590"}],"wp:attachment":[{"href":"https:\/\/guialimeira.com.br\/news\/wp-json\/wp\/v2\/media?parent=60591"}],"wp:term":[{"taxonomy":"category","embeddable":true,"href":"https:\/\/guialimeira.com.br\/news\/wp-json\/wp\/v2\/categories?post=60591"},{"taxonomy":"post_tag","embeddable":true,"href":"https:\/\/guialimeira.com.br\/news\/wp-json\/wp\/v2\/tags?post=60591"}],"curies":[{"name":"wp","href":"https:\/\/api.w.org\/{rel}","templated":true}]}}